{"id":1148,"date":"2017-11-24T09:21:36","date_gmt":"2017-11-24T08:21:36","guid":{"rendered":"http:\/\/agora.xtec.cat\/ceip-ignasiiglesias-cornella\/?p=1148"},"modified":"2017-11-24T09:21:36","modified_gmt":"2017-11-24T08:21:36","slug":"christmas-song-6e","status":"publish","type":"post","link":"https:\/\/agora.xtec.cat\/ceip-ignasiiglesias-cornella\/primaria\/christmas-song-6e\/","title":{"rendered":"CHRISTMAS SONG 6\u00e8"},"content":{"rendered":"<p>This year we have chosen a very beatuiful song to be sung at the festival. It is not about Christmas but is about dreams and the importance of reach them. <strong>Hall of fame. <\/strong>Enjoy it!<\/p>\n<p><em>Aquest any els nois i noies de sis\u00e8 hem escollir una bonica can\u00e7\u00f3 per cantar al festival de Nadal. Malgrat no \u00e9s una nadala, \u00e9s una can\u00e7\u00f3 sobre els somnis i la import\u00e0ncia d&#8217;aconseguir-los. <strong>Hall of fame. <\/strong>Gaudiu-la!<\/em><\/p>\n<p><iframe loading=\"lazy\" title=\"The Script - Hall of Fame (Official Video) ft. will.i.am\" width=\"500\" height=\"281\" src=\"https:\/\/www.youtube.com\/embed\/mk48xRzuNvA?feature=oembed\" frameborder=\"0\" allow=\"accelerometer; autoplay; clipboard-write; encrypted-media; gyroscope; picture-in-picture; web-share\" referrerpolicy=\"strict-origin-when-cross-origin\" allowfullscreen><\/iframe><\/p>\n","protected":false},"excerpt":{"rendered":"<p>This year we have chosen a very beatuiful song to be sung at the festival. It is not about Christmas but is about dreams and the importance of reach them. Hall of fame. Enjoy it!<br \/>\nAquest any els nois i noies de sis\u00e8 hem escollir una&hellip;  <a href=\"https:\/\/agora.xtec.cat\/ceip-ignasiiglesias-cornella\/primaria\/christmas-song-6e\/\" title=\"Read CHRISTMAS SONG 6\u00e8\">Llegeix m\u00e9s\u00bb<\/a><\/p>\n","protected":false},"author":1,"featured_media":1162,"comment_status":"open","ping_status":"closed","sticky":false,"template":"","format":"standard","meta":{"_bbp_topic_count":0,"_bbp_reply_count":0,"_bbp_total_topic_count":0,"_bbp_total_reply_count":0,"_bbp_voice_count":0,"_bbp_anonymous_reply_count":0,"_bbp_topic_count_hidden":0,"_bbp_reply_count_hidden":0,"_bbp_forum_subforum_count":0,"footnotes":""},"categories":[82,14,5],"tags":[134,79,135,132,133],"class_list":["post-1148","post","type-post","status-publish","format-standard","has-post-thumbnail","hentry","category-angles","category-cicle-superior","category-primaria","tag-angles","tag-canco","tag-cicle-superior","tag-nadal","tag-sise"],"post_mailing_queue_ids":[],"_links":{"self":[{"href":"https:\/\/agora.xtec.cat\/ceip-ignasiiglesias-cornella\/wp-json\/wp\/v2\/posts\/1148","targetHints":{"allow":["GET"]}}],"collection":[{"href":"https:\/\/agora.xtec.cat\/ceip-ignasiiglesias-cornella\/wp-json\/wp\/v2\/posts"}],"about":[{"href":"https:\/\/agora.xtec.cat\/ceip-ignasiiglesias-cornella\/wp-json\/wp\/v2\/types\/post"}],"author":[{"embeddable":true,"href":"https:\/\/agora.xtec.cat\/ceip-ignasiiglesias-cornella\/wp-json\/wp\/v2\/users\/1"}],"replies":[{"embeddable":true,"href":"https:\/\/agora.xtec.cat\/ceip-ignasiiglesias-cornella\/wp-json\/wp\/v2\/comments?post=1148"}],"version-history":[{"count":2,"href":"https:\/\/agora.xtec.cat\/ceip-ignasiiglesias-cornella\/wp-json\/wp\/v2\/posts\/1148\/revisions"}],"predecessor-version":[{"id":1163,"href":"https:\/\/agora.xtec.cat\/ceip-ignasiiglesias-cornella\/wp-json\/wp\/v2\/posts\/1148\/revisions\/1163"}],"wp:featuredmedia":[{"embeddable":true,"href":"https:\/\/agora.xtec.cat\/ceip-ignasiiglesias-cornella\/wp-json\/wp\/v2\/media\/1162"}],"wp:attachment":[{"href":"https:\/\/agora.xtec.cat\/ceip-ignasiiglesias-cornella\/wp-json\/wp\/v2\/media?parent=1148"}],"wp:term":[{"taxonomy":"category","embeddable":true,"href":"https:\/\/agora.xtec.cat\/ceip-ignasiiglesias-cornella\/wp-json\/wp\/v2\/categories?post=1148"},{"taxonomy":"post_tag","embeddable":true,"href":"https:\/\/agora.xtec.cat\/ceip-ignasiiglesias-cornella\/wp-json\/wp\/v2\/tags?post=1148"}],"curies":[{"name":"wp","href":"https:\/\/api.w.org\/{rel}","templated":true}]}}