{"id":1114,"date":"2017-11-21T22:05:06","date_gmt":"2017-11-21T21:05:06","guid":{"rendered":"http:\/\/agora.xtec.cat\/ceip-ignasiiglesias-cornella\/?p=1114"},"modified":"2017-11-26T22:04:37","modified_gmt":"2017-11-26T21:04:37","slug":"taller-de-flauta-dolca-a-4t","status":"publish","type":"post","link":"https:\/\/agora.xtec.cat\/ceip-ignasiiglesias-cornella\/portada\/taller-de-flauta-dolca-a-4t\/","title":{"rendered":"4t. TALLER DE FLAUTA DOL\u00c7A"},"content":{"rendered":"<p>Avui, els nens i nenes de 4t hem fet un taller de flauta dol\u00e7a. Hem apr\u00e8s que de flautes dol\u00e7es n&#8217; hi ha de moltes mides, colors i sons! Veieu m\u00e9s fotos clicant la imatge<a href=\"https:\/\/photos.app.goo.gl\/ECeqTIFVwTz398ql1\"><img loading=\"lazy\" decoding=\"async\" class=\"aligncenter wp-image-1115 size-full\" src=\"http:\/\/agora.xtec.cat\/ceip-ignasiiglesias-cornella\/wp-content\/uploads\/usu1592\/2017\/11\/IMG_0170.jpg\" alt=\"\" width=\"296\" height=\"222\" \/><\/a><\/p>\n","protected":false},"excerpt":{"rendered":"<p>Avui, els nens i nenes de 4t hem fet un taller de flauta dol\u00e7a. Hem apr\u00e8s que de flautes dol\u00e7es n&#8217; hi ha de moltes mides, colors i sons! Veieu m\u00e9s fotos clicant la imatge<a href=\"https:\/\/photos.app.goo.gl\/ECeqTIFVwTz398ql1\"><\/a><\/p>\n","protected":false},"author":4,"featured_media":0,"comment_status":"open","ping_status":"closed","sticky":false,"template":"","format":"standard","meta":{"_bbp_topic_count":0,"_bbp_reply_count":0,"_bbp_total_topic_count":0,"_bbp_total_reply_count":0,"_bbp_voice_count":0,"_bbp_anonymous_reply_count":0,"_bbp_topic_count_hidden":0,"_bbp_reply_count_hidden":0,"_bbp_forum_subforum_count":0,"footnotes":""},"categories":[12,72,4,5],"tags":[124,123,122,125],"class_list":["post-1114","post","type-post","status-publish","format-standard","hentry","category-cicle-mitja","category-musica","category-portada","category-primaria","tag-4t","tag-dolca","tag-flauta","tag-primaria"],"post_mailing_queue_ids":[],"_links":{"self":[{"href":"https:\/\/agora.xtec.cat\/ceip-ignasiiglesias-cornella\/wp-json\/wp\/v2\/posts\/1114","targetHints":{"allow":["GET"]}}],"collection":[{"href":"https:\/\/agora.xtec.cat\/ceip-ignasiiglesias-cornella\/wp-json\/wp\/v2\/posts"}],"about":[{"href":"https:\/\/agora.xtec.cat\/ceip-ignasiiglesias-cornella\/wp-json\/wp\/v2\/types\/post"}],"author":[{"embeddable":true,"href":"https:\/\/agora.xtec.cat\/ceip-ignasiiglesias-cornella\/wp-json\/wp\/v2\/users\/4"}],"replies":[{"embeddable":true,"href":"https:\/\/agora.xtec.cat\/ceip-ignasiiglesias-cornella\/wp-json\/wp\/v2\/comments?post=1114"}],"version-history":[{"count":3,"href":"https:\/\/agora.xtec.cat\/ceip-ignasiiglesias-cornella\/wp-json\/wp\/v2\/posts\/1114\/revisions"}],"predecessor-version":[{"id":1118,"href":"https:\/\/agora.xtec.cat\/ceip-ignasiiglesias-cornella\/wp-json\/wp\/v2\/posts\/1114\/revisions\/1118"}],"wp:attachment":[{"href":"https:\/\/agora.xtec.cat\/ceip-ignasiiglesias-cornella\/wp-json\/wp\/v2\/media?parent=1114"}],"wp:term":[{"taxonomy":"category","embeddable":true,"href":"https:\/\/agora.xtec.cat\/ceip-ignasiiglesias-cornella\/wp-json\/wp\/v2\/categories?post=1114"},{"taxonomy":"post_tag","embeddable":true,"href":"https:\/\/agora.xtec.cat\/ceip-ignasiiglesias-cornella\/wp-json\/wp\/v2\/tags?post=1114"}],"curies":[{"name":"wp","href":"https:\/\/api.w.org\/{rel}","templated":true}]}}