{"id":1088,"date":"2017-11-20T18:36:44","date_gmt":"2017-11-20T17:36:44","guid":{"rendered":"http:\/\/agora.xtec.cat\/ceip-ignasiiglesias-cornella\/?p=1088"},"modified":"2017-11-21T21:53:58","modified_gmt":"2017-11-21T20:53:58","slug":"1r-taller-de-percussio","status":"publish","type":"post","link":"https:\/\/agora.xtec.cat\/ceip-ignasiiglesias-cornella\/primaria\/1r-taller-de-percussio\/","title":{"rendered":"1r TALLER DE PERCUSSI\u00d3"},"content":{"rendered":"<p>Aqu\u00ed teniu les fotos del taller de percussi\u00f3 que van gaudir els nens i nenes de 1r. No us perdeu com en som d&#8217; experts a tocar la conga!<\/p>\n<p><a href=\"https:\/\/photos.app.goo.gl\/RF6YrCBvx4ucHee82\"><img loading=\"lazy\" decoding=\"async\" class=\"aligncenter wp-image-1022 size-full\" src=\"http:\/\/agora.xtec.cat\/ceip-ignasiiglesias-cornella\/wp-content\/uploads\/usu1592\/2017\/11\/miniatura.jpg\" alt=\"\" width=\"464\" height=\"348\" \/><\/a><\/p>\n","protected":false},"excerpt":{"rendered":"<p>Aqu\u00ed teniu les fotos del taller de percussi\u00f3 que van gaudir els nens i nenes de 1r. No us perdeu com en som d&#8217; experts a tocar la conga!<br \/>\n<a href=\"https:\/\/photos.app.goo.gl\/RF6YrCBvx4ucHee82\"><\/a><\/p>\n","protected":false},"author":4,"featured_media":0,"comment_status":"open","ping_status":"closed","sticky":false,"template":"","format":"standard","meta":{"_bbp_topic_count":0,"_bbp_reply_count":0,"_bbp_total_topic_count":0,"_bbp_total_reply_count":0,"_bbp_voice_count":0,"_bbp_anonymous_reply_count":0,"_bbp_topic_count_hidden":0,"_bbp_reply_count_hidden":0,"_bbp_forum_subforum_count":0,"footnotes":""},"categories":[10,72,5],"tags":[116,114,115],"class_list":["post-1088","post","type-post","status-publish","format-standard","hentry","category-cicle-inicial","category-musica","category-primaria","tag-1r","tag-musica-harmonica-5e","tag-percussio"],"post_mailing_queue_ids":[],"_links":{"self":[{"href":"https:\/\/agora.xtec.cat\/ceip-ignasiiglesias-cornella\/wp-json\/wp\/v2\/posts\/1088","targetHints":{"allow":["GET"]}}],"collection":[{"href":"https:\/\/agora.xtec.cat\/ceip-ignasiiglesias-cornella\/wp-json\/wp\/v2\/posts"}],"about":[{"href":"https:\/\/agora.xtec.cat\/ceip-ignasiiglesias-cornella\/wp-json\/wp\/v2\/types\/post"}],"author":[{"embeddable":true,"href":"https:\/\/agora.xtec.cat\/ceip-ignasiiglesias-cornella\/wp-json\/wp\/v2\/users\/4"}],"replies":[{"embeddable":true,"href":"https:\/\/agora.xtec.cat\/ceip-ignasiiglesias-cornella\/wp-json\/wp\/v2\/comments?post=1088"}],"version-history":[{"count":1,"href":"https:\/\/agora.xtec.cat\/ceip-ignasiiglesias-cornella\/wp-json\/wp\/v2\/posts\/1088\/revisions"}],"predecessor-version":[{"id":1090,"href":"https:\/\/agora.xtec.cat\/ceip-ignasiiglesias-cornella\/wp-json\/wp\/v2\/posts\/1088\/revisions\/1090"}],"wp:attachment":[{"href":"https:\/\/agora.xtec.cat\/ceip-ignasiiglesias-cornella\/wp-json\/wp\/v2\/media?parent=1088"}],"wp:term":[{"taxonomy":"category","embeddable":true,"href":"https:\/\/agora.xtec.cat\/ceip-ignasiiglesias-cornella\/wp-json\/wp\/v2\/categories?post=1088"},{"taxonomy":"post_tag","embeddable":true,"href":"https:\/\/agora.xtec.cat\/ceip-ignasiiglesias-cornella\/wp-json\/wp\/v2\/tags?post=1088"}],"curies":[{"name":"wp","href":"https:\/\/api.w.org\/{rel}","templated":true}]}}