{"id":4288,"date":"2026-04-28T15:38:40","date_gmt":"2026-04-28T13:38:40","guid":{"rendered":"https:\/\/agora.xtec.cat\/ceip-gerbert-d-orlhac\/?p=4288"},"modified":"2026-04-28T15:38:40","modified_gmt":"2026-04-28T13:38:40","slug":"publicacio-del-numero-de-desempat-del-sorteig-de-preinscripcio-escolar-curs-2026-27","status":"publish","type":"post","link":"https:\/\/agora.xtec.cat\/ceip-gerbert-d-orlhac\/general\/publicacio-del-numero-de-desempat-del-sorteig-de-preinscripcio-escolar-curs-2026-27\/","title":{"rendered":"Publicaci\u00f3 del n\u00famero de desempat del sorteig de preinscripci\u00f3 escolar curs 2026-27"},"content":{"rendered":"\n<p>Ja s\u2019ha fet p\u00fablic el&nbsp;<strong>n\u00famero de desempat del sorteig<\/strong>&nbsp;per a la preinscripci\u00f3 escolar.<\/p>\n\n\n\n<h2 class=\"wp-block-heading\">El n\u00famero de desempat de la preinscripci\u00f3 del curs 2026-27 \u00e9s<strong>\u00a042.129<\/strong><\/h2>\n\n\n\n<p>El nombre de places disponibles a cada centre educatiu \u00e9s limitat. Si el nombre de sol\u00b7licituds presentades supera el de places ofertades, aquestes es valoren mitjan\u00e7ant un sistema de puntuaci\u00f3. En cas que diverses sol\u00b7licituds obtinguin la mateixa puntuaci\u00f3, s\u2019aplica un procediment de desempat.<\/p>\n\n\n\n<p>Aquest desempat es resol mitjan\u00e7ant un sorteig p\u00fablic.<\/p>\n\n\n\n<p><strong>Com funciona el sorteig?<\/strong><br>Totes les sol\u00b7licituds admeses al proc\u00e9s de preinscripci\u00f3 reben, de manera aleat\u00f2ria, un n\u00famero de desempat. Aquest n\u00famero s\u2019assigna un cop resoltes les possibles reclamacions i es publica en la llista de sol\u00b7licituds definitiva.<\/p>\n\n\n\n<p><strong>Si teniu cap dubte o consulta, l\u2019equip directiu i personal d\u2019administraci\u00f3 del&nbsp;<\/strong><strong>Gerbert<\/strong><strong>&nbsp;estem a la vostra disposici\u00f3 al correu del centre&nbsp;<\/strong><a href=\"mailto:a8059871@xtec.cat\">a8059871@xtec.cat<\/a><\/p>\n\n\n\n<h6 class=\"wp-block-heading\"><strong>Tel\u00e8fon: 93 583 67 13\/ 638 981 791<\/strong><\/h6>\n","protected":false},"excerpt":{"rendered":"<p>Ja s\u2019ha fet p\u00fablic el&nbsp;n\u00famero de desempat del sorteig&nbsp;per a la preinscripci\u00f3 escolar. El n\u00famero de desempat de la preinscripci\u00f3 del curs 2026-27 \u00e9s\u00a042.129 El nombre de places disponibles a cada centre educatiu \u00e9s limitat. Si el nombre de sol\u00b7licituds presentades supera el de places ofertades, aquestes es valoren mitjan\u00e7ant un sistema de puntuaci\u00f3. En [&hellip;]<\/p>\n","protected":false},"author":13,"featured_media":0,"comment_status":"open","ping_status":"open","sticky":false,"template":"","format":"standard","meta":{"_bbp_topic_count":0,"_bbp_reply_count":0,"_bbp_total_topic_count":0,"_bbp_total_reply_count":0,"_bbp_voice_count":0,"_bbp_anonymous_reply_count":0,"_bbp_topic_count_hidden":0,"_bbp_reply_count_hidden":0,"_bbp_forum_subforum_count":0,"site-sidebar-layout":"default","site-content-layout":"","ast-site-content-layout":"default","site-content-style":"default","site-sidebar-style":"default","ast-global-header-display":"","ast-banner-title-visibility":"","ast-main-header-display":"","ast-hfb-above-header-display":"","ast-hfb-below-header-display":"","ast-hfb-mobile-header-display":"","site-post-title":"","ast-breadcrumbs-content":"","ast-featured-img":"","footer-sml-layout":"","theme-transparent-header-meta":"","adv-header-id-meta":"","stick-header-meta":"","header-above-stick-meta":"","header-main-stick-meta":"","header-below-stick-meta":"","astra-migrate-meta-layouts":"set","ast-page-background-enabled":"default","ast-page-background-meta":{"desktop":{"background-color":"var(--ast-global-color-4)","background-image":"","background-repeat":"repeat","background-position":"center center","background-size":"auto","background-attachment":"scroll","background-type":"","background-media":"","overlay-type":"","overlay-color":"","overlay-opacity":"","overlay-gradient":""},"tablet":{"background-color":"","background-image":"","background-repeat":"repeat","background-position":"center center","background-size":"auto","background-attachment":"scroll","background-type":"","background-media":"","overlay-type":"","overlay-color":"","overlay-opacity":"","overlay-gradient":""},"mobile":{"background-color":"","background-image":"","background-repeat":"repeat","background-position":"center center","background-size":"auto","background-attachment":"scroll","background-type":"","background-media":"","overlay-type":"","overlay-color":"","overlay-opacity":"","overlay-gradient":""}},"ast-content-background-meta":{"desktop":{"background-color":"var(--ast-global-color-5)","background-image":"","background-repeat":"repeat","background-position":"center center","background-size":"auto","background-attachment":"scroll","background-type":"","background-media":"","overlay-type":"","overlay-color":"","overlay-opacity":"","overlay-gradient":""},"tablet":{"background-color":"var(--ast-global-color-5)","background-image":"","background-repeat":"repeat","background-position":"center center","background-size":"auto","background-attachment":"scroll","background-type":"","background-media":"","overlay-type":"","overlay-color":"","overlay-opacity":"","overlay-gradient":""},"mobile":{"background-color":"var(--ast-global-color-5)","background-image":"","background-repeat":"repeat","background-position":"center center","background-size":"auto","background-attachment":"scroll","background-type":"","background-media":"","overlay-type":"","overlay-color":"","overlay-opacity":"","overlay-gradient":""}},"footnotes":""},"categories":[1,4],"tags":[],"class_list":["post-4288","post","type-post","status-publish","format-standard","hentry","category-general","category-portada"],"post_mailing_queue_ids":[],"_links":{"self":[{"href":"https:\/\/agora.xtec.cat\/ceip-gerbert-d-orlhac\/wp-json\/wp\/v2\/posts\/4288","targetHints":{"allow":["GET"]}}],"collection":[{"href":"https:\/\/agora.xtec.cat\/ceip-gerbert-d-orlhac\/wp-json\/wp\/v2\/posts"}],"about":[{"href":"https:\/\/agora.xtec.cat\/ceip-gerbert-d-orlhac\/wp-json\/wp\/v2\/types\/post"}],"author":[{"embeddable":true,"href":"https:\/\/agora.xtec.cat\/ceip-gerbert-d-orlhac\/wp-json\/wp\/v2\/users\/13"}],"replies":[{"embeddable":true,"href":"https:\/\/agora.xtec.cat\/ceip-gerbert-d-orlhac\/wp-json\/wp\/v2\/comments?post=4288"}],"version-history":[{"count":1,"href":"https:\/\/agora.xtec.cat\/ceip-gerbert-d-orlhac\/wp-json\/wp\/v2\/posts\/4288\/revisions"}],"predecessor-version":[{"id":4289,"href":"https:\/\/agora.xtec.cat\/ceip-gerbert-d-orlhac\/wp-json\/wp\/v2\/posts\/4288\/revisions\/4289"}],"wp:attachment":[{"href":"https:\/\/agora.xtec.cat\/ceip-gerbert-d-orlhac\/wp-json\/wp\/v2\/media?parent=4288"}],"wp:term":[{"taxonomy":"category","embeddable":true,"href":"https:\/\/agora.xtec.cat\/ceip-gerbert-d-orlhac\/wp-json\/wp\/v2\/categories?post=4288"},{"taxonomy":"post_tag","embeddable":true,"href":"https:\/\/agora.xtec.cat\/ceip-gerbert-d-orlhac\/wp-json\/wp\/v2\/tags?post=4288"}],"curies":[{"name":"wp","href":"https:\/\/api.w.org\/{rel}","templated":true}]}}