{"id":6623,"date":"2026-04-19T20:18:34","date_gmt":"2026-04-19T18:18:34","guid":{"rendered":"https:\/\/agora.xtec.cat\/ceip-general-prim-reus\/?p=6623"},"modified":"2026-04-19T20:21:05","modified_gmt":"2026-04-19T18:21:05","slug":"4t-concert-de-la-clika","status":"publish","type":"post","link":"https:\/\/agora.xtec.cat\/ceip-general-prim-reus\/general\/4t-concert-de-la-clika\/","title":{"rendered":"4t: Concert de La Clika"},"content":{"rendered":"\n<p>El passat 15 d\u2019abril, l\u2019alumnat de 4t va celebrar al Teatre Bartrina el concert final de\u00a0<strong>La Clika<\/strong>, un projecte pedag\u00f2gic que va comen\u00e7ar a 2n de prim\u00e0ria on s\u2019han treballat emocions, sentiments i valors a trav\u00e9s d\u2019onze can\u00e7ons presentades per uns personatges singulars, la Mel, en Roc, el Tom\u00e0s, la Shui, l\u2019Aran, l\u2019Aissatou, la Lola, el Massin i la Reel, acompanyats de la Neu, la gosseta del Roc.<\/p>\n\n\n\n<p>A l\u2019escenari del Teatre Bartrina l\u2019alumnat ha viscut una experi\u00e8ncia inoblidable, compartint escenari amb m\u00fasics en directe. Per als infants ha estat un moment espectacular! S\u2019ho han passat molt b\u00e9, han apr\u00e8s molt i han gaudit de la m\u00fasica d\u2019una manera \u00fanica que, de ben segur, recordaran durant molt de temps!<\/p>\n\n\n\n<p>Cliqueu l&#8217;enlla\u00e7 per veure totes les fotos: <\/p>\n\n\n\n<p><a href=\"https:\/\/drive.google.com\/drive\/folders\/124L3u6_nJAKElLds_wAVXallF2ACCHcf?usp=sharing\" target=\"_blank\" rel=\"noreferrer noopener\">FOTOS LA CLIKA 4t 2026<\/a><\/p>\n","protected":false},"excerpt":{"rendered":"<p>El passat 15 d\u2019abril, l\u2019alumnat de 4t va celebrar al Teatre Bartrina el concert final de\u00a0La Clika, un projecte pedag\u00f2gic que va comen\u00e7ar a 2n de prim\u00e0ria on s\u2019han treballat emocions, sentiments i valors a trav\u00e9s d\u2019onze can\u00e7ons presentades per uns personatges singulars, la Mel, en Roc, el Tom\u00e0s, la Shui, l\u2019Aran, l\u2019Aissatou, la Lola, [&hellip;]<\/p>\n","protected":false},"author":4,"featured_media":6624,"comment_status":"open","ping_status":"open","sticky":false,"template":"","format":"standard","meta":{"_bbp_topic_count":0,"_bbp_reply_count":0,"_bbp_total_topic_count":0,"_bbp_total_reply_count":0,"_bbp_voice_count":0,"_bbp_anonymous_reply_count":0,"_bbp_topic_count_hidden":0,"_bbp_reply_count_hidden":0,"_bbp_forum_subforum_count":0,"site-sidebar-layout":"default","site-content-layout":"","ast-site-content-layout":"default","site-content-style":"default","site-sidebar-style":"default","ast-global-header-display":"","ast-banner-title-visibility":"","ast-main-header-display":"","ast-hfb-above-header-display":"","ast-hfb-below-header-display":"","ast-hfb-mobile-header-display":"","site-post-title":"","ast-breadcrumbs-content":"","ast-featured-img":"","footer-sml-layout":"","theme-transparent-header-meta":"","adv-header-id-meta":"","stick-header-meta":"","header-above-stick-meta":"","header-main-stick-meta":"","header-below-stick-meta":"","astra-migrate-meta-layouts":"set","ast-page-background-enabled":"default","ast-page-background-meta":{"desktop":{"background-color":"var(--ast-global-color-4)","background-image":"","background-repeat":"repeat","background-position":"center center","background-size":"auto","background-attachment":"scroll","background-type":"","background-media":"","overlay-type":"","overlay-color":"","overlay-opacity":"","overlay-gradient":""},"tablet":{"background-color":"","background-image":"","background-repeat":"repeat","background-position":"center center","background-size":"auto","background-attachment":"scroll","background-type":"","background-media":"","overlay-type":"","overlay-color":"","overlay-opacity":"","overlay-gradient":""},"mobile":{"background-color":"","background-image":"","background-repeat":"repeat","background-position":"center center","background-size":"auto","background-attachment":"scroll","background-type":"","background-media":"","overlay-type":"","overlay-color":"","overlay-opacity":"","overlay-gradient":""}},"ast-content-background-meta":{"desktop":{"background-color":"var(--ast-global-color-5)","background-image":"","background-repeat":"repeat","background-position":"center center","background-size":"auto","background-attachment":"scroll","background-type":"","background-media":"","overlay-type":"","overlay-color":"","overlay-opacity":"","overlay-gradient":""},"tablet":{"background-color":"var(--ast-global-color-5)","background-image":"","background-repeat":"repeat","background-position":"center center","background-size":"auto","background-attachment":"scroll","background-type":"","background-media":"","overlay-type":"","overlay-color":"","overlay-opacity":"","overlay-gradient":""},"mobile":{"background-color":"var(--ast-global-color-5)","background-image":"","background-repeat":"repeat","background-position":"center center","background-size":"auto","background-attachment":"scroll","background-type":"","background-media":"","overlay-type":"","overlay-color":"","overlay-opacity":"","overlay-gradient":""}},"footnotes":""},"categories":[13,2306,1,612,4,5,824],"tags":[94,1598,130,649,564,1773,1019,2123,569,583,51,89,79,407,1772,77,217,390,91,571,608,1256,60,1012,813],"class_list":["post-6623","post","type-post","status-publish","format-standard","has-post-thumbnail","hentry","category-4t","category-comgrans","category-general","category-musica","category-portada","category-primaria","category-xarxa-escoles-publiques","tag-activitats","tag-adnprim","tag-art","tag-canco","tag-cancons","tag-clika","tag-comunitatdelsgrans","tag-curs2025_26","tag-educacioartistica","tag-educaciomusical","tag-escola","tag-habits","tag-innovacio","tag-innovacioeducativa","tag-laclika","tag-musica","tag-participacio","tag-projectes","tag-reus","tag-ritmes","tag-totsfemescola","tag-transformaciodecentre","tag-treball-collaboratiu","tag-xarxadescolespubliquesdereus","tag-xepr"],"post_mailing_queue_ids":[],"_links":{"self":[{"href":"https:\/\/agora.xtec.cat\/ceip-general-prim-reus\/wp-json\/wp\/v2\/posts\/6623","targetHints":{"allow":["GET"]}}],"collection":[{"href":"https:\/\/agora.xtec.cat\/ceip-general-prim-reus\/wp-json\/wp\/v2\/posts"}],"about":[{"href":"https:\/\/agora.xtec.cat\/ceip-general-prim-reus\/wp-json\/wp\/v2\/types\/post"}],"author":[{"embeddable":true,"href":"https:\/\/agora.xtec.cat\/ceip-general-prim-reus\/wp-json\/wp\/v2\/users\/4"}],"replies":[{"embeddable":true,"href":"https:\/\/agora.xtec.cat\/ceip-general-prim-reus\/wp-json\/wp\/v2\/comments?post=6623"}],"version-history":[{"count":1,"href":"https:\/\/agora.xtec.cat\/ceip-general-prim-reus\/wp-json\/wp\/v2\/posts\/6623\/revisions"}],"predecessor-version":[{"id":6625,"href":"https:\/\/agora.xtec.cat\/ceip-general-prim-reus\/wp-json\/wp\/v2\/posts\/6623\/revisions\/6625"}],"wp:featuredmedia":[{"embeddable":true,"href":"https:\/\/agora.xtec.cat\/ceip-general-prim-reus\/wp-json\/wp\/v2\/media\/6624"}],"wp:attachment":[{"href":"https:\/\/agora.xtec.cat\/ceip-general-prim-reus\/wp-json\/wp\/v2\/media?parent=6623"}],"wp:term":[{"taxonomy":"category","embeddable":true,"href":"https:\/\/agora.xtec.cat\/ceip-general-prim-reus\/wp-json\/wp\/v2\/categories?post=6623"},{"taxonomy":"post_tag","embeddable":true,"href":"https:\/\/agora.xtec.cat\/ceip-general-prim-reus\/wp-json\/wp\/v2\/tags?post=6623"}],"curies":[{"name":"wp","href":"https:\/\/api.w.org\/{rel}","templated":true}]}}