{"id":6594,"date":"2026-03-26T17:36:00","date_gmt":"2026-03-26T16:36:00","guid":{"rendered":"https:\/\/agora.xtec.cat\/ceip-general-prim-reus\/?p=6594"},"modified":"2026-04-12T13:35:44","modified_gmt":"2026-04-12T11:35:44","slug":"espai-de-lectura-sobre-antoni-gaudi","status":"publish","type":"post","link":"https:\/\/agora.xtec.cat\/ceip-general-prim-reus\/general\/espai-de-lectura-sobre-antoni-gaudi\/","title":{"rendered":"Espai de lectura sobre Antoni Gaud\u00ed"},"content":{"rendered":"\n<p>Els alumnes de la Comunitat de Mitjans han gaudit de l\u2019espai que tenim al hall amb diferents propostes de llibres. En aquesta ocasi\u00f3, les lectures i activitats han estat centrades en el Modernisme i en la figura&nbsp;d\u2019Antoni&nbsp;Gaud\u00ed, ja que celebrem l\u2019Any Gaud\u00ed.<\/p>\n\n\n\n<p>A m\u00e9s, ens hem endinsat en l\u2019art de proximitat, descobrint i valorant el patrimoni cultural que tenim ben a prop, especialment a Reus, ciutat natal de Gaud\u00ed. Aquesta connexi\u00f3 amb el nostre entorn m\u00e9s proper ha fet que l\u2019aprenentatge fos encara m\u00e9s significatiu.<\/p>\n\n\n\n<p>A trav\u00e9s d\u2019aquesta proposta, els infants han pogut ampliar els seus coneixements sobre el modernisme i descobrir aspectes sorprenents de Gaud\u00ed. Tamb\u00e9 han resolt diferents reptes relacionats amb la vida i les creacions arquitect\u00f2niques, tot treballant de manera cooperativa i compartint idees amb els companys i companyes.<\/p>\n\n\n\n<p>Ha estat una estona l\u00fadica i enriquidora alhora, en qu\u00e8 han apr\u00e8s coses noves mentre gaudien de la lectura, la investigaci\u00f3, la resoluci\u00f3 de reptes i el treball en equip.<\/p>\n\n\n\n<p>Cliqueu el seg\u00fcent enlla\u00e7 i podreu veure totes les fotos:<\/p>\n\n\n\n<p><a href=\"https:\/\/drive.google.com\/drive\/folders\/1v9mC2EiVDSUyRGRJQf4ZFOrKACc9bMn8?usp=sharing\" target=\"_blank\" rel=\"noreferrer noopener\">FOTOS RAC\u00d3 DE LECTURA GAUD\u00cd<\/a><\/p>\n","protected":false},"excerpt":{"rendered":"<p>Els alumnes de la Comunitat de Mitjans han gaudit de l\u2019espai que tenim al hall amb diferents propostes de llibres. En aquesta ocasi\u00f3, les lectures i activitats han estat centrades en el Modernisme i en la figura&nbsp;d\u2019Antoni&nbsp;Gaud\u00ed, ja que celebrem l\u2019Any Gaud\u00ed. A m\u00e9s, ens hem endinsat en l\u2019art de proximitat, descobrint i valorant el [&hellip;]<\/p>\n","protected":false},"author":4,"featured_media":6595,"comment_status":"open","ping_status":"open","sticky":false,"template":"","format":"standard","meta":{"_bbp_topic_count":0,"_bbp_reply_count":0,"_bbp_total_topic_count":0,"_bbp_total_reply_count":0,"_bbp_voice_count":0,"_bbp_anonymous_reply_count":0,"_bbp_topic_count_hidden":0,"_bbp_reply_count_hidden":0,"_bbp_forum_subforum_count":0,"site-sidebar-layout":"default","site-content-layout":"","ast-site-content-layout":"default","site-content-style":"default","site-sidebar-style":"default","ast-global-header-display":"","ast-banner-title-visibility":"","ast-main-header-display":"","ast-hfb-above-header-display":"","ast-hfb-below-header-display":"","ast-hfb-mobile-header-display":"","site-post-title":"","ast-breadcrumbs-content":"","ast-featured-img":"","footer-sml-layout":"","theme-transparent-header-meta":"","adv-header-id-meta":"","stick-header-meta":"","header-above-stick-meta":"","header-main-stick-meta":"","header-below-stick-meta":"","astra-migrate-meta-layouts":"set","ast-page-background-enabled":"default","ast-page-background-meta":{"desktop":{"background-color":"var(--ast-global-color-4)","background-image":"","background-repeat":"repeat","background-position":"center center","background-size":"auto","background-attachment":"scroll","background-type":"","background-media":"","overlay-type":"","overlay-color":"","overlay-opacity":"","overlay-gradient":""},"tablet":{"background-color":"","background-image":"","background-repeat":"repeat","background-position":"center center","background-size":"auto","background-attachment":"scroll","background-type":"","background-media":"","overlay-type":"","overlay-color":"","overlay-opacity":"","overlay-gradient":""},"mobile":{"background-color":"","background-image":"","background-repeat":"repeat","background-position":"center center","background-size":"auto","background-attachment":"scroll","background-type":"","background-media":"","overlay-type":"","overlay-color":"","overlay-opacity":"","overlay-gradient":""}},"ast-content-background-meta":{"desktop":{"background-color":"var(--ast-global-color-5)","background-image":"","background-repeat":"repeat","background-position":"center center","background-size":"auto","background-attachment":"scroll","background-type":"","background-media":"","overlay-type":"","overlay-color":"","overlay-opacity":"","overlay-gradient":""},"tablet":{"background-color":"var(--ast-global-color-5)","background-image":"","background-repeat":"repeat","background-position":"center center","background-size":"auto","background-attachment":"scroll","background-type":"","background-media":"","overlay-type":"","overlay-color":"","overlay-opacity":"","overlay-gradient":""},"mobile":{"background-color":"var(--ast-global-color-5)","background-image":"","background-repeat":"repeat","background-position":"center center","background-size":"auto","background-attachment":"scroll","background-type":"","background-media":"","overlay-type":"","overlay-color":"","overlay-opacity":"","overlay-gradient":""}},"footnotes":""},"categories":[10,11,12,2305,1,4,5,824],"tags":[312,341,263,1598,2292,2217,178,999,281,2123,546,1137,1424,181,271,1327,175,2291,1061,608,811,1012,813],"class_list":["post-6594","post","type-post","status-publish","format-standard","has-post-thumbnail","hentry","category-1r","category-2n","category-3r","category-commitjans","category-general","category-portada","category-primaria","category-xarxa-escoles-publiques","tag-1r","tag-2n","tag-3r","tag-adnprim","tag-antonigaudi","tag-anygaudi","tag-biblioteca","tag-comunitatdelsmitjans","tag-contes","tag-curs2025_26","tag-elgustperlalectura","tag-ensagradallegir","tag-habitlector","tag-lectura","tag-llegim","tag-modernisme","tag-p5","tag-racodelectura","tag-recerca","tag-totsfemescola","tag-viulapublica","tag-xarxadescolespubliquesdereus","tag-xepr"],"post_mailing_queue_ids":[],"_links":{"self":[{"href":"https:\/\/agora.xtec.cat\/ceip-general-prim-reus\/wp-json\/wp\/v2\/posts\/6594","targetHints":{"allow":["GET"]}}],"collection":[{"href":"https:\/\/agora.xtec.cat\/ceip-general-prim-reus\/wp-json\/wp\/v2\/posts"}],"about":[{"href":"https:\/\/agora.xtec.cat\/ceip-general-prim-reus\/wp-json\/wp\/v2\/types\/post"}],"author":[{"embeddable":true,"href":"https:\/\/agora.xtec.cat\/ceip-general-prim-reus\/wp-json\/wp\/v2\/users\/4"}],"replies":[{"embeddable":true,"href":"https:\/\/agora.xtec.cat\/ceip-general-prim-reus\/wp-json\/wp\/v2\/comments?post=6594"}],"version-history":[{"count":1,"href":"https:\/\/agora.xtec.cat\/ceip-general-prim-reus\/wp-json\/wp\/v2\/posts\/6594\/revisions"}],"predecessor-version":[{"id":6596,"href":"https:\/\/agora.xtec.cat\/ceip-general-prim-reus\/wp-json\/wp\/v2\/posts\/6594\/revisions\/6596"}],"wp:featuredmedia":[{"embeddable":true,"href":"https:\/\/agora.xtec.cat\/ceip-general-prim-reus\/wp-json\/wp\/v2\/media\/6595"}],"wp:attachment":[{"href":"https:\/\/agora.xtec.cat\/ceip-general-prim-reus\/wp-json\/wp\/v2\/media?parent=6594"}],"wp:term":[{"taxonomy":"category","embeddable":true,"href":"https:\/\/agora.xtec.cat\/ceip-general-prim-reus\/wp-json\/wp\/v2\/categories?post=6594"},{"taxonomy":"post_tag","embeddable":true,"href":"https:\/\/agora.xtec.cat\/ceip-general-prim-reus\/wp-json\/wp\/v2\/tags?post=6594"}],"curies":[{"name":"wp","href":"https:\/\/api.w.org\/{rel}","templated":true}]}}