{"id":6404,"date":"2026-02-08T11:56:07","date_gmt":"2026-02-08T10:56:07","guid":{"rendered":"https:\/\/agora.xtec.cat\/ceip-general-prim-reus\/?p=6404"},"modified":"2026-02-08T12:00:27","modified_gmt":"2026-02-08T11:00:27","slug":"audios-del-1r-trimestre","status":"publish","type":"post","link":"https:\/\/agora.xtec.cat\/ceip-general-prim-reus\/primaria\/radio-multimedia\/audios-del-1r-trimestre\/","title":{"rendered":"\u00c0UDIOS DEL 1r TRIMESTRE"},"content":{"rendered":"<p>Benvinguts i benvingudes a l&#8217;espai art\u00edstic &#8220;R\u00e0dio i Multim\u00e8dia&#8221; de la comunitat de grans. Aqu\u00ed teniu els \u00e0udios de les not\u00edcies que hem anat preparant durant el primer trimestre. Esperem que en gaudiu!<\/p>\n<!--[if lt IE 9]><script>document.createElement('audio');<\/script><![endif]-->\n<audio class=\"wp-audio-shortcode\" id=\"audio-6404-1\" preload=\"none\" style=\"width: 100%;\" controls=\"controls\"><source type=\"audio\/mpeg\" src=\"https:\/\/agora.xtec.cat\/ceip-general-prim-reus\/wp-content\/uploads\/usu163\/2026\/02\/20-de-Novembre.mp3?_=1\" \/><a href=\"https:\/\/agora.xtec.cat\/ceip-general-prim-reus\/wp-content\/uploads\/usu163\/2026\/02\/20-de-Novembre.mp3\">https:\/\/agora.xtec.cat\/ceip-general-prim-reus\/wp-content\/uploads\/usu163\/2026\/02\/20-de-Novembre.mp3<\/a><\/audio>\n<p><span style=\"color: #ffffff;\">&#8211;<\/span><\/p>\n<audio class=\"wp-audio-shortcode\" id=\"audio-6404-2\" preload=\"none\" style=\"width: 100%;\" controls=\"controls\"><source type=\"audio\/mpeg\" src=\"https:\/\/agora.xtec.cat\/ceip-general-prim-reus\/wp-content\/uploads\/usu163\/2026\/02\/2-octubre.mp3?_=2\" \/><a href=\"https:\/\/agora.xtec.cat\/ceip-general-prim-reus\/wp-content\/uploads\/usu163\/2026\/02\/2-octubre.mp3\">https:\/\/agora.xtec.cat\/ceip-general-prim-reus\/wp-content\/uploads\/usu163\/2026\/02\/2-octubre.mp3<\/a><\/audio>\n<p><span style=\"color: #ffffff;\">&#8211;<\/span><\/p>\n<audio class=\"wp-audio-shortcode\" id=\"audio-6404-3\" preload=\"none\" style=\"width: 100%;\" controls=\"controls\"><source type=\"audio\/mpeg\" src=\"https:\/\/agora.xtec.cat\/ceip-general-prim-reus\/wp-content\/uploads\/usu163\/2026\/02\/6-de-novembre-del-2025.mp3?_=3\" \/><a href=\"https:\/\/agora.xtec.cat\/ceip-general-prim-reus\/wp-content\/uploads\/usu163\/2026\/02\/6-de-novembre-del-2025.mp3\">https:\/\/agora.xtec.cat\/ceip-general-prim-reus\/wp-content\/uploads\/usu163\/2026\/02\/6-de-novembre-del-2025.mp3<\/a><\/audio>\n<p><span style=\"color: #ffffff;\">&#8211;<\/span><\/p>\n<audio class=\"wp-audio-shortcode\" id=\"audio-6404-4\" preload=\"none\" style=\"width: 100%;\" controls=\"controls\"><source type=\"audio\/mpeg\" src=\"https:\/\/agora.xtec.cat\/ceip-general-prim-reus\/wp-content\/uploads\/usu163\/2026\/02\/9-doctubre.mp3?_=4\" \/><a href=\"https:\/\/agora.xtec.cat\/ceip-general-prim-reus\/wp-content\/uploads\/usu163\/2026\/02\/9-doctubre.mp3\">https:\/\/agora.xtec.cat\/ceip-general-prim-reus\/wp-content\/uploads\/usu163\/2026\/02\/9-doctubre.mp3<\/a><\/audio>\n<p><span style=\"color: #ffffff;\">&#8211;<\/span><\/p>\n<audio class=\"wp-audio-shortcode\" id=\"audio-6404-5\" preload=\"none\" style=\"width: 100%;\" controls=\"controls\"><source type=\"audio\/mpeg\" src=\"https:\/\/agora.xtec.cat\/ceip-general-prim-reus\/wp-content\/uploads\/usu163\/2026\/02\/16-doctubre.mp3?_=5\" \/><a href=\"https:\/\/agora.xtec.cat\/ceip-general-prim-reus\/wp-content\/uploads\/usu163\/2026\/02\/16-doctubre.mp3\">https:\/\/agora.xtec.cat\/ceip-general-prim-reus\/wp-content\/uploads\/usu163\/2026\/02\/16-doctubre.mp3<\/a><\/audio>\n<p><span style=\"color: #ffffff;\">&#8211;<\/span><\/p>\n<audio class=\"wp-audio-shortcode\" id=\"audio-6404-6\" preload=\"none\" style=\"width: 100%;\" controls=\"controls\"><source type=\"audio\/mpeg\" src=\"https:\/\/agora.xtec.cat\/ceip-general-prim-reus\/wp-content\/uploads\/usu163\/2026\/02\/23-doctubre.mp3?_=6\" \/><a href=\"https:\/\/agora.xtec.cat\/ceip-general-prim-reus\/wp-content\/uploads\/usu163\/2026\/02\/23-doctubre.mp3\">https:\/\/agora.xtec.cat\/ceip-general-prim-reus\/wp-content\/uploads\/usu163\/2026\/02\/23-doctubre.mp3<\/a><\/audio>\n<p><span style=\"color: #ffffff;\">&#8211;<\/span><\/p>\n","protected":false},"excerpt":{"rendered":"<p>Benvinguts i benvingudes a l&#8217;espai art\u00edstic &#8220;R\u00e0dio i Multim\u00e8dia&#8221; de la comunitat de grans. Aqu\u00ed teniu els \u00e0udios de les not\u00edcies que hem anat preparant durant el primer trimestre. Esperem que en gaudiu! &#8211; &#8211; &#8211; &#8211; &#8211; &#8211;<\/p>\n","protected":false},"author":4,"featured_media":6414,"comment_status":"open","ping_status":"open","sticky":false,"template":"","format":"standard","meta":{"_bbp_topic_count":0,"_bbp_reply_count":0,"_bbp_total_topic_count":0,"_bbp_total_reply_count":0,"_bbp_voice_count":0,"_bbp_anonymous_reply_count":0,"_bbp_topic_count_hidden":0,"_bbp_reply_count_hidden":0,"_bbp_forum_subforum_count":0,"site-sidebar-layout":"default","site-content-layout":"","ast-site-content-layout":"","site-content-style":"default","site-sidebar-style":"default","ast-global-header-display":"","ast-banner-title-visibility":"","ast-main-header-display":"","ast-hfb-above-header-display":"","ast-hfb-below-header-display":"","ast-hfb-mobile-header-display":"","site-post-title":"","ast-breadcrumbs-content":"","ast-featured-img":"","footer-sml-layout":"","theme-transparent-header-meta":"","adv-header-id-meta":"","stick-header-meta":"","header-above-stick-meta":"","header-main-stick-meta":"","header-below-stick-meta":"","astra-migrate-meta-layouts":"default","ast-page-background-enabled":"default","ast-page-background-meta":{"desktop":{"background-color":"var(--ast-global-color-4)","background-image":"","background-repeat":"repeat","background-position":"center center","background-size":"auto","background-attachment":"scroll","background-type":"","background-media":"","overlay-type":"","overlay-color":"","overlay-opacity":"","overlay-gradient":""},"tablet":{"background-color":"","background-image":"","background-repeat":"repeat","background-position":"center center","background-size":"auto","background-attachment":"scroll","background-type":"","background-media":"","overlay-type":"","overlay-color":"","overlay-opacity":"","overlay-gradient":""},"mobile":{"background-color":"","background-image":"","background-repeat":"repeat","background-position":"center center","background-size":"auto","background-attachment":"scroll","background-type":"","background-media":"","overlay-type":"","overlay-color":"","overlay-opacity":"","overlay-gradient":""}},"ast-content-background-meta":{"desktop":{"background-color":"var(--ast-global-color-5)","background-image":"","background-repeat":"repeat","background-position":"center center","background-size":"auto","background-attachment":"scroll","background-type":"","background-media":"","overlay-type":"","overlay-color":"","overlay-opacity":"","overlay-gradient":""},"tablet":{"background-color":"var(--ast-global-color-5)","background-image":"","background-repeat":"repeat","background-position":"center center","background-size":"auto","background-attachment":"scroll","background-type":"","background-media":"","overlay-type":"","overlay-color":"","overlay-opacity":"","overlay-gradient":""},"mobile":{"background-color":"var(--ast-global-color-5)","background-image":"","background-repeat":"repeat","background-position":"center center","background-size":"auto","background-attachment":"scroll","background-type":"","background-media":"","overlay-type":"","overlay-color":"","overlay-opacity":"","overlay-gradient":""}},"footnotes":""},"categories":[2233],"tags":[2251,1598,2234,2252,1019,2123,569,1085,1511,2250,1387,522,2248,2235,2247,2249,608],"class_list":["post-6404","post","type-post","status-publish","format-standard","has-post-thumbnail","hentry","category-radio-multimedia","tag-1rtrimestre","tag-adnprim","tag-audio","tag-audios","tag-comunitatdelsgrans","tag-curs2025_26","tag-educacioartistica","tag-enregistrament","tag-espaisartistics","tag-gravacio","tag-noticia","tag-periodisme","tag-podcast","tag-radio","tag-radioimultimedia","tag-reporter","tag-totsfemescola"],"post_mailing_queue_ids":[],"_links":{"self":[{"href":"https:\/\/agora.xtec.cat\/ceip-general-prim-reus\/wp-json\/wp\/v2\/posts\/6404","targetHints":{"allow":["GET"]}}],"collection":[{"href":"https:\/\/agora.xtec.cat\/ceip-general-prim-reus\/wp-json\/wp\/v2\/posts"}],"about":[{"href":"https:\/\/agora.xtec.cat\/ceip-general-prim-reus\/wp-json\/wp\/v2\/types\/post"}],"author":[{"embeddable":true,"href":"https:\/\/agora.xtec.cat\/ceip-general-prim-reus\/wp-json\/wp\/v2\/users\/4"}],"replies":[{"embeddable":true,"href":"https:\/\/agora.xtec.cat\/ceip-general-prim-reus\/wp-json\/wp\/v2\/comments?post=6404"}],"version-history":[{"count":3,"href":"https:\/\/agora.xtec.cat\/ceip-general-prim-reus\/wp-json\/wp\/v2\/posts\/6404\/revisions"}],"predecessor-version":[{"id":6415,"href":"https:\/\/agora.xtec.cat\/ceip-general-prim-reus\/wp-json\/wp\/v2\/posts\/6404\/revisions\/6415"}],"wp:featuredmedia":[{"embeddable":true,"href":"https:\/\/agora.xtec.cat\/ceip-general-prim-reus\/wp-json\/wp\/v2\/media\/6414"}],"wp:attachment":[{"href":"https:\/\/agora.xtec.cat\/ceip-general-prim-reus\/wp-json\/wp\/v2\/media?parent=6404"}],"wp:term":[{"taxonomy":"category","embeddable":true,"href":"https:\/\/agora.xtec.cat\/ceip-general-prim-reus\/wp-json\/wp\/v2\/categories?post=6404"},{"taxonomy":"post_tag","embeddable":true,"href":"https:\/\/agora.xtec.cat\/ceip-general-prim-reus\/wp-json\/wp\/v2\/tags?post=6404"}],"curies":[{"name":"wp","href":"https:\/\/api.w.org\/{rel}","templated":true}]}}