{"id":6376,"date":"2026-02-08T10:08:08","date_gmt":"2026-02-08T09:08:08","guid":{"rendered":"https:\/\/agora.xtec.cat\/ceip-general-prim-reus\/?p=6376"},"modified":"2026-02-08T10:08:08","modified_gmt":"2026-02-08T09:08:08","slug":"agrupaciones-escolares-visitem-dues-escoles-de-madrid","status":"publish","type":"post","link":"https:\/\/agora.xtec.cat\/ceip-general-prim-reus\/general\/agrupaciones-escolares-visitem-dues-escoles-de-madrid\/","title":{"rendered":"AGRUPACIONES ESCOLARES: VISITEM DUES ESCOLES DE MADRID"},"content":{"rendered":"<p>\ud83d\udcda\u2708\ufe0f Aquesta setmana hem realitzat la Mobilitat del projecte d\u2019agrupaciones escolares.<br \/>\nHem tingut el plaer de visitar les escoles SAFA Trilema i Santo Domingo a Madrid dins del projecte amb l\u2019Escola Federico Garc\u00eda Lorca de Jerez, l\u2019Escola Atalaya de Cartagena i l\u2019Escola Gabriel Duque de La Palma.<br \/>\nUna estat una experi\u00e8ncia enriquidora per compartir metodologies, aprendre junts i refor\u00e7ar vincles entre comunitats educatives que aposten per una educaci\u00f3 oberta, col\u00b7laborativa i transformadora \ud83e\udd1d\ud83c\udf0d<br \/>\nGr\u00e0cies per l\u2019acollida i per fer possible aquest intercanvi tan inspirador!<\/p>\n<p><img loading=\"lazy\" decoding=\"async\" class=\"aligncenter size-full wp-image-6377\" src=\"https:\/\/agora.xtec.cat\/ceip-general-prim-reus\/wp-content\/uploads\/usu163\/2026\/02\/WhatsApp-Image-2026-02-08-at-08.35.46.jpeg\" alt=\"\" width=\"1080\" height=\"796\" srcset=\"https:\/\/agora.xtec.cat\/ceip-general-prim-reus\/wp-content\/uploads\/usu163\/2026\/02\/WhatsApp-Image-2026-02-08-at-08.35.46.jpeg 1080w, https:\/\/agora.xtec.cat\/ceip-general-prim-reus\/wp-content\/uploads\/usu163\/2026\/02\/WhatsApp-Image-2026-02-08-at-08.35.46-300x221.jpeg 300w, https:\/\/agora.xtec.cat\/ceip-general-prim-reus\/wp-content\/uploads\/usu163\/2026\/02\/WhatsApp-Image-2026-02-08-at-08.35.46-1024x755.jpeg 1024w, https:\/\/agora.xtec.cat\/ceip-general-prim-reus\/wp-content\/uploads\/usu163\/2026\/02\/WhatsApp-Image-2026-02-08-at-08.35.46-768x566.jpeg 768w\" sizes=\"auto, (max-width: 1080px) 100vw, 1080px\" \/> <img loading=\"lazy\" decoding=\"async\" class=\"aligncenter size-full wp-image-6378\" src=\"https:\/\/agora.xtec.cat\/ceip-general-prim-reus\/wp-content\/uploads\/usu163\/2026\/02\/WhatsApp-Image-2026-02-08-at-08.35.47-1.jpeg\" alt=\"\" width=\"1080\" height=\"789\" srcset=\"https:\/\/agora.xtec.cat\/ceip-general-prim-reus\/wp-content\/uploads\/usu163\/2026\/02\/WhatsApp-Image-2026-02-08-at-08.35.47-1.jpeg 1080w, https:\/\/agora.xtec.cat\/ceip-general-prim-reus\/wp-content\/uploads\/usu163\/2026\/02\/WhatsApp-Image-2026-02-08-at-08.35.47-1-300x219.jpeg 300w, https:\/\/agora.xtec.cat\/ceip-general-prim-reus\/wp-content\/uploads\/usu163\/2026\/02\/WhatsApp-Image-2026-02-08-at-08.35.47-1-1024x748.jpeg 1024w, https:\/\/agora.xtec.cat\/ceip-general-prim-reus\/wp-content\/uploads\/usu163\/2026\/02\/WhatsApp-Image-2026-02-08-at-08.35.47-1-768x561.jpeg 768w\" sizes=\"auto, (max-width: 1080px) 100vw, 1080px\" \/> <img loading=\"lazy\" decoding=\"async\" class=\"aligncenter size-full wp-image-6379\" src=\"https:\/\/agora.xtec.cat\/ceip-general-prim-reus\/wp-content\/uploads\/usu163\/2026\/02\/WhatsApp-Image-2026-02-08-at-08.35.47.jpeg\" alt=\"\" width=\"1080\" height=\"795\" srcset=\"https:\/\/agora.xtec.cat\/ceip-general-prim-reus\/wp-content\/uploads\/usu163\/2026\/02\/WhatsApp-Image-2026-02-08-at-08.35.47.jpeg 1080w, https:\/\/agora.xtec.cat\/ceip-general-prim-reus\/wp-content\/uploads\/usu163\/2026\/02\/WhatsApp-Image-2026-02-08-at-08.35.47-300x221.jpeg 300w, https:\/\/agora.xtec.cat\/ceip-general-prim-reus\/wp-content\/uploads\/usu163\/2026\/02\/WhatsApp-Image-2026-02-08-at-08.35.47-1024x754.jpeg 1024w, https:\/\/agora.xtec.cat\/ceip-general-prim-reus\/wp-content\/uploads\/usu163\/2026\/02\/WhatsApp-Image-2026-02-08-at-08.35.47-768x565.jpeg 768w\" sizes=\"auto, (max-width: 1080px) 100vw, 1080px\" \/><\/p>\n","protected":false},"excerpt":{"rendered":"<p>\ud83d\udcda\u2708\ufe0f Aquesta setmana hem realitzat la Mobilitat del projecte d\u2019agrupaciones escolares. Hem tingut el plaer de visitar les escoles SAFA Trilema i Santo Domingo a Madrid dins del projecte amb l\u2019Escola Federico Garc\u00eda Lorca de Jerez, l\u2019Escola Atalaya de Cartagena i l\u2019Escola Gabriel Duque de La Palma. Una estat una experi\u00e8ncia enriquidora per compartir metodologies, [&hellip;]<\/p>\n","protected":false},"author":4,"featured_media":6379,"comment_status":"open","ping_status":"open","sticky":false,"template":"","format":"standard","meta":{"_bbp_topic_count":0,"_bbp_reply_count":0,"_bbp_total_topic_count":0,"_bbp_total_reply_count":0,"_bbp_voice_count":0,"_bbp_anonymous_reply_count":0,"_bbp_topic_count_hidden":0,"_bbp_reply_count_hidden":0,"_bbp_forum_subforum_count":0,"site-sidebar-layout":"default","site-content-layout":"","ast-site-content-layout":"","site-content-style":"default","site-sidebar-style":"default","ast-global-header-display":"","ast-banner-title-visibility":"","ast-main-header-display":"","ast-hfb-above-header-display":"","ast-hfb-below-header-display":"","ast-hfb-mobile-header-display":"","site-post-title":"","ast-breadcrumbs-content":"","ast-featured-img":"","footer-sml-layout":"","theme-transparent-header-meta":"","adv-header-id-meta":"","stick-header-meta":"","header-above-stick-meta":"","header-main-stick-meta":"","header-below-stick-meta":"","astra-migrate-meta-layouts":"default","ast-page-background-enabled":"default","ast-page-background-meta":{"desktop":{"background-color":"var(--ast-global-color-4)","background-image":"","background-repeat":"repeat","background-position":"center center","background-size":"auto","background-attachment":"scroll","background-type":"","background-media":"","overlay-type":"","overlay-color":"","overlay-opacity":"","overlay-gradient":""},"tablet":{"background-color":"","background-image":"","background-repeat":"repeat","background-position":"center center","background-size":"auto","background-attachment":"scroll","background-type":"","background-media":"","overlay-type":"","overlay-color":"","overlay-opacity":"","overlay-gradient":""},"mobile":{"background-color":"","background-image":"","background-repeat":"repeat","background-position":"center center","background-size":"auto","background-attachment":"scroll","background-type":"","background-media":"","overlay-type":"","overlay-color":"","overlay-opacity":"","overlay-gradient":""}},"ast-content-background-meta":{"desktop":{"background-color":"var(--ast-global-color-5)","background-image":"","background-repeat":"repeat","background-position":"center center","background-size":"auto","background-attachment":"scroll","background-type":"","background-media":"","overlay-type":"","overlay-color":"","overlay-opacity":"","overlay-gradient":""},"tablet":{"background-color":"var(--ast-global-color-5)","background-image":"","background-repeat":"repeat","background-position":"center center","background-size":"auto","background-attachment":"scroll","background-type":"","background-media":"","overlay-type":"","overlay-color":"","overlay-opacity":"","overlay-gradient":""},"mobile":{"background-color":"var(--ast-global-color-5)","background-image":"","background-repeat":"repeat","background-position":"center center","background-size":"auto","background-attachment":"scroll","background-type":"","background-media":"","overlay-type":"","overlay-color":"","overlay-opacity":"","overlay-gradient":""}},"footnotes":""},"categories":[1,2,4,5,824],"tags":[1598,1965,2225,1963,2028,2230,2229,2228,2123,2029,700,1962,1961,79,2231,2224,2226,2227,608,1256,1248,2027],"class_list":["post-6376","post","type-post","status-publish","format-standard","has-post-thumbnail","hentry","category-general","category-infantil","category-portada","category-primaria","category-xarxa-escoles-publiques","tag-adnprim","tag-agrupacionesescolares","tag-agrupacionsescolars","tag-aprendrejugant","tag-aprenentatgeactiu","tag-ceip_gabriel_duque_acosta","tag-ceip-atalaya","tag-colegio_lorcajerez","tag-curs2025_26","tag-docentsenaccio","tag-educacio","tag-educacioinclusiva","tag-espaciosinclusivosconciencia","tag-innovacio","tag-madrid","tag-mobilitatescolar","tag-safatrilema","tag-santodomingo","tag-totsfemescola","tag-transformaciodecentre","tag-transformacioeducativa","tag-visitespedagogiques"],"post_mailing_queue_ids":[],"_links":{"self":[{"href":"https:\/\/agora.xtec.cat\/ceip-general-prim-reus\/wp-json\/wp\/v2\/posts\/6376","targetHints":{"allow":["GET"]}}],"collection":[{"href":"https:\/\/agora.xtec.cat\/ceip-general-prim-reus\/wp-json\/wp\/v2\/posts"}],"about":[{"href":"https:\/\/agora.xtec.cat\/ceip-general-prim-reus\/wp-json\/wp\/v2\/types\/post"}],"author":[{"embeddable":true,"href":"https:\/\/agora.xtec.cat\/ceip-general-prim-reus\/wp-json\/wp\/v2\/users\/4"}],"replies":[{"embeddable":true,"href":"https:\/\/agora.xtec.cat\/ceip-general-prim-reus\/wp-json\/wp\/v2\/comments?post=6376"}],"version-history":[{"count":1,"href":"https:\/\/agora.xtec.cat\/ceip-general-prim-reus\/wp-json\/wp\/v2\/posts\/6376\/revisions"}],"predecessor-version":[{"id":6380,"href":"https:\/\/agora.xtec.cat\/ceip-general-prim-reus\/wp-json\/wp\/v2\/posts\/6376\/revisions\/6380"}],"wp:featuredmedia":[{"embeddable":true,"href":"https:\/\/agora.xtec.cat\/ceip-general-prim-reus\/wp-json\/wp\/v2\/media\/6379"}],"wp:attachment":[{"href":"https:\/\/agora.xtec.cat\/ceip-general-prim-reus\/wp-json\/wp\/v2\/media?parent=6376"}],"wp:term":[{"taxonomy":"category","embeddable":true,"href":"https:\/\/agora.xtec.cat\/ceip-general-prim-reus\/wp-json\/wp\/v2\/categories?post=6376"},{"taxonomy":"post_tag","embeddable":true,"href":"https:\/\/agora.xtec.cat\/ceip-general-prim-reus\/wp-json\/wp\/v2\/tags?post=6376"}],"curies":[{"name":"wp","href":"https:\/\/api.w.org\/{rel}","templated":true}]}}