{"id":6353,"date":"2026-01-31T12:34:42","date_gmt":"2026-01-31T11:34:42","guid":{"rendered":"https:\/\/agora.xtec.cat\/ceip-general-prim-reus\/?p=6353"},"modified":"2026-01-31T12:34:42","modified_gmt":"2026-01-31T11:34:42","slug":"celebrem-el-dia-de-la-pau-i-la-no-violencia","status":"publish","type":"post","link":"https:\/\/agora.xtec.cat\/ceip-general-prim-reus\/general\/celebrem-el-dia-de-la-pau-i-la-no-violencia\/","title":{"rendered":"CELEBREM EL DIA DE LA PAU I LA NO-VIOL\u00c8NCIA"},"content":{"rendered":"<p>El passat divendres, dia 30 de gener, vam celebrar al gimn\u00e0s l\u2019acte del <strong><em>Dia de la Pau i la No-Viol\u00e8ncia<\/em><\/strong>, un acte que serveix per recordar el llegat de Mahatma Gandhi el dia que es commemora l\u2019aniversari de la seva mort.<\/p>\n<p><span style=\"font-weight: 400;\">Durant els dies previs, a l&#8217;\u00e0rea de M\u00fasica, els nens i nenes han elaborat un s\u00edmbol de la Pau amb paper de seda i pintat que ha servit per\u00a0<\/span><span style=\"font-weight: 400;\">per donar el tret de sortida a l\u2019any Gaud\u00ed. L\u2019actuaci\u00f3 ha anat a c\u00e0rrecs dels dos grups de 6\u00e8, els quals han cantat la can\u00e7\u00f3 \u201cCridant a la terra\u201d.<\/span><\/p>\n<p><span style=\"font-weight: 400;\">L\u2019actuaci\u00f3 ha anat molt b\u00e9 i ha agradat molt als infants. Els detalls en forma de s\u00edmbol de la Pau es penjaran al passad\u00eds de la planta baixa per tal de donar una mica de color.<\/span><\/p>\n<p>Cliqueu a sobre de la seg\u00fcent foto i podreu veure l\u2019\u00e0lbum amb les fotos i els v\u00eddeos:<\/p>\n<p><a href=\"https:\/\/drive.google.com\/drive\/u\/0\/folders\/1-OVQgGPnD8syF7sESr2kdBG9F_KDtWZz\" target=\"_blank\" rel=\"noopener\"><img loading=\"lazy\" decoding=\"async\" class=\"aligncenter wp-image-6354 size-full\" src=\"https:\/\/agora.xtec.cat\/ceip-general-prim-reus\/wp-content\/uploads\/usu163\/2026\/01\/DIAPAU26.jpg\" alt=\"\" width=\"1230\" height=\"661\" srcset=\"https:\/\/agora.xtec.cat\/ceip-general-prim-reus\/wp-content\/uploads\/usu163\/2026\/01\/DIAPAU26.jpg 1230w, https:\/\/agora.xtec.cat\/ceip-general-prim-reus\/wp-content\/uploads\/usu163\/2026\/01\/DIAPAU26-300x161.jpg 300w, https:\/\/agora.xtec.cat\/ceip-general-prim-reus\/wp-content\/uploads\/usu163\/2026\/01\/DIAPAU26-1024x550.jpg 1024w, https:\/\/agora.xtec.cat\/ceip-general-prim-reus\/wp-content\/uploads\/usu163\/2026\/01\/DIAPAU26-768x413.jpg 768w\" sizes=\"auto, (max-width: 1230px) 100vw, 1230px\" \/><\/a><\/p>\n","protected":false},"excerpt":{"rendered":"<p>El passat divendres, dia 30 de gener, vam celebrar al gimn\u00e0s l\u2019acte del Dia de la Pau i la No-Viol\u00e8ncia, un acte que serveix per recordar el llegat de Mahatma Gandhi el dia que es commemora l\u2019aniversari de la seva mort. Durant els dies previs, a l&#8217;\u00e0rea de M\u00fasica, els nens i nenes han elaborat [&hellip;]<\/p>\n","protected":false},"author":4,"featured_media":6354,"comment_status":"open","ping_status":"open","sticky":false,"template":"","format":"standard","meta":{"_bbp_topic_count":0,"_bbp_reply_count":0,"_bbp_total_topic_count":0,"_bbp_total_reply_count":0,"_bbp_voice_count":0,"_bbp_anonymous_reply_count":0,"_bbp_topic_count_hidden":0,"_bbp_reply_count_hidden":0,"_bbp_forum_subforum_count":0,"site-sidebar-layout":"default","site-content-layout":"","ast-site-content-layout":"","site-content-style":"default","site-sidebar-style":"default","ast-global-header-display":"","ast-banner-title-visibility":"","ast-main-header-display":"","ast-hfb-above-header-display":"","ast-hfb-below-header-display":"","ast-hfb-mobile-header-display":"","site-post-title":"","ast-breadcrumbs-content":"","ast-featured-img":"","footer-sml-layout":"","theme-transparent-header-meta":"","adv-header-id-meta":"","stick-header-meta":"","header-above-stick-meta":"","header-main-stick-meta":"","header-below-stick-meta":"","astra-migrate-meta-layouts":"default","ast-page-background-enabled":"default","ast-page-background-meta":{"desktop":{"background-color":"var(--ast-global-color-4)","background-image":"","background-repeat":"repeat","background-position":"center center","background-size":"auto","background-attachment":"scroll","background-type":"","background-media":"","overlay-type":"","overlay-color":"","overlay-opacity":"","overlay-gradient":""},"tablet":{"background-color":"","background-image":"","background-repeat":"repeat","background-position":"center center","background-size":"auto","background-attachment":"scroll","background-type":"","background-media":"","overlay-type":"","overlay-color":"","overlay-opacity":"","overlay-gradient":""},"mobile":{"background-color":"","background-image":"","background-repeat":"repeat","background-position":"center center","background-size":"auto","background-attachment":"scroll","background-type":"","background-media":"","overlay-type":"","overlay-color":"","overlay-opacity":"","overlay-gradient":""}},"ast-content-background-meta":{"desktop":{"background-color":"var(--ast-global-color-5)","background-image":"","background-repeat":"repeat","background-position":"center center","background-size":"auto","background-attachment":"scroll","background-type":"","background-media":"","overlay-type":"","overlay-color":"","overlay-opacity":"","overlay-gradient":""},"tablet":{"background-color":"var(--ast-global-color-5)","background-image":"","background-repeat":"repeat","background-position":"center center","background-size":"auto","background-attachment":"scroll","background-type":"","background-media":"","overlay-type":"","overlay-color":"","overlay-opacity":"","overlay-gradient":""},"mobile":{"background-color":"var(--ast-global-color-5)","background-image":"","background-repeat":"repeat","background-position":"center center","background-size":"auto","background-attachment":"scroll","background-type":"","background-media":"","overlay-type":"","overlay-color":"","overlay-opacity":"","overlay-gradient":""}},"footnotes":""},"categories":[1,2,612,4,5,824],"tags":[94,1598,2217,1019,999,1033,314,2216,2123,676,569,177,583,744,740,1967,2218,77,50,737,738,608,1256,1248,53],"class_list":["post-6353","post","type-post","status-publish","format-standard","has-post-thumbnail","hentry","category-general","category-infantil","category-musica","category-portada","category-primaria","category-xarxa-escoles-publiques","tag-activitats","tag-adnprim","tag-anygaudi","tag-comunitatdelsgrans","tag-comunitatdelsmitjans","tag-comunitatdelspetits","tag-comunitateducativa","tag-cridantalaterra","tag-curs2025_26","tag-declaraciouniversaldelsdretshumans","tag-educacioartistica","tag-educacioinfantil","tag-educaciomusical","tag-esperanca","tag-ghandi","tag-lafestadelapau","tag-mandala","tag-musica","tag-pau","tag-paz","tag-peace","tag-totsfemescola","tag-transformaciodecentre","tag-transformacioeducativa","tag-valors"],"post_mailing_queue_ids":[],"_links":{"self":[{"href":"https:\/\/agora.xtec.cat\/ceip-general-prim-reus\/wp-json\/wp\/v2\/posts\/6353","targetHints":{"allow":["GET"]}}],"collection":[{"href":"https:\/\/agora.xtec.cat\/ceip-general-prim-reus\/wp-json\/wp\/v2\/posts"}],"about":[{"href":"https:\/\/agora.xtec.cat\/ceip-general-prim-reus\/wp-json\/wp\/v2\/types\/post"}],"author":[{"embeddable":true,"href":"https:\/\/agora.xtec.cat\/ceip-general-prim-reus\/wp-json\/wp\/v2\/users\/4"}],"replies":[{"embeddable":true,"href":"https:\/\/agora.xtec.cat\/ceip-general-prim-reus\/wp-json\/wp\/v2\/comments?post=6353"}],"version-history":[{"count":1,"href":"https:\/\/agora.xtec.cat\/ceip-general-prim-reus\/wp-json\/wp\/v2\/posts\/6353\/revisions"}],"predecessor-version":[{"id":6355,"href":"https:\/\/agora.xtec.cat\/ceip-general-prim-reus\/wp-json\/wp\/v2\/posts\/6353\/revisions\/6355"}],"wp:featuredmedia":[{"embeddable":true,"href":"https:\/\/agora.xtec.cat\/ceip-general-prim-reus\/wp-json\/wp\/v2\/media\/6354"}],"wp:attachment":[{"href":"https:\/\/agora.xtec.cat\/ceip-general-prim-reus\/wp-json\/wp\/v2\/media?parent=6353"}],"wp:term":[{"taxonomy":"category","embeddable":true,"href":"https:\/\/agora.xtec.cat\/ceip-general-prim-reus\/wp-json\/wp\/v2\/categories?post=6353"},{"taxonomy":"post_tag","embeddable":true,"href":"https:\/\/agora.xtec.cat\/ceip-general-prim-reus\/wp-json\/wp\/v2\/tags?post=6353"}],"curies":[{"name":"wp","href":"https:\/\/api.w.org\/{rel}","templated":true}]}}