{"id":6280,"date":"2026-01-21T12:18:03","date_gmt":"2026-01-21T11:18:03","guid":{"rendered":"https:\/\/agora.xtec.cat\/ceip-general-prim-reus\/?p=6280"},"modified":"2026-01-21T12:18:03","modified_gmt":"2026-01-21T11:18:03","slug":"tallers-de-llengua-i-matematiques-a-i3-i4-i-i5","status":"publish","type":"post","link":"https:\/\/agora.xtec.cat\/ceip-general-prim-reus\/general\/tallers-de-llengua-i-matematiques-a-i3-i4-i-i5\/","title":{"rendered":"TALLERS DE LLENGUA I MATEM\u00c0TIQUES A I3, I4 i I5"},"content":{"rendered":"<p><span style=\"font-weight: 400;\">Els infants de la comunitat de petits participen en els <\/span><b>tallers de llengua i matem\u00e0tiques.<\/b><span style=\"font-weight: 400;\"> Aquests tallers ens permeten treballar diferents aprenentatges d\u2019una manera <\/span><b>vivencial, manipulativa i l\u00fadica<\/b><span style=\"font-weight: 400;\">, sempre amb l\u2019acompanyament i la guia de dues mestres per aula. Cada taller inclou diverses <\/span><b>propostes de joc i descoberta<\/b><span style=\"font-weight: 400;\"> pensades per desenvolupar habilitats relacionades amb el llenguatge. Els infants aprenen a partir de l\u2019experimentaci\u00f3, el joc i la interacci\u00f3 amb els materials i amb els seus companys i companyes, respectant sempre el seu ritme i les seves necessitats.\u00a0<\/span><\/p>\n<p><span style=\"font-weight: 400;\">Les propostes matem\u00e0tiques i llengua formen part del dia a dia dels infants, tot aix\u00f2 ho fem a partir de <\/span><b>situacions reals i materials concrets<\/b><span style=\"font-weight: 400;\">, que permeten que cada infant construeixi els aprenentatges al seu propi ritme.<\/span><\/p>\n<p><span style=\"font-weight: 400;\">Sempre hi ha <\/span><b>dues mestres a l\u2019aula<\/b><span style=\"font-weight: 400;\">, fet que ens permet oferir una <\/span><b>atenci\u00f3 m\u00e9s individualitzada<\/b><span style=\"font-weight: 400;\"> i ajustar les propostes a les necessitats de cadasc\u00fa. Les matem\u00e0tiques i la llengua esdevenen aix\u00ed una experi\u00e8ncia compartida, viva i plena de sentit, que desperta la curiositat i el plaer per aprendre.<\/span><\/p>\n<p><img loading=\"lazy\" decoding=\"async\" class=\"aligncenter size-full wp-image-6281\" src=\"https:\/\/agora.xtec.cat\/ceip-general-prim-reus\/wp-content\/uploads\/usu163\/2026\/01\/00000_inf1.jpg\" alt=\"\" width=\"852\" height=\"696\" srcset=\"https:\/\/agora.xtec.cat\/ceip-general-prim-reus\/wp-content\/uploads\/usu163\/2026\/01\/00000_inf1.jpg 852w, https:\/\/agora.xtec.cat\/ceip-general-prim-reus\/wp-content\/uploads\/usu163\/2026\/01\/00000_inf1-300x245.jpg 300w, https:\/\/agora.xtec.cat\/ceip-general-prim-reus\/wp-content\/uploads\/usu163\/2026\/01\/00000_inf1-768x627.jpg 768w\" sizes=\"auto, (max-width: 852px) 100vw, 852px\" \/> <img loading=\"lazy\" decoding=\"async\" class=\"aligncenter size-full wp-image-6282\" src=\"https:\/\/agora.xtec.cat\/ceip-general-prim-reus\/wp-content\/uploads\/usu163\/2026\/01\/00000_inf2.jpg\" alt=\"\" width=\"711\" height=\"742\" srcset=\"https:\/\/agora.xtec.cat\/ceip-general-prim-reus\/wp-content\/uploads\/usu163\/2026\/01\/00000_inf2.jpg 711w, https:\/\/agora.xtec.cat\/ceip-general-prim-reus\/wp-content\/uploads\/usu163\/2026\/01\/00000_inf2-287x300.jpg 287w\" sizes=\"auto, (max-width: 711px) 100vw, 711px\" \/> <img loading=\"lazy\" decoding=\"async\" class=\"aligncenter size-full wp-image-6283\" src=\"https:\/\/agora.xtec.cat\/ceip-general-prim-reus\/wp-content\/uploads\/usu163\/2026\/01\/00000_inf3.jpg\" alt=\"\" width=\"706\" height=\"738\" srcset=\"https:\/\/agora.xtec.cat\/ceip-general-prim-reus\/wp-content\/uploads\/usu163\/2026\/01\/00000_inf3.jpg 706w, https:\/\/agora.xtec.cat\/ceip-general-prim-reus\/wp-content\/uploads\/usu163\/2026\/01\/00000_inf3-287x300.jpg 287w\" sizes=\"auto, (max-width: 706px) 100vw, 706px\" \/> <img loading=\"lazy\" decoding=\"async\" class=\"aligncenter size-full wp-image-6284\" src=\"https:\/\/agora.xtec.cat\/ceip-general-prim-reus\/wp-content\/uploads\/usu163\/2026\/01\/00000_inf4.jpg\" alt=\"\" width=\"711\" height=\"742\" srcset=\"https:\/\/agora.xtec.cat\/ceip-general-prim-reus\/wp-content\/uploads\/usu163\/2026\/01\/00000_inf4.jpg 711w, https:\/\/agora.xtec.cat\/ceip-general-prim-reus\/wp-content\/uploads\/usu163\/2026\/01\/00000_inf4-287x300.jpg 287w\" sizes=\"auto, (max-width: 711px) 100vw, 711px\" \/> <img loading=\"lazy\" decoding=\"async\" class=\"aligncenter size-full wp-image-6285\" src=\"https:\/\/agora.xtec.cat\/ceip-general-prim-reus\/wp-content\/uploads\/usu163\/2026\/01\/00000_inf5.jpg\" alt=\"\" width=\"709\" height=\"756\" srcset=\"https:\/\/agora.xtec.cat\/ceip-general-prim-reus\/wp-content\/uploads\/usu163\/2026\/01\/00000_inf5.jpg 709w, https:\/\/agora.xtec.cat\/ceip-general-prim-reus\/wp-content\/uploads\/usu163\/2026\/01\/00000_inf5-281x300.jpg 281w\" sizes=\"auto, (max-width: 709px) 100vw, 709px\" \/> <img loading=\"lazy\" decoding=\"async\" class=\"aligncenter size-full wp-image-6286\" src=\"https:\/\/agora.xtec.cat\/ceip-general-prim-reus\/wp-content\/uploads\/usu163\/2026\/01\/00000_inf6.jpg\" alt=\"\" width=\"851\" height=\"639\" srcset=\"https:\/\/agora.xtec.cat\/ceip-general-prim-reus\/wp-content\/uploads\/usu163\/2026\/01\/00000_inf6.jpg 851w, https:\/\/agora.xtec.cat\/ceip-general-prim-reus\/wp-content\/uploads\/usu163\/2026\/01\/00000_inf6-300x225.jpg 300w, https:\/\/agora.xtec.cat\/ceip-general-prim-reus\/wp-content\/uploads\/usu163\/2026\/01\/00000_inf6-768x577.jpg 768w, https:\/\/agora.xtec.cat\/ceip-general-prim-reus\/wp-content\/uploads\/usu163\/2026\/01\/00000_inf6-200x150.jpg 200w\" sizes=\"auto, (max-width: 851px) 100vw, 851px\" \/> <img loading=\"lazy\" decoding=\"async\" class=\"aligncenter size-full wp-image-6287\" src=\"https:\/\/agora.xtec.cat\/ceip-general-prim-reus\/wp-content\/uploads\/usu163\/2026\/01\/00000_inf7.jpg\" alt=\"\" width=\"536\" height=\"714\" srcset=\"https:\/\/agora.xtec.cat\/ceip-general-prim-reus\/wp-content\/uploads\/usu163\/2026\/01\/00000_inf7.jpg 536w, https:\/\/agora.xtec.cat\/ceip-general-prim-reus\/wp-content\/uploads\/usu163\/2026\/01\/00000_inf7-225x300.jpg 225w\" sizes=\"auto, (max-width: 536px) 100vw, 536px\" \/> <img loading=\"lazy\" decoding=\"async\" class=\"aligncenter size-full wp-image-6288\" src=\"https:\/\/agora.xtec.cat\/ceip-general-prim-reus\/wp-content\/uploads\/usu163\/2026\/01\/00000_inf8.jpg\" alt=\"\" width=\"535\" height=\"702\" srcset=\"https:\/\/agora.xtec.cat\/ceip-general-prim-reus\/wp-content\/uploads\/usu163\/2026\/01\/00000_inf8.jpg 535w, https:\/\/agora.xtec.cat\/ceip-general-prim-reus\/wp-content\/uploads\/usu163\/2026\/01\/00000_inf8-229x300.jpg 229w\" sizes=\"auto, (max-width: 535px) 100vw, 535px\" \/> <img loading=\"lazy\" decoding=\"async\" class=\"aligncenter size-full wp-image-6289\" src=\"https:\/\/agora.xtec.cat\/ceip-general-prim-reus\/wp-content\/uploads\/usu163\/2026\/01\/00000_inf9.jpg\" alt=\"\" width=\"531\" height=\"710\" srcset=\"https:\/\/agora.xtec.cat\/ceip-general-prim-reus\/wp-content\/uploads\/usu163\/2026\/01\/00000_inf9.jpg 531w, https:\/\/agora.xtec.cat\/ceip-general-prim-reus\/wp-content\/uploads\/usu163\/2026\/01\/00000_inf9-224x300.jpg 224w\" sizes=\"auto, (max-width: 531px) 100vw, 531px\" \/> <img loading=\"lazy\" decoding=\"async\" class=\"aligncenter size-full wp-image-6290\" src=\"https:\/\/agora.xtec.cat\/ceip-general-prim-reus\/wp-content\/uploads\/usu163\/2026\/01\/00000_inf10.jpg\" alt=\"\" width=\"911\" height=\"708\" srcset=\"https:\/\/agora.xtec.cat\/ceip-general-prim-reus\/wp-content\/uploads\/usu163\/2026\/01\/00000_inf10.jpg 911w, https:\/\/agora.xtec.cat\/ceip-general-prim-reus\/wp-content\/uploads\/usu163\/2026\/01\/00000_inf10-300x233.jpg 300w, https:\/\/agora.xtec.cat\/ceip-general-prim-reus\/wp-content\/uploads\/usu163\/2026\/01\/00000_inf10-768x597.jpg 768w\" sizes=\"auto, (max-width: 911px) 100vw, 911px\" \/> <img loading=\"lazy\" decoding=\"async\" class=\"aligncenter size-full wp-image-6291\" src=\"https:\/\/agora.xtec.cat\/ceip-general-prim-reus\/wp-content\/uploads\/usu163\/2026\/01\/00000_inf11.jpg\" alt=\"\" width=\"534\" height=\"710\" srcset=\"https:\/\/agora.xtec.cat\/ceip-general-prim-reus\/wp-content\/uploads\/usu163\/2026\/01\/00000_inf11.jpg 534w, https:\/\/agora.xtec.cat\/ceip-general-prim-reus\/wp-content\/uploads\/usu163\/2026\/01\/00000_inf11-226x300.jpg 226w\" sizes=\"auto, (max-width: 534px) 100vw, 534px\" \/> <img loading=\"lazy\" decoding=\"async\" class=\"aligncenter size-full wp-image-6292\" src=\"https:\/\/agora.xtec.cat\/ceip-general-prim-reus\/wp-content\/uploads\/usu163\/2026\/01\/00000_inf12.jpg\" alt=\"\" width=\"528\" height=\"709\" srcset=\"https:\/\/agora.xtec.cat\/ceip-general-prim-reus\/wp-content\/uploads\/usu163\/2026\/01\/00000_inf12.jpg 528w, https:\/\/agora.xtec.cat\/ceip-general-prim-reus\/wp-content\/uploads\/usu163\/2026\/01\/00000_inf12-223x300.jpg 223w\" sizes=\"auto, (max-width: 528px) 100vw, 528px\" \/> <img loading=\"lazy\" decoding=\"async\" class=\"aligncenter size-full wp-image-6293\" src=\"https:\/\/agora.xtec.cat\/ceip-general-prim-reus\/wp-content\/uploads\/usu163\/2026\/01\/00000_inf13.jpg\" alt=\"\" width=\"529\" height=\"706\" srcset=\"https:\/\/agora.xtec.cat\/ceip-general-prim-reus\/wp-content\/uploads\/usu163\/2026\/01\/00000_inf13.jpg 529w, https:\/\/agora.xtec.cat\/ceip-general-prim-reus\/wp-content\/uploads\/usu163\/2026\/01\/00000_inf13-225x300.jpg 225w\" sizes=\"auto, (max-width: 529px) 100vw, 529px\" \/> <img loading=\"lazy\" decoding=\"async\" class=\"aligncenter size-full wp-image-6294\" src=\"https:\/\/agora.xtec.cat\/ceip-general-prim-reus\/wp-content\/uploads\/usu163\/2026\/01\/00000_inf14.jpg\" alt=\"\" width=\"890\" height=\"690\" srcset=\"https:\/\/agora.xtec.cat\/ceip-general-prim-reus\/wp-content\/uploads\/usu163\/2026\/01\/00000_inf14.jpg 890w, https:\/\/agora.xtec.cat\/ceip-general-prim-reus\/wp-content\/uploads\/usu163\/2026\/01\/00000_inf14-300x233.jpg 300w, https:\/\/agora.xtec.cat\/ceip-general-prim-reus\/wp-content\/uploads\/usu163\/2026\/01\/00000_inf14-768x595.jpg 768w\" sizes=\"auto, (max-width: 890px) 100vw, 890px\" \/> <img loading=\"lazy\" decoding=\"async\" class=\"aligncenter size-full wp-image-6295\" src=\"https:\/\/agora.xtec.cat\/ceip-general-prim-reus\/wp-content\/uploads\/usu163\/2026\/01\/00000_inf15.jpg\" alt=\"\" width=\"759\" height=\"716\" srcset=\"https:\/\/agora.xtec.cat\/ceip-general-prim-reus\/wp-content\/uploads\/usu163\/2026\/01\/00000_inf15.jpg 759w, https:\/\/agora.xtec.cat\/ceip-general-prim-reus\/wp-content\/uploads\/usu163\/2026\/01\/00000_inf15-300x283.jpg 300w\" sizes=\"auto, (max-width: 759px) 100vw, 759px\" \/> <img loading=\"lazy\" decoding=\"async\" class=\"aligncenter size-full wp-image-6296\" src=\"https:\/\/agora.xtec.cat\/ceip-general-prim-reus\/wp-content\/uploads\/usu163\/2026\/01\/00000_inf16.jpg\" alt=\"\" width=\"532\" height=\"710\" srcset=\"https:\/\/agora.xtec.cat\/ceip-general-prim-reus\/wp-content\/uploads\/usu163\/2026\/01\/00000_inf16.jpg 532w, https:\/\/agora.xtec.cat\/ceip-general-prim-reus\/wp-content\/uploads\/usu163\/2026\/01\/00000_inf16-225x300.jpg 225w\" sizes=\"auto, (max-width: 532px) 100vw, 532px\" \/><\/p>\n","protected":false},"excerpt":{"rendered":"<p>Els infants de la comunitat de petits participen en els tallers de llengua i matem\u00e0tiques. Aquests tallers ens permeten treballar diferents aprenentatges d\u2019una manera vivencial, manipulativa i l\u00fadica, sempre amb l\u2019acompanyament i la guia de dues mestres per aula. Cada taller inclou diverses propostes de joc i descoberta pensades per desenvolupar habilitats relacionades amb el [&hellip;]<\/p>\n","protected":false},"author":4,"featured_media":6297,"comment_status":"open","ping_status":"open","sticky":false,"template":"","format":"standard","meta":{"_bbp_topic_count":0,"_bbp_reply_count":0,"_bbp_total_topic_count":0,"_bbp_total_reply_count":0,"_bbp_voice_count":0,"_bbp_anonymous_reply_count":0,"_bbp_topic_count_hidden":0,"_bbp_reply_count_hidden":0,"_bbp_forum_subforum_count":0,"site-sidebar-layout":"default","site-content-layout":"","ast-site-content-layout":"","site-content-style":"default","site-sidebar-style":"default","ast-global-header-display":"","ast-banner-title-visibility":"","ast-main-header-display":"","ast-hfb-above-header-display":"","ast-hfb-below-header-display":"","ast-hfb-mobile-header-display":"","site-post-title":"","ast-breadcrumbs-content":"","ast-featured-img":"","footer-sml-layout":"","theme-transparent-header-meta":"","adv-header-id-meta":"","stick-header-meta":"","header-above-stick-meta":"","header-main-stick-meta":"","header-below-stick-meta":"","astra-migrate-meta-layouts":"default","ast-page-background-enabled":"default","ast-page-background-meta":{"desktop":{"background-color":"var(--ast-global-color-4)","background-image":"","background-repeat":"repeat","background-position":"center center","background-size":"auto","background-attachment":"scroll","background-type":"","background-media":"","overlay-type":"","overlay-color":"","overlay-opacity":"","overlay-gradient":""},"tablet":{"background-color":"","background-image":"","background-repeat":"repeat","background-position":"center center","background-size":"auto","background-attachment":"scroll","background-type":"","background-media":"","overlay-type":"","overlay-color":"","overlay-opacity":"","overlay-gradient":""},"mobile":{"background-color":"","background-image":"","background-repeat":"repeat","background-position":"center center","background-size":"auto","background-attachment":"scroll","background-type":"","background-media":"","overlay-type":"","overlay-color":"","overlay-opacity":"","overlay-gradient":""}},"ast-content-background-meta":{"desktop":{"background-color":"var(--ast-global-color-5)","background-image":"","background-repeat":"repeat","background-position":"center center","background-size":"auto","background-attachment":"scroll","background-type":"","background-media":"","overlay-type":"","overlay-color":"","overlay-opacity":"","overlay-gradient":""},"tablet":{"background-color":"var(--ast-global-color-5)","background-image":"","background-repeat":"repeat","background-position":"center center","background-size":"auto","background-attachment":"scroll","background-type":"","background-media":"","overlay-type":"","overlay-color":"","overlay-opacity":"","overlay-gradient":""},"mobile":{"background-color":"var(--ast-global-color-5)","background-image":"","background-repeat":"repeat","background-position":"center center","background-size":"auto","background-attachment":"scroll","background-type":"","background-media":"","overlay-type":"","overlay-color":"","overlay-opacity":"","overlay-gradient":""}},"footnotes":""},"categories":[1,3,8,9,2,4,824],"tags":[94,1598,1273,1033,65,2123,177,176,51,362,368,367,89,1494,1495,1496,79,407,506,59,217,1728,1818,608,1256,1248,60,53,811,1012,813],"class_list":["post-6280","post","type-post","status-publish","format-standard","has-post-thumbnail","hentry","category-general","category-i3","category-i4","category-i5","category-infantil","category-portada","category-xarxa-escoles-publiques","tag-activitats","tag-adnprim","tag-calcul","tag-comunitatdelspetits","tag-cooperacio","tag-curs2025_26","tag-educacioinfantil","tag-ei","tag-escola","tag-estrategies","tag-experimentacio","tag-experimentar","tag-habits","tag-i3","tag-i4","tag-i5","tag-innovacio","tag-innovacioeducativa","tag-llengua","tag-matematiques","tag-participacio","tag-tallersdellengua","tag-tallersdematematiques","tag-totsfemescola","tag-transformaciodecentre","tag-transformacioeducativa","tag-treball-collaboratiu","tag-valors","tag-viulapublica","tag-xarxadescolespubliquesdereus","tag-xepr"],"post_mailing_queue_ids":[],"_links":{"self":[{"href":"https:\/\/agora.xtec.cat\/ceip-general-prim-reus\/wp-json\/wp\/v2\/posts\/6280","targetHints":{"allow":["GET"]}}],"collection":[{"href":"https:\/\/agora.xtec.cat\/ceip-general-prim-reus\/wp-json\/wp\/v2\/posts"}],"about":[{"href":"https:\/\/agora.xtec.cat\/ceip-general-prim-reus\/wp-json\/wp\/v2\/types\/post"}],"author":[{"embeddable":true,"href":"https:\/\/agora.xtec.cat\/ceip-general-prim-reus\/wp-json\/wp\/v2\/users\/4"}],"replies":[{"embeddable":true,"href":"https:\/\/agora.xtec.cat\/ceip-general-prim-reus\/wp-json\/wp\/v2\/comments?post=6280"}],"version-history":[{"count":1,"href":"https:\/\/agora.xtec.cat\/ceip-general-prim-reus\/wp-json\/wp\/v2\/posts\/6280\/revisions"}],"predecessor-version":[{"id":6298,"href":"https:\/\/agora.xtec.cat\/ceip-general-prim-reus\/wp-json\/wp\/v2\/posts\/6280\/revisions\/6298"}],"wp:featuredmedia":[{"embeddable":true,"href":"https:\/\/agora.xtec.cat\/ceip-general-prim-reus\/wp-json\/wp\/v2\/media\/6297"}],"wp:attachment":[{"href":"https:\/\/agora.xtec.cat\/ceip-general-prim-reus\/wp-json\/wp\/v2\/media?parent=6280"}],"wp:term":[{"taxonomy":"category","embeddable":true,"href":"https:\/\/agora.xtec.cat\/ceip-general-prim-reus\/wp-json\/wp\/v2\/categories?post=6280"},{"taxonomy":"post_tag","embeddable":true,"href":"https:\/\/agora.xtec.cat\/ceip-general-prim-reus\/wp-json\/wp\/v2\/tags?post=6280"}],"curies":[{"name":"wp","href":"https:\/\/api.w.org\/{rel}","templated":true}]}}