{"id":6271,"date":"2026-01-18T23:46:36","date_gmt":"2026-01-18T22:46:36","guid":{"rendered":"https:\/\/agora.xtec.cat\/ceip-general-prim-reus\/?p=6271"},"modified":"2026-01-18T23:47:47","modified_gmt":"2026-01-18T22:47:47","slug":"5e-activitats-etwinning-gener","status":"publish","type":"post","link":"https:\/\/agora.xtec.cat\/ceip-general-prim-reus\/general\/5e-activitats-etwinning-gener\/","title":{"rendered":"5\u00e8: ACTIVITATS ETWINNING GENER"},"content":{"rendered":"<p><span style=\"color: #000000;\">Els nens i nenes de 5\u00e8 han estat treballant les activitats proposades per al mes de gener dins del projecte <em>\u201c<\/em><em>English Throughout the Year: Celebrating the World in English\u201d.<\/em> Les tasques<\/span><span style=\"color: #000000;\"> han girat entorn de les <\/span><span style=\"color: #004494;\">Esperances i Aprenentatge. <\/span><span style=\"color: #000000;\">Els estudiants han treballat en equips internacionals mixtos, compartint els seus objectius, esperances i missatges positius per a l&#8217;Any Nou. La primera tasca ha estat <\/span><span style=\"color: #000000;\"><b>\u201cEstrelles d\u2019esperan\u00e7a\u201d<\/b>, en la qual e<\/span><span style=\"color: #000000;\">ls alumnes afegeixen una \u201cpunta d\u2019estrella\u201d al <\/span><span style=\"color: #004494;\"><a href=\"https:\/\/padlet.com\/leapintaric\/stars-of-hope-interactive-map-of-goals-qjt6tqtbex4g8dsu\" target=\"_blank\" rel=\"noopener\">mapa compartit de Padlet\u00a0<\/a><\/span>\u00a0<span style=\"color: #000000;\">amb el n<\/span><span style=\"color: #000000;\">om i pa\u00eds, u<\/span><span style=\"color: #000000;\">na esperan\u00e7a o un objectiu per a l&#8217;any i un <\/span><span style=\"color: #000000;\">breu missatge positiu. A m\u00e9s, han pogut v<\/span><span style=\"color: #000000;\">eure i comentar les expectatives de les escoles associades. El r<\/span><span style=\"color: #000000;\">esultat ha estat un mapa interactiu que mostra objectius compartits a tot Europa, a m\u00e9s de pr\u00e0ctiques d&#8217;escriptura en angl\u00e8s i d&#8217;intercanvi cultural.<\/span><\/p>\n<p><img loading=\"lazy\" decoding=\"async\" class=\"aligncenter size-full wp-image-6272\" src=\"https:\/\/agora.xtec.cat\/ceip-general-prim-reus\/wp-content\/uploads\/usu163\/2026\/01\/MAPA_ESTRELLES.jpg\" alt=\"\" width=\"1741\" height=\"840\" srcset=\"https:\/\/agora.xtec.cat\/ceip-general-prim-reus\/wp-content\/uploads\/usu163\/2026\/01\/MAPA_ESTRELLES.jpg 1741w, https:\/\/agora.xtec.cat\/ceip-general-prim-reus\/wp-content\/uploads\/usu163\/2026\/01\/MAPA_ESTRELLES-300x145.jpg 300w, https:\/\/agora.xtec.cat\/ceip-general-prim-reus\/wp-content\/uploads\/usu163\/2026\/01\/MAPA_ESTRELLES-1024x494.jpg 1024w, https:\/\/agora.xtec.cat\/ceip-general-prim-reus\/wp-content\/uploads\/usu163\/2026\/01\/MAPA_ESTRELLES-768x371.jpg 768w, https:\/\/agora.xtec.cat\/ceip-general-prim-reus\/wp-content\/uploads\/usu163\/2026\/01\/MAPA_ESTRELLES-1536x741.jpg 1536w\" sizes=\"auto, (max-width: 1741px) 100vw, 1741px\" \/><\/p>\n<p>La segona tasca ha estat\u00a0<span style=\"color: #000000;\"><b>&#8220;Repte del Bingo d&#8217;objectius&#8221;. <\/b><\/span><span style=\"color: #000000;\">Els alumnes han escollit <b>alguna de les tasques<\/b><\/span><span style=\"color: #000000;\">\u00a0de la<\/span>\u00a0<span style=\"color: #004494;\"><a href=\"https:\/\/www.canva.com\/design\/DAG7DmyQzps\/vKUHHD5YWj7EcwFADHxljQ\/edit?utm_content=DAG7DmyQzps&amp;utm_campaign=designshare&amp;utm_medium=link2&amp;utm_source=sharebutton\" target=\"_blank\" rel=\"noopener\">targeta compartida del Bingo de Goals (Canva)<\/a><\/span> i han <span style=\"color: #000000;\">documentat el seu treball amb fotos, dibuixos o v\u00eddeos. Tot seguit, han p<\/span><span style=\"color: #000000;\">ujat les publicacions creades a la <\/span><span style=\"color: #004494;\"><a href=\"https:\/\/padlet.com\/leapintaric\/goal-bingo-challenge-gcshmr2chs61n2xz\" target=\"_blank\" rel=\"noopener\">galeria compartida de Padlet\u00a0<\/a><\/span>\u00a0<span style=\"color: #000000;\">amb una frase curta en angl\u00e8s i, a m\u00e9s, han comentat la publicaci\u00f3 d&#8217;un company. La tasca ha servit per r<\/span><span style=\"color: #000000;\">eflexionat sobre: la tasca preferida, la m\u00e9s \u00fatil per a l&#8217;angl\u00e8s i el que han apr\u00e8s dels companys.<\/span><\/p>\n<p><img loading=\"lazy\" decoding=\"async\" class=\"aligncenter size-full wp-image-6273\" src=\"https:\/\/agora.xtec.cat\/ceip-general-prim-reus\/wp-content\/uploads\/usu163\/2026\/01\/bingo1.jpg\" alt=\"\" width=\"1260\" height=\"888\" srcset=\"https:\/\/agora.xtec.cat\/ceip-general-prim-reus\/wp-content\/uploads\/usu163\/2026\/01\/bingo1.jpg 1260w, https:\/\/agora.xtec.cat\/ceip-general-prim-reus\/wp-content\/uploads\/usu163\/2026\/01\/bingo1-300x211.jpg 300w, https:\/\/agora.xtec.cat\/ceip-general-prim-reus\/wp-content\/uploads\/usu163\/2026\/01\/bingo1-1024x722.jpg 1024w, https:\/\/agora.xtec.cat\/ceip-general-prim-reus\/wp-content\/uploads\/usu163\/2026\/01\/bingo1-768x541.jpg 768w\" sizes=\"auto, (max-width: 1260px) 100vw, 1260px\" \/><\/p>\n<p><img loading=\"lazy\" decoding=\"async\" class=\"aligncenter size-full wp-image-6274\" src=\"https:\/\/agora.xtec.cat\/ceip-general-prim-reus\/wp-content\/uploads\/usu163\/2026\/01\/padlet_bingo_5.jpg\" alt=\"\" width=\"1769\" height=\"875\" srcset=\"https:\/\/agora.xtec.cat\/ceip-general-prim-reus\/wp-content\/uploads\/usu163\/2026\/01\/padlet_bingo_5.jpg 1769w, https:\/\/agora.xtec.cat\/ceip-general-prim-reus\/wp-content\/uploads\/usu163\/2026\/01\/padlet_bingo_5-300x148.jpg 300w, https:\/\/agora.xtec.cat\/ceip-general-prim-reus\/wp-content\/uploads\/usu163\/2026\/01\/padlet_bingo_5-1024x507.jpg 1024w, https:\/\/agora.xtec.cat\/ceip-general-prim-reus\/wp-content\/uploads\/usu163\/2026\/01\/padlet_bingo_5-768x380.jpg 768w, https:\/\/agora.xtec.cat\/ceip-general-prim-reus\/wp-content\/uploads\/usu163\/2026\/01\/padlet_bingo_5-1536x760.jpg 1536w\" sizes=\"auto, (max-width: 1769px) 100vw, 1769px\" \/><\/p>\n<p>Cliqueu a sobre de les seg\u00fcents imatges i podreu veure tot l&#8217;\u00e0lbum:<\/p>\n<p><a href=\"https:\/\/drive.google.com\/drive\/folders\/1S096qII36cN2c-NV03d3yTMAmGDIAvCq?usp=sharing\" target=\"_blank\" rel=\"noopener\"><img loading=\"lazy\" decoding=\"async\" class=\"aligncenter wp-image-6275 size-full\" src=\"https:\/\/agora.xtec.cat\/ceip-general-prim-reus\/wp-content\/uploads\/usu163\/2026\/01\/etwnn5e-e1768776373294.jpg\" alt=\"\" width=\"1254\" height=\"485\" srcset=\"https:\/\/agora.xtec.cat\/ceip-general-prim-reus\/wp-content\/uploads\/usu163\/2026\/01\/etwnn5e-e1768776373294.jpg 1254w, https:\/\/agora.xtec.cat\/ceip-general-prim-reus\/wp-content\/uploads\/usu163\/2026\/01\/etwnn5e-e1768776373294-300x116.jpg 300w, https:\/\/agora.xtec.cat\/ceip-general-prim-reus\/wp-content\/uploads\/usu163\/2026\/01\/etwnn5e-e1768776373294-1024x396.jpg 1024w, https:\/\/agora.xtec.cat\/ceip-general-prim-reus\/wp-content\/uploads\/usu163\/2026\/01\/etwnn5e-e1768776373294-768x297.jpg 768w\" sizes=\"auto, (max-width: 1254px) 100vw, 1254px\" \/><\/a><\/p>\n<p>&nbsp;<\/p>\n<p><img loading=\"lazy\" decoding=\"async\" class=\"aligncenter size-full wp-image-6217\" src=\"https:\/\/agora.xtec.cat\/ceip-general-prim-reus\/wp-content\/uploads\/usu163\/2025\/12\/Erasmus-1.jpg\" alt=\"\" width=\"579\" height=\"130\" srcset=\"https:\/\/agora.xtec.cat\/ceip-general-prim-reus\/wp-content\/uploads\/usu163\/2025\/12\/Erasmus-1.jpg 579w, https:\/\/agora.xtec.cat\/ceip-general-prim-reus\/wp-content\/uploads\/usu163\/2025\/12\/Erasmus-1-300x67.jpg 300w\" sizes=\"auto, (max-width: 579px) 100vw, 579px\" \/> <img loading=\"lazy\" decoding=\"async\" class=\"aligncenter size-full wp-image-6216\" src=\"https:\/\/agora.xtec.cat\/ceip-general-prim-reus\/wp-content\/uploads\/usu163\/2025\/12\/logo-etwinnig-1.jpg\" alt=\"\" width=\"620\" height=\"189\" srcset=\"https:\/\/agora.xtec.cat\/ceip-general-prim-reus\/wp-content\/uploads\/usu163\/2025\/12\/logo-etwinnig-1.jpg 620w, https:\/\/agora.xtec.cat\/ceip-general-prim-reus\/wp-content\/uploads\/usu163\/2025\/12\/logo-etwinnig-1-300x91.jpg 300w\" sizes=\"auto, (max-width: 620px) 100vw, 620px\" \/><\/p>\n<p><em>#ADNprim #transformacioeducativa #erasmusproject #erasmusplus #europe @sepie_gob @erasmus.es @erasmusprojects4u<\/em><\/p>\n","protected":false},"excerpt":{"rendered":"<p>Els nens i nenes de 5\u00e8 han estat treballant les activitats proposades per al mes de gener dins del projecte \u201cEnglish Throughout the Year: Celebrating the World in English\u201d. Les tasques han girat entorn de les Esperances i Aprenentatge. Els estudiants han treballat en equips internacionals mixtos, compartint els seus objectius, esperances i missatges positius [&hellip;]<\/p>\n","protected":false},"author":4,"featured_media":6277,"comment_status":"open","ping_status":"open","sticky":false,"template":"","format":"standard","meta":{"_bbp_topic_count":0,"_bbp_reply_count":0,"_bbp_total_topic_count":0,"_bbp_total_reply_count":0,"_bbp_voice_count":0,"_bbp_anonymous_reply_count":0,"_bbp_topic_count_hidden":0,"_bbp_reply_count_hidden":0,"_bbp_forum_subforum_count":0,"site-sidebar-layout":"default","site-content-layout":"","ast-site-content-layout":"","site-content-style":"default","site-sidebar-style":"default","ast-global-header-display":"","ast-banner-title-visibility":"","ast-main-header-display":"","ast-hfb-above-header-display":"","ast-hfb-below-header-display":"","ast-hfb-mobile-header-display":"","site-post-title":"","ast-breadcrumbs-content":"","ast-featured-img":"","footer-sml-layout":"","theme-transparent-header-meta":"","adv-header-id-meta":"","stick-header-meta":"","header-above-stick-meta":"","header-main-stick-meta":"","header-below-stick-meta":"","astra-migrate-meta-layouts":"default","ast-page-background-enabled":"default","ast-page-background-meta":{"desktop":{"background-color":"var(--ast-global-color-4)","background-image":"","background-repeat":"repeat","background-position":"center center","background-size":"auto","background-attachment":"scroll","background-type":"","background-media":"","overlay-type":"","overlay-color":"","overlay-opacity":"","overlay-gradient":""},"tablet":{"background-color":"","background-image":"","background-repeat":"repeat","background-position":"center center","background-size":"auto","background-attachment":"scroll","background-type":"","background-media":"","overlay-type":"","overlay-color":"","overlay-opacity":"","overlay-gradient":""},"mobile":{"background-color":"","background-image":"","background-repeat":"repeat","background-position":"center center","background-size":"auto","background-attachment":"scroll","background-type":"","background-media":"","overlay-type":"","overlay-color":"","overlay-opacity":"","overlay-gradient":""}},"ast-content-background-meta":{"desktop":{"background-color":"var(--ast-global-color-5)","background-image":"","background-repeat":"repeat","background-position":"center center","background-size":"auto","background-attachment":"scroll","background-type":"","background-media":"","overlay-type":"","overlay-color":"","overlay-opacity":"","overlay-gradient":""},"tablet":{"background-color":"var(--ast-global-color-5)","background-image":"","background-repeat":"repeat","background-position":"center center","background-size":"auto","background-attachment":"scroll","background-type":"","background-media":"","overlay-type":"","overlay-color":"","overlay-opacity":"","overlay-gradient":""},"mobile":{"background-color":"var(--ast-global-color-5)","background-image":"","background-repeat":"repeat","background-position":"center center","background-size":"auto","background-attachment":"scroll","background-type":"","background-media":"","overlay-type":"","overlay-color":"","overlay-opacity":"","overlay-gradient":""}},"footnotes":""},"categories":[14,1,4,5,827,828,824],"tags":[166,94,1598,1663,2123,2124,1093,1281,1519,1886,79,407,938,1448,1518,197,1946,2207,217,1284,390,165,372,1285,1520,78,608,274,60,1282,1283,53,811,2186,1012],"class_list":["post-6271","post","type-post","status-publish","format-standard","has-post-thumbnail","hentry","category-5e","category-general","category-portada","category-primaria","category-projecte-internacionalitzacio","category-projectes-etwinning","category-xarxa-escoles-publiques","tag-5e","tag-activitats","tag-adnprim","tag-bingo","tag-curs2025_26","tag-englishthroughouttheyearcelebratingtheworldinenglish","tag-erasmus","tag-erasmusplus","tag-erasmusplusprojects","tag-etwinning","tag-innovacio","tag-innovacioeducativa","tag-intercanvi","tag-intercanvicultural","tag-internacionalizacion","tag-novesmetodologies","tag-onlinemeeting","tag-padlet","tag-participacio","tag-projecteerasmusplus","tag-projectes","tag-repte","tag-reptes","tag-sepie","tag-sepie_gob","tag-steam","tag-totsfemescola","tag-tradicions","tag-treball-collaboratiu","tag-ue","tag-unioeuropea","tag-valors","tag-viulapublica","tag-wintercards","tag-xarxadescolespubliquesdereus"],"post_mailing_queue_ids":[],"_links":{"self":[{"href":"https:\/\/agora.xtec.cat\/ceip-general-prim-reus\/wp-json\/wp\/v2\/posts\/6271","targetHints":{"allow":["GET"]}}],"collection":[{"href":"https:\/\/agora.xtec.cat\/ceip-general-prim-reus\/wp-json\/wp\/v2\/posts"}],"about":[{"href":"https:\/\/agora.xtec.cat\/ceip-general-prim-reus\/wp-json\/wp\/v2\/types\/post"}],"author":[{"embeddable":true,"href":"https:\/\/agora.xtec.cat\/ceip-general-prim-reus\/wp-json\/wp\/v2\/users\/4"}],"replies":[{"embeddable":true,"href":"https:\/\/agora.xtec.cat\/ceip-general-prim-reus\/wp-json\/wp\/v2\/comments?post=6271"}],"version-history":[{"count":2,"href":"https:\/\/agora.xtec.cat\/ceip-general-prim-reus\/wp-json\/wp\/v2\/posts\/6271\/revisions"}],"predecessor-version":[{"id":6278,"href":"https:\/\/agora.xtec.cat\/ceip-general-prim-reus\/wp-json\/wp\/v2\/posts\/6271\/revisions\/6278"}],"wp:featuredmedia":[{"embeddable":true,"href":"https:\/\/agora.xtec.cat\/ceip-general-prim-reus\/wp-json\/wp\/v2\/media\/6277"}],"wp:attachment":[{"href":"https:\/\/agora.xtec.cat\/ceip-general-prim-reus\/wp-json\/wp\/v2\/media?parent=6271"}],"wp:term":[{"taxonomy":"category","embeddable":true,"href":"https:\/\/agora.xtec.cat\/ceip-general-prim-reus\/wp-json\/wp\/v2\/categories?post=6271"},{"taxonomy":"post_tag","embeddable":true,"href":"https:\/\/agora.xtec.cat\/ceip-general-prim-reus\/wp-json\/wp\/v2\/tags?post=6271"}],"curies":[{"name":"wp","href":"https:\/\/api.w.org\/{rel}","templated":true}]}}