{"id":6188,"date":"2025-12-13T11:02:27","date_gmt":"2025-12-13T10:02:27","guid":{"rendered":"https:\/\/agora.xtec.cat\/ceip-general-prim-reus\/?p=6188"},"modified":"2025-12-13T11:02:27","modified_gmt":"2025-12-13T10:02:27","slug":"5e-noves-activitats-en-el-nostre-etwinning","status":"publish","type":"post","link":"https:\/\/agora.xtec.cat\/ceip-general-prim-reus\/general\/5e-noves-activitats-en-el-nostre-etwinning\/","title":{"rendered":"5\u00e8: NOVES ACTIVITATS EN EL NOSTRE ETWINNING"},"content":{"rendered":"<p align=\"justify\">Els nens i les nenes de 5\u00e8 seguim treballant en el nostre projecte eTwinning, titulat <em>\u201c<\/em><em>English Throughout the Year: Celebrating the World in English\u201d<\/em>, tradu\u00eft com\u00a0<em>\u201c<\/em><span lang=\"ca-ES\"><em>Angl\u00e8s durant tot l\u2019any: Celebrant el m\u00f3n en angl\u00e8s\u201d<\/em>.<\/span><\/p>\n<p align=\"justify\"><span lang=\"ca-ES\">El<\/span><span lang=\"ca-ES\"> projecte ens est\u00e0 ajudant a desenvolupar les nostres habilitats en llengua anglesa a trav\u00e9s d\u2019activitats divertides i significatives inspirades en els dies internacionals i europeus importants. Pel mes de desembre, les propostes es basen en compartir les nostres tradicions d&#8217;hivern i Nadal. En el nostre cas, hem optat per fer unes presentacions en format Canva per penjar a l&#8217;espai Padlet on hem parlat del Ti\u00f3, del Dia de Sant Esteve, dels Tres Reis o el costum de menjar ra\u00efm per celebrar el canvi d&#8217;any.<\/span><\/p>\n<p align=\"justify\"><span lang=\"ca-ES\">\u00c9s habitual que cada cert temps fem una videotrucada per posar-nos cara entre les diferents escoles implicades. Durant el mes de desembre hem fet ha estat una trobada en l\u00ednia amb una escola de Cro\u00e0cia. Hem explicat la nostra tradici\u00f3 de fer cagar el Ti\u00f3 i els hem cantat la nadala &#8220;Mi burrito sabanero&#8221;. Els nens i nenes de Cro\u00e0cia s&#8217;han presentat i ens han mostrat la decoraci\u00f3 nadalenca de la seva aula i les banderes que han constru\u00eft. Hem gaudit molt de l&#8217;experi\u00e8ncia!<\/span><\/p>\n<p align=\"justify\"><em>#ADNprim #transformacioeducativa #erasmusproject #erasmusplus #europe @sepie_gob @erasmus.es @erasmusprojects4u<\/em><\/p>\n<p align=\"justify\"><img loading=\"lazy\" decoding=\"async\" class=\"aligncenter size-full wp-image-6195\" src=\"https:\/\/agora.xtec.cat\/ceip-general-prim-reus\/wp-content\/uploads\/usu163\/2025\/12\/EW1.jpg\" alt=\"\" width=\"651\" height=\"871\" srcset=\"https:\/\/agora.xtec.cat\/ceip-general-prim-reus\/wp-content\/uploads\/usu163\/2025\/12\/EW1.jpg 651w, https:\/\/agora.xtec.cat\/ceip-general-prim-reus\/wp-content\/uploads\/usu163\/2025\/12\/EW1-224x300.jpg 224w\" sizes=\"auto, (max-width: 651px) 100vw, 651px\" \/> <img loading=\"lazy\" decoding=\"async\" class=\"aligncenter size-full wp-image-6194\" src=\"https:\/\/agora.xtec.cat\/ceip-general-prim-reus\/wp-content\/uploads\/usu163\/2025\/12\/EW2.jpg\" alt=\"\" width=\"727\" height=\"869\" srcset=\"https:\/\/agora.xtec.cat\/ceip-general-prim-reus\/wp-content\/uploads\/usu163\/2025\/12\/EW2.jpg 727w, https:\/\/agora.xtec.cat\/ceip-general-prim-reus\/wp-content\/uploads\/usu163\/2025\/12\/EW2-251x300.jpg 251w\" sizes=\"auto, (max-width: 727px) 100vw, 727px\" \/> <img loading=\"lazy\" decoding=\"async\" class=\"aligncenter size-full wp-image-6193\" src=\"https:\/\/agora.xtec.cat\/ceip-general-prim-reus\/wp-content\/uploads\/usu163\/2025\/12\/EW3.jpg\" alt=\"\" width=\"651\" height=\"869\" srcset=\"https:\/\/agora.xtec.cat\/ceip-general-prim-reus\/wp-content\/uploads\/usu163\/2025\/12\/EW3.jpg 651w, https:\/\/agora.xtec.cat\/ceip-general-prim-reus\/wp-content\/uploads\/usu163\/2025\/12\/EW3-225x300.jpg 225w\" sizes=\"auto, (max-width: 651px) 100vw, 651px\" \/> <img loading=\"lazy\" decoding=\"async\" class=\"aligncenter size-full wp-image-6192\" src=\"https:\/\/agora.xtec.cat\/ceip-general-prim-reus\/wp-content\/uploads\/usu163\/2025\/12\/EW4.jpg\" alt=\"\" width=\"654\" height=\"872\" srcset=\"https:\/\/agora.xtec.cat\/ceip-general-prim-reus\/wp-content\/uploads\/usu163\/2025\/12\/EW4.jpg 654w, https:\/\/agora.xtec.cat\/ceip-general-prim-reus\/wp-content\/uploads\/usu163\/2025\/12\/EW4-225x300.jpg 225w\" sizes=\"auto, (max-width: 654px) 100vw, 654px\" \/> <img loading=\"lazy\" decoding=\"async\" class=\"aligncenter size-full wp-image-6191\" src=\"https:\/\/agora.xtec.cat\/ceip-general-prim-reus\/wp-content\/uploads\/usu163\/2025\/12\/2.png\" alt=\"\" width=\"1080\" height=\"1350\" srcset=\"https:\/\/agora.xtec.cat\/ceip-general-prim-reus\/wp-content\/uploads\/usu163\/2025\/12\/2.png 1080w, https:\/\/agora.xtec.cat\/ceip-general-prim-reus\/wp-content\/uploads\/usu163\/2025\/12\/2-240x300.png 240w, https:\/\/agora.xtec.cat\/ceip-general-prim-reus\/wp-content\/uploads\/usu163\/2025\/12\/2-819x1024.png 819w, https:\/\/agora.xtec.cat\/ceip-general-prim-reus\/wp-content\/uploads\/usu163\/2025\/12\/2-768x960.png 768w\" sizes=\"auto, (max-width: 1080px) 100vw, 1080px\" \/> <img loading=\"lazy\" decoding=\"async\" class=\"aligncenter size-full wp-image-6198\" src=\"https:\/\/agora.xtec.cat\/ceip-general-prim-reus\/wp-content\/uploads\/usu163\/2025\/12\/WINTER-CARD-4-2.jpg\" alt=\"\" width=\"1080\" height=\"1350\" srcset=\"https:\/\/agora.xtec.cat\/ceip-general-prim-reus\/wp-content\/uploads\/usu163\/2025\/12\/WINTER-CARD-4-2.jpg 1080w, https:\/\/agora.xtec.cat\/ceip-general-prim-reus\/wp-content\/uploads\/usu163\/2025\/12\/WINTER-CARD-4-2-240x300.jpg 240w, https:\/\/agora.xtec.cat\/ceip-general-prim-reus\/wp-content\/uploads\/usu163\/2025\/12\/WINTER-CARD-4-2-819x1024.jpg 819w, https:\/\/agora.xtec.cat\/ceip-general-prim-reus\/wp-content\/uploads\/usu163\/2025\/12\/WINTER-CARD-4-2-768x960.jpg 768w\" sizes=\"auto, (max-width: 1080px) 100vw, 1080px\" \/> <img loading=\"lazy\" decoding=\"async\" class=\"aligncenter size-full wp-image-6189\" src=\"https:\/\/agora.xtec.cat\/ceip-general-prim-reus\/wp-content\/uploads\/usu163\/2025\/12\/3.png\" alt=\"\" width=\"1080\" height=\"1350\" srcset=\"https:\/\/agora.xtec.cat\/ceip-general-prim-reus\/wp-content\/uploads\/usu163\/2025\/12\/3.png 1080w, https:\/\/agora.xtec.cat\/ceip-general-prim-reus\/wp-content\/uploads\/usu163\/2025\/12\/3-240x300.png 240w, https:\/\/agora.xtec.cat\/ceip-general-prim-reus\/wp-content\/uploads\/usu163\/2025\/12\/3-819x1024.png 819w, https:\/\/agora.xtec.cat\/ceip-general-prim-reus\/wp-content\/uploads\/usu163\/2025\/12\/3-768x960.png 768w\" sizes=\"auto, (max-width: 1080px) 100vw, 1080px\" \/> <img loading=\"lazy\" decoding=\"async\" class=\"aligncenter size-full wp-image-6178\" src=\"https:\/\/agora.xtec.cat\/ceip-general-prim-reus\/wp-content\/uploads\/usu163\/2025\/12\/logo-etwinnig.jpg\" alt=\"\" width=\"620\" height=\"189\" srcset=\"https:\/\/agora.xtec.cat\/ceip-general-prim-reus\/wp-content\/uploads\/usu163\/2025\/12\/logo-etwinnig.jpg 620w, https:\/\/agora.xtec.cat\/ceip-general-prim-reus\/wp-content\/uploads\/usu163\/2025\/12\/logo-etwinnig-300x91.jpg 300w\" sizes=\"auto, (max-width: 620px) 100vw, 620px\" \/> <img loading=\"lazy\" decoding=\"async\" class=\"aligncenter size-full wp-image-6180\" src=\"https:\/\/agora.xtec.cat\/ceip-general-prim-reus\/wp-content\/uploads\/usu163\/2025\/12\/Erasmus.jpg\" alt=\"\" width=\"579\" height=\"130\" srcset=\"https:\/\/agora.xtec.cat\/ceip-general-prim-reus\/wp-content\/uploads\/usu163\/2025\/12\/Erasmus.jpg 579w, https:\/\/agora.xtec.cat\/ceip-general-prim-reus\/wp-content\/uploads\/usu163\/2025\/12\/Erasmus-300x67.jpg 300w\" sizes=\"auto, (max-width: 579px) 100vw, 579px\" \/><\/p>\n<p align=\"justify\">\n<p align=\"justify\">Aqu\u00ed teniu totes les fotos: <a href=\"https:\/\/drive.google.com\/drive\/u\/1\/folders\/1xRlU3pLGzh0NC-ycSI3v4MaRdcKsw8Ql\" target=\"_blank\" rel=\"noopener\">5th: ACTIVITIES DECEMBER ETWINNING<\/a><\/p>\n<p align=\"justify\">\n","protected":false},"excerpt":{"rendered":"<p>Els nens i les nenes de 5\u00e8 seguim treballant en el nostre projecte eTwinning, titulat \u201cEnglish Throughout the Year: Celebrating the World in English\u201d, tradu\u00eft com\u00a0\u201cAngl\u00e8s durant tot l\u2019any: Celebrant el m\u00f3n en angl\u00e8s\u201d. El projecte ens est\u00e0 ajudant a desenvolupar les nostres habilitats en llengua anglesa a trav\u00e9s d\u2019activitats divertides i significatives inspirades en [&hellip;]<\/p>\n","protected":false},"author":4,"featured_media":6196,"comment_status":"open","ping_status":"open","sticky":false,"template":"","format":"standard","meta":{"_bbp_topic_count":0,"_bbp_reply_count":0,"_bbp_total_topic_count":0,"_bbp_total_reply_count":0,"_bbp_voice_count":0,"_bbp_anonymous_reply_count":0,"_bbp_topic_count_hidden":0,"_bbp_reply_count_hidden":0,"_bbp_forum_subforum_count":0,"site-sidebar-layout":"default","site-content-layout":"","ast-site-content-layout":"","site-content-style":"default","site-sidebar-style":"default","ast-global-header-display":"","ast-banner-title-visibility":"","ast-main-header-display":"","ast-hfb-above-header-display":"","ast-hfb-below-header-display":"","ast-hfb-mobile-header-display":"","site-post-title":"","ast-breadcrumbs-content":"","ast-featured-img":"","footer-sml-layout":"","theme-transparent-header-meta":"","adv-header-id-meta":"","stick-header-meta":"","header-above-stick-meta":"","header-main-stick-meta":"","header-below-stick-meta":"","astra-migrate-meta-layouts":"default","ast-page-background-enabled":"default","ast-page-background-meta":{"desktop":{"background-color":"var(--ast-global-color-4)","background-image":"","background-repeat":"repeat","background-position":"center center","background-size":"auto","background-attachment":"scroll","background-type":"","background-media":"","overlay-type":"","overlay-color":"","overlay-opacity":"","overlay-gradient":""},"tablet":{"background-color":"","background-image":"","background-repeat":"repeat","background-position":"center center","background-size":"auto","background-attachment":"scroll","background-type":"","background-media":"","overlay-type":"","overlay-color":"","overlay-opacity":"","overlay-gradient":""},"mobile":{"background-color":"","background-image":"","background-repeat":"repeat","background-position":"center center","background-size":"auto","background-attachment":"scroll","background-type":"","background-media":"","overlay-type":"","overlay-color":"","overlay-opacity":"","overlay-gradient":""}},"ast-content-background-meta":{"desktop":{"background-color":"var(--ast-global-color-5)","background-image":"","background-repeat":"repeat","background-position":"center center","background-size":"auto","background-attachment":"scroll","background-type":"","background-media":"","overlay-type":"","overlay-color":"","overlay-opacity":"","overlay-gradient":""},"tablet":{"background-color":"var(--ast-global-color-5)","background-image":"","background-repeat":"repeat","background-position":"center center","background-size":"auto","background-attachment":"scroll","background-type":"","background-media":"","overlay-type":"","overlay-color":"","overlay-opacity":"","overlay-gradient":""},"mobile":{"background-color":"var(--ast-global-color-5)","background-image":"","background-repeat":"repeat","background-position":"center center","background-size":"auto","background-attachment":"scroll","background-type":"","background-media":"","overlay-type":"","overlay-color":"","overlay-opacity":"","overlay-gradient":""}},"footnotes":""},"categories":[14,1,4,5,827,828,824],"tags":[166,94,1598,2123,2124,1093,1281,1519,1886,79,407,938,1448,1518,197,1946,217,1284,390,165,372,1285,1520,78,608,274,60,1282,1283,53,811,2186,1012],"class_list":["post-6188","post","type-post","status-publish","format-standard","has-post-thumbnail","hentry","category-5e","category-general","category-portada","category-primaria","category-projecte-internacionalitzacio","category-projectes-etwinning","category-xarxa-escoles-publiques","tag-5e","tag-activitats","tag-adnprim","tag-curs2025_26","tag-englishthroughouttheyearcelebratingtheworldinenglish","tag-erasmus","tag-erasmusplus","tag-erasmusplusprojects","tag-etwinning","tag-innovacio","tag-innovacioeducativa","tag-intercanvi","tag-intercanvicultural","tag-internacionalizacion","tag-novesmetodologies","tag-onlinemeeting","tag-participacio","tag-projecteerasmusplus","tag-projectes","tag-repte","tag-reptes","tag-sepie","tag-sepie_gob","tag-steam","tag-totsfemescola","tag-tradicions","tag-treball-collaboratiu","tag-ue","tag-unioeuropea","tag-valors","tag-viulapublica","tag-wintercards","tag-xarxadescolespubliquesdereus"],"post_mailing_queue_ids":[],"_links":{"self":[{"href":"https:\/\/agora.xtec.cat\/ceip-general-prim-reus\/wp-json\/wp\/v2\/posts\/6188","targetHints":{"allow":["GET"]}}],"collection":[{"href":"https:\/\/agora.xtec.cat\/ceip-general-prim-reus\/wp-json\/wp\/v2\/posts"}],"about":[{"href":"https:\/\/agora.xtec.cat\/ceip-general-prim-reus\/wp-json\/wp\/v2\/types\/post"}],"author":[{"embeddable":true,"href":"https:\/\/agora.xtec.cat\/ceip-general-prim-reus\/wp-json\/wp\/v2\/users\/4"}],"replies":[{"embeddable":true,"href":"https:\/\/agora.xtec.cat\/ceip-general-prim-reus\/wp-json\/wp\/v2\/comments?post=6188"}],"version-history":[{"count":1,"href":"https:\/\/agora.xtec.cat\/ceip-general-prim-reus\/wp-json\/wp\/v2\/posts\/6188\/revisions"}],"predecessor-version":[{"id":6199,"href":"https:\/\/agora.xtec.cat\/ceip-general-prim-reus\/wp-json\/wp\/v2\/posts\/6188\/revisions\/6199"}],"wp:featuredmedia":[{"embeddable":true,"href":"https:\/\/agora.xtec.cat\/ceip-general-prim-reus\/wp-json\/wp\/v2\/media\/6196"}],"wp:attachment":[{"href":"https:\/\/agora.xtec.cat\/ceip-general-prim-reus\/wp-json\/wp\/v2\/media?parent=6188"}],"wp:term":[{"taxonomy":"category","embeddable":true,"href":"https:\/\/agora.xtec.cat\/ceip-general-prim-reus\/wp-json\/wp\/v2\/categories?post=6188"},{"taxonomy":"post_tag","embeddable":true,"href":"https:\/\/agora.xtec.cat\/ceip-general-prim-reus\/wp-json\/wp\/v2\/tags?post=6188"}],"curies":[{"name":"wp","href":"https:\/\/api.w.org\/{rel}","templated":true}]}}