{"id":6169,"date":"2025-12-11T13:35:33","date_gmt":"2025-12-11T12:35:33","guid":{"rendered":"https:\/\/agora.xtec.cat\/ceip-general-prim-reus\/?p=6169"},"modified":"2026-02-28T11:46:56","modified_gmt":"2026-02-28T10:46:56","slug":"i4-i5-sortida-a-la-boca-de-la-mina","status":"publish","type":"post","link":"https:\/\/agora.xtec.cat\/ceip-general-prim-reus\/general\/i4-i5-sortida-a-la-boca-de-la-mina\/","title":{"rendered":"I4-I5: SORTIDA A LA BOCA DE LA MINA"},"content":{"rendered":"<p><span style=\"font-weight: 400;\">Els infants d\u2019I4 i d\u2019I5 han viscut una experi\u00e8ncia molt especial al Passeig de la Boca de la Mina i a la Font del Lle\u00f3. A trav\u00e9s d\u2019una proposta plena de m\u00e0gia, joc i descobertes, hem introdu\u00eft els nens i les nenes en el coneixement del cicle de l\u2019aigua i en el respecte pel nostre entorn natural i cultural.<\/span><\/p>\n<p><span style=\"font-weight: 400;\">Mitjan\u00e7ant can\u00e7ons, endevinalles i petites din\u00e0miques de joc, els infants han pogut observar, experimentar i descobrir la import\u00e0ncia de tenir cura del medi ambient i de valorar els espais que formen part del nostre patrimoni.\u00a0<\/span><\/p>\n<p><span style=\"font-weight: 400;\">L\u2019experi\u00e8ncia ha culminat a la Boca de la Mina, on els infants han conegut la seva hist\u00f2ria i la figura de l\u2019anissera, tancant aix\u00ed un mat\u00ed ple d\u2019aprenentatges, emocions i mirada curiosa sobre l\u2019aigua i tot all\u00f2 que ens ofereix.<\/span><\/p>\n<p><span style=\"font-weight: 400;\">Una sortida per cr\u00e9ixer, aprendre i estimar encara m\u00e9s el nostre entorn!<\/span><\/p>\n<p>I4 A I B \u00c0LBUM: <a href=\"https:\/\/drive.google.com\/drive\/folders\/1pQ4e9VrmihQSrJKT4XSwEtkdb8fWDlsO?usp=sharing\" target=\"_blank\" rel=\"noopener\">I4 A I B: SORTIDA BOCA DE LA MINA 2025<\/a><\/p>\n<p>I5 A \u00c0LBUM: <a href=\"https:\/\/drive.google.com\/drive\/folders\/1DYkqF7Sp6_eqm6Ks_JKLXulNi9l8TpBd?usp=sharing\" target=\"_blank\" rel=\"noopener\">I5 A: SORTIDA BOCA DE LA MINA 2025<\/a><\/p>\n<p>I5 B \u00c0LBUM: <a href=\"https:\/\/drive.google.com\/drive\/folders\/1O7YQIwOgSLOpJJ5bZICf1mb-RGif5RPD?usp=sharing\" target=\"_blank\" rel=\"noopener\">I5 B: SORTIDA BOCA DE LA MINA 2025<\/a><\/p>\n","protected":false},"excerpt":{"rendered":"<p>Els infants d\u2019I4 i d\u2019I5 han viscut una experi\u00e8ncia molt especial al Passeig de la Boca de la Mina i a la Font del Lle\u00f3. A trav\u00e9s d\u2019una proposta plena de m\u00e0gia, joc i descobertes, hem introdu\u00eft els nens i les nenes en el coneixement del cicle de l\u2019aigua i en el respecte pel nostre [&hellip;]<\/p>\n","protected":false},"author":4,"featured_media":6186,"comment_status":"open","ping_status":"open","sticky":false,"template":"","format":"standard","meta":{"_bbp_topic_count":0,"_bbp_reply_count":0,"_bbp_total_topic_count":0,"_bbp_total_reply_count":0,"_bbp_voice_count":0,"_bbp_anonymous_reply_count":0,"_bbp_topic_count_hidden":0,"_bbp_reply_count_hidden":0,"_bbp_forum_subforum_count":0,"site-sidebar-layout":"default","site-content-layout":"","ast-site-content-layout":"","site-content-style":"default","site-sidebar-style":"default","ast-global-header-display":"","ast-banner-title-visibility":"","ast-main-header-display":"","ast-hfb-above-header-display":"","ast-hfb-below-header-display":"","ast-hfb-mobile-header-display":"","site-post-title":"","ast-breadcrumbs-content":"","ast-featured-img":"","footer-sml-layout":"","theme-transparent-header-meta":"","adv-header-id-meta":"","stick-header-meta":"","header-above-stick-meta":"","header-main-stick-meta":"","header-below-stick-meta":"","astra-migrate-meta-layouts":"default","ast-page-background-enabled":"default","ast-page-background-meta":{"desktop":{"background-color":"var(--ast-global-color-4)","background-image":"","background-repeat":"repeat","background-position":"center center","background-size":"auto","background-attachment":"scroll","background-type":"","background-media":"","overlay-type":"","overlay-color":"","overlay-opacity":"","overlay-gradient":""},"tablet":{"background-color":"","background-image":"","background-repeat":"repeat","background-position":"center center","background-size":"auto","background-attachment":"scroll","background-type":"","background-media":"","overlay-type":"","overlay-color":"","overlay-opacity":"","overlay-gradient":""},"mobile":{"background-color":"","background-image":"","background-repeat":"repeat","background-position":"center center","background-size":"auto","background-attachment":"scroll","background-type":"","background-media":"","overlay-type":"","overlay-color":"","overlay-opacity":"","overlay-gradient":""}},"ast-content-background-meta":{"desktop":{"background-color":"var(--ast-global-color-5)","background-image":"","background-repeat":"repeat","background-position":"center center","background-size":"auto","background-attachment":"scroll","background-type":"","background-media":"","overlay-type":"","overlay-color":"","overlay-opacity":"","overlay-gradient":""},"tablet":{"background-color":"var(--ast-global-color-5)","background-image":"","background-repeat":"repeat","background-position":"center center","background-size":"auto","background-attachment":"scroll","background-type":"","background-media":"","overlay-type":"","overlay-color":"","overlay-opacity":"","overlay-gradient":""},"mobile":{"background-color":"var(--ast-global-color-5)","background-image":"","background-repeat":"repeat","background-position":"center center","background-size":"auto","background-attachment":"scroll","background-type":"","background-media":"","overlay-type":"","overlay-color":"","overlay-opacity":"","overlay-gradient":""}},"footnotes":""},"categories":[1,8,9,2,4,824],"tags":[94,1598,1976,1033,474,2123,700,1591,51,1592,436,1593,52,601,1495,1496,1594,79,407,1595,209,1563,1596,91,82,608,1248,53,811,1597,1012,813],"class_list":["post-6169","post","type-post","status-publish","format-standard","has-post-thumbnail","hentry","category-general","category-i4","category-i5","category-infantil","category-portada","category-xarxa-escoles-publiques","tag-activitats","tag-adnprim","tag-bocadelamina","tag-comunitatdelspetits","tag-coneixementdelmedi","tag-curs2025_26","tag-educacio","tag-equitat","tag-escola","tag-escolapublicareus","tag-escoles","tag-escolespubliques","tag-festes","tag-historia","tag-i4","tag-i5","tag-inclusiva","tag-innovacio","tag-innovacioeducativa","tag-innovadora","tag-natura","tag-publica","tag-qualitat","tag-reus","tag-sortida","tag-totsfemescola","tag-transformacioeducativa","tag-valors","tag-viulapublica","tag-vivadiversaipublica","tag-xarxadescolespubliquesdereus","tag-xepr"],"post_mailing_queue_ids":[],"_links":{"self":[{"href":"https:\/\/agora.xtec.cat\/ceip-general-prim-reus\/wp-json\/wp\/v2\/posts\/6169","targetHints":{"allow":["GET"]}}],"collection":[{"href":"https:\/\/agora.xtec.cat\/ceip-general-prim-reus\/wp-json\/wp\/v2\/posts"}],"about":[{"href":"https:\/\/agora.xtec.cat\/ceip-general-prim-reus\/wp-json\/wp\/v2\/types\/post"}],"author":[{"embeddable":true,"href":"https:\/\/agora.xtec.cat\/ceip-general-prim-reus\/wp-json\/wp\/v2\/users\/4"}],"replies":[{"embeddable":true,"href":"https:\/\/agora.xtec.cat\/ceip-general-prim-reus\/wp-json\/wp\/v2\/comments?post=6169"}],"version-history":[{"count":2,"href":"https:\/\/agora.xtec.cat\/ceip-general-prim-reus\/wp-json\/wp\/v2\/posts\/6169\/revisions"}],"predecessor-version":[{"id":6187,"href":"https:\/\/agora.xtec.cat\/ceip-general-prim-reus\/wp-json\/wp\/v2\/posts\/6169\/revisions\/6187"}],"wp:featuredmedia":[{"embeddable":true,"href":"https:\/\/agora.xtec.cat\/ceip-general-prim-reus\/wp-json\/wp\/v2\/media\/6186"}],"wp:attachment":[{"href":"https:\/\/agora.xtec.cat\/ceip-general-prim-reus\/wp-json\/wp\/v2\/media?parent=6169"}],"wp:term":[{"taxonomy":"category","embeddable":true,"href":"https:\/\/agora.xtec.cat\/ceip-general-prim-reus\/wp-json\/wp\/v2\/categories?post=6169"},{"taxonomy":"post_tag","embeddable":true,"href":"https:\/\/agora.xtec.cat\/ceip-general-prim-reus\/wp-json\/wp\/v2\/tags?post=6169"}],"curies":[{"name":"wp","href":"https:\/\/api.w.org\/{rel}","templated":true}]}}