{"id":6133,"date":"2025-11-22T10:00:48","date_gmt":"2025-11-22T09:00:48","guid":{"rendered":"https:\/\/agora.xtec.cat\/ceip-general-prim-reus\/?p=6133"},"modified":"2025-11-22T10:00:48","modified_gmt":"2025-11-22T09:00:48","slug":"celebrem-el-dia-de-la-musica-3","status":"publish","type":"post","link":"https:\/\/agora.xtec.cat\/ceip-general-prim-reus\/general\/celebrem-el-dia-de-la-musica-3\/","title":{"rendered":"CELEBREM EL DIA DE LA M\u00daSICA"},"content":{"rendered":"<p>Per commemorar el Dia de la M\u00fasica, el passat 21 de novembre a la tarda, tota l&#8217;escola es va reunir al pati per gaudir d&#8217;una cantada de can\u00e7ons que les diferents classes havien assajat a l&#8217;\u00e0rea de M\u00fasica. Els petits de l&#8217;escola van gaudir del concert fent d\u2019espectadors mentre que les classes van anar cantant les seg\u00fcents can\u00e7ons:<br \/>\n1r: Monstre de colors<br \/>\n2n: Amistat<br \/>\n3r: Himne de l\u2019alegria<br \/>\n4t: Compta amb mi<br \/>\n5\u00e8: Mare Terra<br \/>\n6\u00e8: STOP bullying<\/p>\n<p>Tots vam gaudir d&#8217;un gran espectacle!<\/p>\n<p>Aqu\u00ed teniu les fotos: <a href=\"https:\/\/drive.google.com\/drive\/u\/0\/folders\/1JL2AaLlZ9PlZqXmr7NCkEM8b7l9-nkz_\" target=\"_blank\" rel=\"noopener\">ACTE SANTA CEC\u00cdLIA 2025<\/a><\/p>\n","protected":false},"excerpt":{"rendered":"<p>Per commemorar el Dia de la M\u00fasica, el passat 21 de novembre a la tarda, tota l&#8217;escola es va reunir al pati per gaudir d&#8217;una cantada de can\u00e7ons que les diferents classes havien assajat a l&#8217;\u00e0rea de M\u00fasica. Els petits de l&#8217;escola van gaudir del concert fent d\u2019espectadors mentre que les classes van anar cantant [&hellip;]<\/p>\n","protected":false},"author":4,"featured_media":6134,"comment_status":"open","ping_status":"open","sticky":false,"template":"","format":"standard","meta":{"_bbp_topic_count":0,"_bbp_reply_count":0,"_bbp_total_topic_count":0,"_bbp_total_reply_count":0,"_bbp_voice_count":0,"_bbp_anonymous_reply_count":0,"_bbp_topic_count_hidden":0,"_bbp_reply_count_hidden":0,"_bbp_forum_subforum_count":0,"site-sidebar-layout":"default","site-content-layout":"","ast-site-content-layout":"","site-content-style":"default","site-sidebar-style":"default","ast-global-header-display":"","ast-banner-title-visibility":"","ast-main-header-display":"","ast-hfb-above-header-display":"","ast-hfb-below-header-display":"","ast-hfb-mobile-header-display":"","site-post-title":"","ast-breadcrumbs-content":"","ast-featured-img":"","footer-sml-layout":"","theme-transparent-header-meta":"","adv-header-id-meta":"","stick-header-meta":"","header-above-stick-meta":"","header-main-stick-meta":"","header-below-stick-meta":"","astra-migrate-meta-layouts":"default","ast-page-background-enabled":"default","ast-page-background-meta":{"desktop":{"background-color":"var(--ast-global-color-4)","background-image":"","background-repeat":"repeat","background-position":"center center","background-size":"auto","background-attachment":"scroll","background-type":"","background-media":"","overlay-type":"","overlay-color":"","overlay-opacity":"","overlay-gradient":""},"tablet":{"background-color":"","background-image":"","background-repeat":"repeat","background-position":"center center","background-size":"auto","background-attachment":"scroll","background-type":"","background-media":"","overlay-type":"","overlay-color":"","overlay-opacity":"","overlay-gradient":""},"mobile":{"background-color":"","background-image":"","background-repeat":"repeat","background-position":"center center","background-size":"auto","background-attachment":"scroll","background-type":"","background-media":"","overlay-type":"","overlay-color":"","overlay-opacity":"","overlay-gradient":""}},"ast-content-background-meta":{"desktop":{"background-color":"var(--ast-global-color-5)","background-image":"","background-repeat":"repeat","background-position":"center center","background-size":"auto","background-attachment":"scroll","background-type":"","background-media":"","overlay-type":"","overlay-color":"","overlay-opacity":"","overlay-gradient":""},"tablet":{"background-color":"var(--ast-global-color-5)","background-image":"","background-repeat":"repeat","background-position":"center center","background-size":"auto","background-attachment":"scroll","background-type":"","background-media":"","overlay-type":"","overlay-color":"","overlay-opacity":"","overlay-gradient":""},"mobile":{"background-color":"var(--ast-global-color-5)","background-image":"","background-repeat":"repeat","background-position":"center center","background-size":"auto","background-attachment":"scroll","background-type":"","background-media":"","overlay-type":"","overlay-color":"","overlay-opacity":"","overlay-gradient":""}},"footnotes":""},"categories":[1,612,4,5,824],"tags":[94,1598,1019,999,1033,241,2123,1554,1553,2173,79,407,77,217,1034,1751,608,274,811,1544,1012,813],"class_list":["post-6133","post","type-post","status-publish","format-standard","has-post-thumbnail","hentry","category-general","category-musica","category-portada","category-primaria","category-xarxa-escoles-publiques","tag-activitats","tag-adnprim","tag-comunitatdelsgrans","tag-comunitatdelsmitjans","tag-comunitatdelspetits","tag-cultura","tag-curs2025_26","tag-diadelamusica","tag-diadelsmusics","tag-guitarra","tag-innovacio","tag-innovacioeducativa","tag-musica","tag-participacio","tag-santacecilia","tag-teclat","tag-totsfemescola","tag-tradicions","tag-viulapublica","tag-vivimlamusica","tag-xarxadescolespubliquesdereus","tag-xepr"],"post_mailing_queue_ids":[],"_links":{"self":[{"href":"https:\/\/agora.xtec.cat\/ceip-general-prim-reus\/wp-json\/wp\/v2\/posts\/6133","targetHints":{"allow":["GET"]}}],"collection":[{"href":"https:\/\/agora.xtec.cat\/ceip-general-prim-reus\/wp-json\/wp\/v2\/posts"}],"about":[{"href":"https:\/\/agora.xtec.cat\/ceip-general-prim-reus\/wp-json\/wp\/v2\/types\/post"}],"author":[{"embeddable":true,"href":"https:\/\/agora.xtec.cat\/ceip-general-prim-reus\/wp-json\/wp\/v2\/users\/4"}],"replies":[{"embeddable":true,"href":"https:\/\/agora.xtec.cat\/ceip-general-prim-reus\/wp-json\/wp\/v2\/comments?post=6133"}],"version-history":[{"count":1,"href":"https:\/\/agora.xtec.cat\/ceip-general-prim-reus\/wp-json\/wp\/v2\/posts\/6133\/revisions"}],"predecessor-version":[{"id":6135,"href":"https:\/\/agora.xtec.cat\/ceip-general-prim-reus\/wp-json\/wp\/v2\/posts\/6133\/revisions\/6135"}],"wp:featuredmedia":[{"embeddable":true,"href":"https:\/\/agora.xtec.cat\/ceip-general-prim-reus\/wp-json\/wp\/v2\/media\/6134"}],"wp:attachment":[{"href":"https:\/\/agora.xtec.cat\/ceip-general-prim-reus\/wp-json\/wp\/v2\/media?parent=6133"}],"wp:term":[{"taxonomy":"category","embeddable":true,"href":"https:\/\/agora.xtec.cat\/ceip-general-prim-reus\/wp-json\/wp\/v2\/categories?post=6133"},{"taxonomy":"post_tag","embeddable":true,"href":"https:\/\/agora.xtec.cat\/ceip-general-prim-reus\/wp-json\/wp\/v2\/tags?post=6133"}],"curies":[{"name":"wp","href":"https:\/\/api.w.org\/{rel}","templated":true}]}}