{"id":6118,"date":"2025-11-16T21:12:41","date_gmt":"2025-11-16T20:12:41","guid":{"rendered":"https:\/\/agora.xtec.cat\/ceip-general-prim-reus\/?p=6118"},"modified":"2025-11-16T21:12:47","modified_gmt":"2025-11-16T20:12:47","slug":"els-espais-artistics","status":"publish","type":"post","link":"https:\/\/agora.xtec.cat\/ceip-general-prim-reus\/general\/els-espais-artistics\/","title":{"rendered":"ELS ESPAIS ART\u00cdSTICS"},"content":{"rendered":"<p>Els espais art\u00edstics donen continu\u00eftat a la nostra metodologia d\u2019escola i van des d\u2019infantil fins a sis\u00e8 de prim\u00e0ria. Estan pensats per fomentar una pedagogia lliure i activa, aquesta basada fonamentalment en entendre i ajudar a l\u2019infant a desenvolupar-se en totes les seves dimensions, aix\u00ed com tamb\u00e9 a donar resposta als interessos dels nens i nenes i a les seves necessitats, respectant aix\u00ed els diversos ritmes d\u2019aprenentatge. Cadascun dels espais consta de diferents microespais amb un ampli ventall de diverses propostes art\u00edstiques (collage, art-natura, polseres, etc.), atenent grups internivells (tota la comunitat educativa). El propi alumnat disposa d\u2019una targeta, que els hi serveix d\u2019itinerari; on queda const\u00e0ncia del recorregut dels espais visitats, amb la seva data i la posterior autoavaluaci\u00f3 (colorejant estrelles) per part de l\u2019infant. D\u2019aquesta manera hi ha const\u00e0ncia visible dels indrets gaudits. En finalitzar els espais, dediquem els \u00faltims minuts a fer una petita avaluaci\u00f3 de com ha estat la sessi\u00f3, que hem apr\u00e8s, que cal millorar, sempre tenint en compte el propi pensament de l&#8217;infant.<\/p>\n<p>Aqu\u00ed teniu algunes imatges:<\/p>\n<p><a href=\"https:\/\/drive.google.com\/drive\/folders\/1jgJmYiQJ041lPNREnEmxrmfhfDUbuZrC?usp=sharing\" target=\"_blank\" rel=\"noopener\">\u00c0LBUM ESPAIS ART\u00cdSTICS PRIM\u00c0RIA 25-26<\/a><\/p>\n<p>&nbsp;<\/p>\n","protected":false},"excerpt":{"rendered":"<p>Els espais art\u00edstics donen continu\u00eftat a la nostra metodologia d\u2019escola i van des d\u2019infantil fins a sis\u00e8 de prim\u00e0ria. Estan pensats per fomentar una pedagogia lliure i activa, aquesta basada fonamentalment en entendre i ajudar a l\u2019infant a desenvolupar-se en totes les seves dimensions, aix\u00ed com tamb\u00e9 a donar resposta als interessos dels nens i [&hellip;]<\/p>\n","protected":false},"author":4,"featured_media":6119,"comment_status":"open","ping_status":"open","sticky":false,"template":"","format":"standard","meta":{"_bbp_topic_count":0,"_bbp_reply_count":0,"_bbp_total_topic_count":0,"_bbp_total_reply_count":0,"_bbp_voice_count":0,"_bbp_anonymous_reply_count":0,"_bbp_topic_count_hidden":0,"_bbp_reply_count_hidden":0,"_bbp_forum_subforum_count":0,"site-sidebar-layout":"default","site-content-layout":"","ast-site-content-layout":"","site-content-style":"default","site-sidebar-style":"default","ast-global-header-display":"","ast-banner-title-visibility":"","ast-main-header-display":"","ast-hfb-above-header-display":"","ast-hfb-below-header-display":"","ast-hfb-mobile-header-display":"","site-post-title":"","ast-breadcrumbs-content":"","ast-featured-img":"","footer-sml-layout":"","theme-transparent-header-meta":"","adv-header-id-meta":"","stick-header-meta":"","header-above-stick-meta":"","header-main-stick-meta":"","header-below-stick-meta":"","astra-migrate-meta-layouts":"default","ast-page-background-enabled":"default","ast-page-background-meta":{"desktop":{"background-color":"var(--ast-global-color-4)","background-image":"","background-repeat":"repeat","background-position":"center center","background-size":"auto","background-attachment":"scroll","background-type":"","background-media":"","overlay-type":"","overlay-color":"","overlay-opacity":"","overlay-gradient":""},"tablet":{"background-color":"","background-image":"","background-repeat":"repeat","background-position":"center center","background-size":"auto","background-attachment":"scroll","background-type":"","background-media":"","overlay-type":"","overlay-color":"","overlay-opacity":"","overlay-gradient":""},"mobile":{"background-color":"","background-image":"","background-repeat":"repeat","background-position":"center center","background-size":"auto","background-attachment":"scroll","background-type":"","background-media":"","overlay-type":"","overlay-color":"","overlay-opacity":"","overlay-gradient":""}},"ast-content-background-meta":{"desktop":{"background-color":"var(--ast-global-color-5)","background-image":"","background-repeat":"repeat","background-position":"center center","background-size":"auto","background-attachment":"scroll","background-type":"","background-media":"","overlay-type":"","overlay-color":"","overlay-opacity":"","overlay-gradient":""},"tablet":{"background-color":"var(--ast-global-color-5)","background-image":"","background-repeat":"repeat","background-position":"center center","background-size":"auto","background-attachment":"scroll","background-type":"","background-media":"","overlay-type":"","overlay-color":"","overlay-opacity":"","overlay-gradient":""},"mobile":{"background-color":"var(--ast-global-color-5)","background-image":"","background-repeat":"repeat","background-position":"center center","background-size":"auto","background-attachment":"scroll","background-type":"","background-media":"","overlay-type":"","overlay-color":"","overlay-opacity":"","overlay-gradient":""}},"footnotes":""},"categories":[1,4,5,824],"tags":[94,1598,130,903,448,999,65,135,2123,569,583,51,1268,1511,134,407,77,217,1338,608,1248,60,811,1012,813],"class_list":["post-6118","post","type-post","status-publish","format-standard","has-post-thumbnail","hentry","category-general","category-portada","category-primaria","category-xarxa-escoles-publiques","tag-activitats","tag-adnprim","tag-art","tag-artista","tag-artistes","tag-comunitatdelsmitjans","tag-cooperacio","tag-creativitat","tag-curs2025_26","tag-educacioartistica","tag-educaciomusical","tag-escola","tag-espais","tag-espaisartistics","tag-imaginacio","tag-innovacioeducativa","tag-musica","tag-participacio","tag-pintura","tag-totsfemescola","tag-transformacioeducativa","tag-treball-collaboratiu","tag-viulapublica","tag-xarxadescolespubliquesdereus","tag-xepr"],"post_mailing_queue_ids":[],"_links":{"self":[{"href":"https:\/\/agora.xtec.cat\/ceip-general-prim-reus\/wp-json\/wp\/v2\/posts\/6118","targetHints":{"allow":["GET"]}}],"collection":[{"href":"https:\/\/agora.xtec.cat\/ceip-general-prim-reus\/wp-json\/wp\/v2\/posts"}],"about":[{"href":"https:\/\/agora.xtec.cat\/ceip-general-prim-reus\/wp-json\/wp\/v2\/types\/post"}],"author":[{"embeddable":true,"href":"https:\/\/agora.xtec.cat\/ceip-general-prim-reus\/wp-json\/wp\/v2\/users\/4"}],"replies":[{"embeddable":true,"href":"https:\/\/agora.xtec.cat\/ceip-general-prim-reus\/wp-json\/wp\/v2\/comments?post=6118"}],"version-history":[{"count":1,"href":"https:\/\/agora.xtec.cat\/ceip-general-prim-reus\/wp-json\/wp\/v2\/posts\/6118\/revisions"}],"predecessor-version":[{"id":6120,"href":"https:\/\/agora.xtec.cat\/ceip-general-prim-reus\/wp-json\/wp\/v2\/posts\/6118\/revisions\/6120"}],"wp:featuredmedia":[{"embeddable":true,"href":"https:\/\/agora.xtec.cat\/ceip-general-prim-reus\/wp-json\/wp\/v2\/media\/6119"}],"wp:attachment":[{"href":"https:\/\/agora.xtec.cat\/ceip-general-prim-reus\/wp-json\/wp\/v2\/media?parent=6118"}],"wp:term":[{"taxonomy":"category","embeddable":true,"href":"https:\/\/agora.xtec.cat\/ceip-general-prim-reus\/wp-json\/wp\/v2\/categories?post=6118"},{"taxonomy":"post_tag","embeddable":true,"href":"https:\/\/agora.xtec.cat\/ceip-general-prim-reus\/wp-json\/wp\/v2\/tags?post=6118"}],"curies":[{"name":"wp","href":"https:\/\/api.w.org\/{rel}","templated":true}]}}