{"id":6114,"date":"2025-11-14T20:21:56","date_gmt":"2025-11-14T19:21:56","guid":{"rendered":"https:\/\/agora.xtec.cat\/ceip-general-prim-reus\/?p=6114"},"modified":"2025-11-14T20:21:56","modified_gmt":"2025-11-14T19:21:56","slug":"4t-taller-de-moviment-creatiu-estimat-en-moviment-2","status":"publish","type":"post","link":"https:\/\/agora.xtec.cat\/ceip-general-prim-reus\/general\/4t-taller-de-moviment-creatiu-estimat-en-moviment-2\/","title":{"rendered":"4t: TALLER DE MOVIMENT CREATIU \u201cESTIMA\u2019T EN MOVIMENT\u201d"},"content":{"rendered":"<p>Les nenes i els nens de 4t han participat en el taller\u00a0<em><strong>\u201cEstima\u2019t en moviment\u201d<\/strong><\/em>, que forma part d\u2019un projecte pedag\u00f2gic i art\u00edstic creat per M\u00f2nica Rinc\u00f3n, especialista en coach corporal i PNL (Programacio\u0301 neolingu\u0308i\u0301stica) i ma\u0300ster en Dansa Moviment Tera\u0300pia a l\u2019institut IASE.<\/p>\n<p>El taller ha servit per oferir eines i recursos als nostres infants per potenciar la seva autoestima. A trav\u00e9s del joc, el moviment, la dansa i la creativitat, s\u2019han treballat din\u00e0miques d\u2019expressi\u00f3 corporal i t\u00e8cniques de coaching, amb l\u2019objectiu de fomentar l\u2019amor propi, la confian\u00e7a en un mateix i la capacitat d\u2019autoavalorar-se.<\/p>\n<p>L\u2019alumnat de 4t ha gaudit molt de la sessi\u00f3, ja que l\u2019\u00fanic llenguatge que s\u2019ha utilitzat ha estat el moviment del cos. A m\u00e9s, han estat conscients de la import\u00e0ncia de l\u2019autoestima i han experimentat a trav\u00e9s els seus moviments la sensaci\u00f3 de sentir-se lliures i feli\u00e7os.<\/p>\n<p>Cliqueu el seg\u00fcent enlla\u00e7 per veure totes les fotos i v\u00eddeos:<\/p>\n<p><a href=\"https:\/\/drive.google.com\/drive\/u\/0\/folders\/1AmjKZS8R3oDtcE6QfvCCbAnrNOPr_QtU\">4t: TALLER &#8220;ESTIMA&#8217;T EN MOVIMENT&#8221; 2025: Google Drive<\/a><\/p>\n","protected":false},"excerpt":{"rendered":"<p>Les nenes i els nens de 4t han participat en el taller\u00a0\u201cEstima\u2019t en moviment\u201d, que forma part d\u2019un projecte pedag\u00f2gic i art\u00edstic creat per M\u00f2nica Rinc\u00f3n, especialista en coach corporal i PNL (Programacio\u0301 neolingu\u0308i\u0301stica) i ma\u0300ster en Dansa Moviment Tera\u0300pia a l\u2019institut IASE. El taller ha servit per oferir eines i recursos als nostres infants [&hellip;]<\/p>\n","protected":false},"author":4,"featured_media":6116,"comment_status":"open","ping_status":"open","sticky":false,"template":"","format":"standard","meta":{"_bbp_topic_count":0,"_bbp_reply_count":0,"_bbp_total_topic_count":0,"_bbp_total_reply_count":0,"_bbp_voice_count":0,"_bbp_anonymous_reply_count":0,"_bbp_topic_count_hidden":0,"_bbp_reply_count_hidden":0,"_bbp_forum_subforum_count":0,"site-sidebar-layout":"default","site-content-layout":"","ast-site-content-layout":"","site-content-style":"default","site-sidebar-style":"default","ast-global-header-display":"","ast-banner-title-visibility":"","ast-main-header-display":"","ast-hfb-above-header-display":"","ast-hfb-below-header-display":"","ast-hfb-mobile-header-display":"","site-post-title":"","ast-breadcrumbs-content":"","ast-featured-img":"","footer-sml-layout":"","theme-transparent-header-meta":"","adv-header-id-meta":"","stick-header-meta":"","header-above-stick-meta":"","header-main-stick-meta":"","header-below-stick-meta":"","astra-migrate-meta-layouts":"default","ast-page-background-enabled":"default","ast-page-background-meta":{"desktop":{"background-color":"var(--ast-global-color-4)","background-image":"","background-repeat":"repeat","background-position":"center center","background-size":"auto","background-attachment":"scroll","background-type":"","background-media":"","overlay-type":"","overlay-color":"","overlay-opacity":"","overlay-gradient":""},"tablet":{"background-color":"","background-image":"","background-repeat":"repeat","background-position":"center center","background-size":"auto","background-attachment":"scroll","background-type":"","background-media":"","overlay-type":"","overlay-color":"","overlay-opacity":"","overlay-gradient":""},"mobile":{"background-color":"","background-image":"","background-repeat":"repeat","background-position":"center center","background-size":"auto","background-attachment":"scroll","background-type":"","background-media":"","overlay-type":"","overlay-color":"","overlay-opacity":"","overlay-gradient":""}},"ast-content-background-meta":{"desktop":{"background-color":"var(--ast-global-color-5)","background-image":"","background-repeat":"repeat","background-position":"center center","background-size":"auto","background-attachment":"scroll","background-type":"","background-media":"","overlay-type":"","overlay-color":"","overlay-opacity":"","overlay-gradient":""},"tablet":{"background-color":"var(--ast-global-color-5)","background-image":"","background-repeat":"repeat","background-position":"center center","background-size":"auto","background-attachment":"scroll","background-type":"","background-media":"","overlay-type":"","overlay-color":"","overlay-opacity":"","overlay-gradient":""},"mobile":{"background-color":"var(--ast-global-color-5)","background-image":"","background-repeat":"repeat","background-position":"center center","background-size":"auto","background-attachment":"scroll","background-type":"","background-media":"","overlay-type":"","overlay-color":"","overlay-opacity":"","overlay-gradient":""}},"footnotes":""},"categories":[13,1,4,5,824],"tags":[158,94,1598,754,1921,2123,51,1922,698,242,89,79,407,1923,1148,217,1709,64,608,1256,60,811,1012,813],"class_list":["post-6114","post","type-post","status-publish","format-standard","has-post-thumbnail","hentry","category-4t","category-general","category-portada","category-primaria","category-xarxa-escoles-publiques","tag-4t","tag-activitats","tag-adnprim","tag-autoestima","tag-confianca","tag-curs2025_26","tag-escola","tag-estimar-se","tag-exercici","tag-expressiocorporal","tag-habits","tag-innovacio","tag-innovacioeducativa","tag-ment","tag-moviment","tag-participacio","tag-relaxacio","tag-taller","tag-totsfemescola","tag-transformaciodecentre","tag-treball-collaboratiu","tag-viulapublica","tag-xarxadescolespubliquesdereus","tag-xepr"],"post_mailing_queue_ids":[],"_links":{"self":[{"href":"https:\/\/agora.xtec.cat\/ceip-general-prim-reus\/wp-json\/wp\/v2\/posts\/6114","targetHints":{"allow":["GET"]}}],"collection":[{"href":"https:\/\/agora.xtec.cat\/ceip-general-prim-reus\/wp-json\/wp\/v2\/posts"}],"about":[{"href":"https:\/\/agora.xtec.cat\/ceip-general-prim-reus\/wp-json\/wp\/v2\/types\/post"}],"author":[{"embeddable":true,"href":"https:\/\/agora.xtec.cat\/ceip-general-prim-reus\/wp-json\/wp\/v2\/users\/4"}],"replies":[{"embeddable":true,"href":"https:\/\/agora.xtec.cat\/ceip-general-prim-reus\/wp-json\/wp\/v2\/comments?post=6114"}],"version-history":[{"count":2,"href":"https:\/\/agora.xtec.cat\/ceip-general-prim-reus\/wp-json\/wp\/v2\/posts\/6114\/revisions"}],"predecessor-version":[{"id":6117,"href":"https:\/\/agora.xtec.cat\/ceip-general-prim-reus\/wp-json\/wp\/v2\/posts\/6114\/revisions\/6117"}],"wp:featuredmedia":[{"embeddable":true,"href":"https:\/\/agora.xtec.cat\/ceip-general-prim-reus\/wp-json\/wp\/v2\/media\/6116"}],"wp:attachment":[{"href":"https:\/\/agora.xtec.cat\/ceip-general-prim-reus\/wp-json\/wp\/v2\/media?parent=6114"}],"wp:term":[{"taxonomy":"category","embeddable":true,"href":"https:\/\/agora.xtec.cat\/ceip-general-prim-reus\/wp-json\/wp\/v2\/categories?post=6114"},{"taxonomy":"post_tag","embeddable":true,"href":"https:\/\/agora.xtec.cat\/ceip-general-prim-reus\/wp-json\/wp\/v2\/tags?post=6114"}],"curies":[{"name":"wp","href":"https:\/\/api.w.org\/{rel}","templated":true}]}}