{"id":6102,"date":"2025-11-12T12:07:34","date_gmt":"2025-11-12T11:07:34","guid":{"rendered":"https:\/\/agora.xtec.cat\/ceip-general-prim-reus\/?p=6102"},"modified":"2025-11-12T12:07:34","modified_gmt":"2025-11-12T11:07:34","slug":"petits-sortida-a-la-granja-neri","status":"publish","type":"post","link":"https:\/\/agora.xtec.cat\/ceip-general-prim-reus\/general\/petits-sortida-a-la-granja-neri\/","title":{"rendered":"PETITS: SORTIDA A LA GRANJA NERI"},"content":{"rendered":"<p><span style=\"font-weight: 400;\">Els infants d\u2019educaci\u00f3 infantil hem gaudit entre octubre i novembre d&#8217;una experi\u00e8ncia molt especial: Hem anat a la <\/span><b>Granja Neri<\/b><span style=\"font-weight: 400;\">!<\/span><\/p>\n<p><span style=\"font-weight: 400;\">Hem pogut <\/span><b>con\u00e8ixer de prop diferents animals<\/b><span style=\"font-weight: 400;\">, donar-los menjar, tocar-los, raspallar-los i aprendre moltes coses sobre com viuen i de qu\u00e8 s\u2019alimenten. Tamb\u00e9 hem descobert d\u2019on surten alguns dels aliments que mengem cada dia i hem passat una <\/span><b>jornada plena de natura, emocions i aprenentatges<\/b><span style=\"font-weight: 400;\">.<\/span><\/p>\n<p><span style=\"font-weight: 400;\">Ha estat una <\/span><b>experi\u00e8ncia molt enriquidora<\/b><span style=\"font-weight: 400;\">, on l\u2019alumnat ha gaudit del contacte amb l\u2019entorn natural, del joc a l\u2019aire lliure i de compartir moments amb els companys i companyes. \ud83c\udf3f<\/span><\/p>\n<p>Aqu\u00ed teniu les fotos de la sortida:<\/p>\n<p><a href=\"https:\/\/drive.google.com\/drive\/u\/0\/folders\/1DdG9wt8KzD3fc-4ORbCW_aB0bU4leses\" target=\"_blank\" rel=\"noopener\">I5 A GRANJA NERI<\/a><\/p>\n<p><a href=\"https:\/\/drive.google.com\/drive\/folders\/1AyfCo5LaleNrGhmOUFSytTfKLryvqxrP?usp=sharing\" target=\"_blank\" rel=\"noopener\">I5 B GRANJA NERI<\/a><\/p>\n","protected":false},"excerpt":{"rendered":"<p>Els infants d\u2019educaci\u00f3 infantil hem gaudit entre octubre i novembre d&#8217;una experi\u00e8ncia molt especial: Hem anat a la Granja Neri! Hem pogut con\u00e8ixer de prop diferents animals, donar-los menjar, tocar-los, raspallar-los i aprendre moltes coses sobre com viuen i de qu\u00e8 s\u2019alimenten. Tamb\u00e9 hem descobert d\u2019on surten alguns dels aliments que mengem cada dia i [&hellip;]<\/p>\n","protected":false},"author":4,"featured_media":6103,"comment_status":"open","ping_status":"open","sticky":false,"template":"","format":"standard","meta":{"_bbp_topic_count":0,"_bbp_reply_count":0,"_bbp_total_topic_count":0,"_bbp_total_reply_count":0,"_bbp_voice_count":0,"_bbp_anonymous_reply_count":0,"_bbp_topic_count_hidden":0,"_bbp_reply_count_hidden":0,"_bbp_forum_subforum_count":0,"site-sidebar-layout":"default","site-content-layout":"","ast-site-content-layout":"","site-content-style":"default","site-sidebar-style":"default","ast-global-header-display":"","ast-banner-title-visibility":"","ast-main-header-display":"","ast-hfb-above-header-display":"","ast-hfb-below-header-display":"","ast-hfb-mobile-header-display":"","site-post-title":"","ast-breadcrumbs-content":"","ast-featured-img":"","footer-sml-layout":"","theme-transparent-header-meta":"","adv-header-id-meta":"","stick-header-meta":"","header-above-stick-meta":"","header-main-stick-meta":"","header-below-stick-meta":"","astra-migrate-meta-layouts":"default","ast-page-background-enabled":"default","ast-page-background-meta":{"desktop":{"background-color":"var(--ast-global-color-4)","background-image":"","background-repeat":"repeat","background-position":"center center","background-size":"auto","background-attachment":"scroll","background-type":"","background-media":"","overlay-type":"","overlay-color":"","overlay-opacity":"","overlay-gradient":""},"tablet":{"background-color":"","background-image":"","background-repeat":"repeat","background-position":"center center","background-size":"auto","background-attachment":"scroll","background-type":"","background-media":"","overlay-type":"","overlay-color":"","overlay-opacity":"","overlay-gradient":""},"mobile":{"background-color":"","background-image":"","background-repeat":"repeat","background-position":"center center","background-size":"auto","background-attachment":"scroll","background-type":"","background-media":"","overlay-type":"","overlay-color":"","overlay-opacity":"","overlay-gradient":""}},"ast-content-background-meta":{"desktop":{"background-color":"var(--ast-global-color-5)","background-image":"","background-repeat":"repeat","background-position":"center center","background-size":"auto","background-attachment":"scroll","background-type":"","background-media":"","overlay-type":"","overlay-color":"","overlay-opacity":"","overlay-gradient":""},"tablet":{"background-color":"var(--ast-global-color-5)","background-image":"","background-repeat":"repeat","background-position":"center center","background-size":"auto","background-attachment":"scroll","background-type":"","background-media":"","overlay-type":"","overlay-color":"","overlay-opacity":"","overlay-gradient":""},"mobile":{"background-color":"var(--ast-global-color-5)","background-image":"","background-repeat":"repeat","background-position":"center center","background-size":"auto","background-attachment":"scroll","background-type":"","background-media":"","overlay-type":"","overlay-color":"","overlay-opacity":"","overlay-gradient":""}},"footnotes":""},"categories":[1,8,9,2,4,824],"tags":[94,1598,1532,501,1033,65,1528,1529,2123,177,176,190,595,1530,2132,89,1496,79,407,1531,217,1269,1526,1527,82,16,608,60,53,811,1012,813],"class_list":["post-6102","post","type-post","status-publish","format-standard","has-post-thumbnail","hentry","category-general","category-i4","category-i5","category-infantil","category-portada","category-xarxa-escoles-publiques","tag-activitats","tag-adnprim","tag-agricultor","tag-animals","tag-comunitatdelspetits","tag-cooperacio","tag-corral","tag-corraldeneri","tag-curs2025_26","tag-educacioinfantil","tag-ei","tag-emocions","tag-granja","tag-granjaescola","tag-granjaneri","tag-habits","tag-i5","tag-innovacio","tag-innovacioeducativa","tag-pages","tag-participacio","tag-pmoe","tag-proa","tag-proaplus","tag-sortida","tag-sortides","tag-totsfemescola","tag-treball-collaboratiu","tag-valors","tag-viulapublica","tag-xarxadescolespubliquesdereus","tag-xepr"],"post_mailing_queue_ids":[],"_links":{"self":[{"href":"https:\/\/agora.xtec.cat\/ceip-general-prim-reus\/wp-json\/wp\/v2\/posts\/6102","targetHints":{"allow":["GET"]}}],"collection":[{"href":"https:\/\/agora.xtec.cat\/ceip-general-prim-reus\/wp-json\/wp\/v2\/posts"}],"about":[{"href":"https:\/\/agora.xtec.cat\/ceip-general-prim-reus\/wp-json\/wp\/v2\/types\/post"}],"author":[{"embeddable":true,"href":"https:\/\/agora.xtec.cat\/ceip-general-prim-reus\/wp-json\/wp\/v2\/users\/4"}],"replies":[{"embeddable":true,"href":"https:\/\/agora.xtec.cat\/ceip-general-prim-reus\/wp-json\/wp\/v2\/comments?post=6102"}],"version-history":[{"count":1,"href":"https:\/\/agora.xtec.cat\/ceip-general-prim-reus\/wp-json\/wp\/v2\/posts\/6102\/revisions"}],"predecessor-version":[{"id":6104,"href":"https:\/\/agora.xtec.cat\/ceip-general-prim-reus\/wp-json\/wp\/v2\/posts\/6102\/revisions\/6104"}],"wp:featuredmedia":[{"embeddable":true,"href":"https:\/\/agora.xtec.cat\/ceip-general-prim-reus\/wp-json\/wp\/v2\/media\/6103"}],"wp:attachment":[{"href":"https:\/\/agora.xtec.cat\/ceip-general-prim-reus\/wp-json\/wp\/v2\/media?parent=6102"}],"wp:term":[{"taxonomy":"category","embeddable":true,"href":"https:\/\/agora.xtec.cat\/ceip-general-prim-reus\/wp-json\/wp\/v2\/categories?post=6102"},{"taxonomy":"post_tag","embeddable":true,"href":"https:\/\/agora.xtec.cat\/ceip-general-prim-reus\/wp-json\/wp\/v2\/tags?post=6102"}],"curies":[{"name":"wp","href":"https:\/\/api.w.org\/{rel}","templated":true}]}}