{"id":5857,"date":"2025-05-23T10:51:00","date_gmt":"2025-05-23T08:51:00","guid":{"rendered":"https:\/\/agora.xtec.cat\/ceip-general-prim-reus\/?p=5857"},"modified":"2025-05-23T11:10:14","modified_gmt":"2025-05-23T09:10:14","slug":"i4-b-visita-del-pilot-jordi","status":"publish","type":"post","link":"https:\/\/agora.xtec.cat\/ceip-general-prim-reus\/general\/i4-b-visita-del-pilot-jordi\/","title":{"rendered":"I4 B: VISITA DEL PILOT JORDI"},"content":{"rendered":"<p><span style=\"font-family: inherit; font-size: 1em;\">El passat 22 de maig vam tenir la sort de rebre a l\u2019aula la visita d\u2019en Jordi, un pilot que ens va parlar amb entusiasme sobre la seva professi\u00f3. Va ser una experi\u00e8ncia molt enriquidora per als infants, ja que van poder con\u00e8ixer de primera m\u00e0 com \u00e9s la feina d\u2019un pilot, les parts d\u2019un avi\u00f3, com funcionen els vols i moltes curiositats relacionades amb el m\u00f3n de l\u2019aviaci\u00f3.<\/span><\/p>\n<div>\n<p>Aquesta visita s\u2019emmarca dins el projecte que estem treballant sobre els avions, i ens ha ajudat a ampliar els coneixements d\u2019una manera vivencial i significativa. Els nens i nenes van estar molt atents i van fer moltes preguntes, mostrant gran inter\u00e8s i emoci\u00f3.<\/p>\n<p>Agra\u00efm molt a en Jordi la seva disponibilitat i dedicaci\u00f3. Estem conven\u00e7uts que aquest tipus d\u2019activitats s\u00f3n molt valuoses i ajuden a fer cr\u00e9ixer la motivaci\u00f3 per aprendre.<\/p>\n<p>A continuaci\u00f3 hi podeu veure algunes de les fotografies de tot el que ens va ensenyar:<\/p>\n<\/div>\n<p><a href=\"https:\/\/drive.google.com\/drive\/folders\/1bwjfZwr2g8WM6neQwVXB6dIDB_EXKh9m\" target=\"_blank\" rel=\"noopener\">I4 B: ENS VISITA EL PILOT JORDI 2025: Google Drive<\/a><\/p>\n<p>&nbsp;<\/p>\n","protected":false},"excerpt":{"rendered":"<p>El passat 22 de maig vam tenir la sort de rebre a l\u2019aula la visita d\u2019en Jordi, un pilot que ens va parlar amb entusiasme sobre la seva professi\u00f3. Va ser una experi\u00e8ncia molt enriquidora per als infants, ja que van poder con\u00e8ixer de primera m\u00e0 com \u00e9s la feina d\u2019un pilot, les parts d\u2019un [&hellip;]<\/p>\n","protected":false},"author":4,"featured_media":5858,"comment_status":"open","ping_status":"closed","sticky":false,"template":"","format":"standard","meta":{"_bbp_topic_count":0,"_bbp_reply_count":0,"_bbp_total_topic_count":0,"_bbp_total_reply_count":0,"_bbp_voice_count":0,"_bbp_anonymous_reply_count":0,"_bbp_topic_count_hidden":0,"_bbp_reply_count_hidden":0,"_bbp_forum_subforum_count":0,"site-sidebar-layout":"default","site-content-layout":"","ast-site-content-layout":"","site-content-style":"default","site-sidebar-style":"default","ast-global-header-display":"","ast-banner-title-visibility":"","ast-main-header-display":"","ast-hfb-above-header-display":"","ast-hfb-below-header-display":"","ast-hfb-mobile-header-display":"","site-post-title":"","ast-breadcrumbs-content":"","ast-featured-img":"","footer-sml-layout":"","theme-transparent-header-meta":"","adv-header-id-meta":"","stick-header-meta":"","header-above-stick-meta":"","header-main-stick-meta":"","header-below-stick-meta":"","astra-migrate-meta-layouts":"default","ast-page-background-enabled":"default","ast-page-background-meta":{"desktop":{"background-color":"var(--ast-global-color-4)","background-image":"","background-repeat":"repeat","background-position":"center center","background-size":"auto","background-attachment":"scroll","background-type":"","background-media":"","overlay-type":"","overlay-color":"","overlay-opacity":"","overlay-gradient":""},"tablet":{"background-color":"","background-image":"","background-repeat":"repeat","background-position":"center center","background-size":"auto","background-attachment":"scroll","background-type":"","background-media":"","overlay-type":"","overlay-color":"","overlay-opacity":"","overlay-gradient":""},"mobile":{"background-color":"","background-image":"","background-repeat":"repeat","background-position":"center center","background-size":"auto","background-attachment":"scroll","background-type":"","background-media":"","overlay-type":"","overlay-color":"","overlay-opacity":"","overlay-gradient":""}},"ast-content-background-meta":{"desktop":{"background-color":"var(--ast-global-color-5)","background-image":"","background-repeat":"repeat","background-position":"center center","background-size":"auto","background-attachment":"scroll","background-type":"","background-media":"","overlay-type":"","overlay-color":"","overlay-opacity":"","overlay-gradient":""},"tablet":{"background-color":"var(--ast-global-color-5)","background-image":"","background-repeat":"repeat","background-position":"center center","background-size":"auto","background-attachment":"scroll","background-type":"","background-media":"","overlay-type":"","overlay-color":"","overlay-opacity":"","overlay-gradient":""},"mobile":{"background-color":"var(--ast-global-color-5)","background-image":"","background-repeat":"repeat","background-position":"center center","background-size":"auto","background-attachment":"scroll","background-type":"","background-media":"","overlay-type":"","overlay-color":"","overlay-opacity":"","overlay-gradient":""}},"footnotes":""},"categories":[1,8,2,4,824],"tags":[94,1598,2037,474,65,1879,177,176,51,89,1495,79,407,473,197,217,798,1977,2036,390,91,608,1256,60,1255,53,811,1878,1012,813],"class_list":["post-5857","post","type-post","status-publish","format-standard","has-post-thumbnail","hentry","category-general","category-i4","category-infantil","category-portada","category-xarxa-escoles-publiques","tag-activitats","tag-adnprim","tag-avions","tag-coneixementdelmedi","tag-cooperacio","tag-curs2024_25","tag-educacioinfantil","tag-ei","tag-escola","tag-habits","tag-i4","tag-innovacio","tag-innovacioeducativa","tag-medi","tag-novesmetodologies","tag-participacio","tag-pilot","tag-preguntarepte","tag-projecteelsavions","tag-projectes","tag-reus","tag-totsfemescola","tag-transformaciodecentre","tag-treball-collaboratiu","tag-treballperprojectes","tag-valors","tag-viulapublica","tag-xarxaderelacions","tag-xarxadescolespubliquesdereus","tag-xepr"],"post_mailing_queue_ids":[],"_links":{"self":[{"href":"https:\/\/agora.xtec.cat\/ceip-general-prim-reus\/wp-json\/wp\/v2\/posts\/5857","targetHints":{"allow":["GET"]}}],"collection":[{"href":"https:\/\/agora.xtec.cat\/ceip-general-prim-reus\/wp-json\/wp\/v2\/posts"}],"about":[{"href":"https:\/\/agora.xtec.cat\/ceip-general-prim-reus\/wp-json\/wp\/v2\/types\/post"}],"author":[{"embeddable":true,"href":"https:\/\/agora.xtec.cat\/ceip-general-prim-reus\/wp-json\/wp\/v2\/users\/4"}],"replies":[{"embeddable":true,"href":"https:\/\/agora.xtec.cat\/ceip-general-prim-reus\/wp-json\/wp\/v2\/comments?post=5857"}],"version-history":[{"count":2,"href":"https:\/\/agora.xtec.cat\/ceip-general-prim-reus\/wp-json\/wp\/v2\/posts\/5857\/revisions"}],"predecessor-version":[{"id":5860,"href":"https:\/\/agora.xtec.cat\/ceip-general-prim-reus\/wp-json\/wp\/v2\/posts\/5857\/revisions\/5860"}],"wp:featuredmedia":[{"embeddable":true,"href":"https:\/\/agora.xtec.cat\/ceip-general-prim-reus\/wp-json\/wp\/v2\/media\/5858"}],"wp:attachment":[{"href":"https:\/\/agora.xtec.cat\/ceip-general-prim-reus\/wp-json\/wp\/v2\/media?parent=5857"}],"wp:term":[{"taxonomy":"category","embeddable":true,"href":"https:\/\/agora.xtec.cat\/ceip-general-prim-reus\/wp-json\/wp\/v2\/categories?post=5857"},{"taxonomy":"post_tag","embeddable":true,"href":"https:\/\/agora.xtec.cat\/ceip-general-prim-reus\/wp-json\/wp\/v2\/tags?post=5857"}],"curies":[{"name":"wp","href":"https:\/\/api.w.org\/{rel}","templated":true}]}}