{"id":5850,"date":"2025-05-22T18:22:27","date_gmt":"2025-05-22T16:22:27","guid":{"rendered":"https:\/\/agora.xtec.cat\/ceip-general-prim-reus\/?p=5850"},"modified":"2025-05-22T18:22:27","modified_gmt":"2025-05-22T16:22:27","slug":"6e-cap-infant-sense-fortuny-pantalla-i-calla","status":"publish","type":"post","link":"https:\/\/agora.xtec.cat\/ceip-general-prim-reus\/general\/6e-cap-infant-sense-fortuny-pantalla-i-calla\/","title":{"rendered":"6\u00e8: CAP INFANT SENSE FORTUNY: PANTALLA I CALLA!"},"content":{"rendered":"<p>En la cinquena edici\u00f3 del \u00abCap Infant Sense Fortuny\u00bb, els nens i nenes de les escoles de Reus no nom\u00e9s han estat espectadors, ja que a m\u00e9s han posat en pr\u00e0ctica el treball realitzat a l&#8217;aula sobre els dispositius m\u00f2bils. Aquest any, l&#8217;alumnat de 6\u00e8 ha participat en l&#8217;obra, titulada &#8220;Pantalla i calla&#8221;, una \u00f2pera de <strong>nova creaci\u00f3<\/strong>\u00a0amb tres veus solistes i l&#8217;Orquestra\u00a0<strong>Camerata XXI<\/strong>\u00a0en format simf\u00f2nic des del fossat del teatre, i amb llibret de\u00a0<strong>David Puertas<\/strong>\u00a0i m\u00fasica d&#8217;<strong>Albert Gum\u00ed<\/strong>.<\/p>\n<div id=\"BN-vCKXoMZrqRT6TZ1QlnFf\"><\/div>\n<p>Pantalla i calla explica els molts avantatges que suposa eliminar l&#8217;\u00fas habitual dels m\u00f2bils entre la canalla, que s&#8217;exposa a perills com el <strong>ciberassetjament<\/strong>, i que els pot permetre millorar les seves\u00a0<strong>relacions personals\u00a0<\/strong>i la\u00a0<strong>socialitzaci\u00f3<\/strong>.<\/p>\n<p>Durant els \u00faltims mesos, des de l&#8217;escola s&#8217;ha anat treballant el tema central de l&#8217;espectacle i s&#8217;han elaborat<strong>\u00a0propostes did\u00e0ctiques<\/strong> per treballar a les escoles, com per exemple la visita del core\u00f2graf i ballar\u00ed Marc Jubete.<\/p>\n<p>Cliqueu a sobre de la seg\u00fcent imatge i podreu veure tot l&#8217;\u00e0lbum de fotos:<\/p>\n<p><a href=\"https:\/\/drive.google.com\/drive\/folders\/1Wv6JQI_f9uQC1eHPlmH6GDE47KtEuPD4\" target=\"_blank\" rel=\"noopener\"><img loading=\"lazy\" decoding=\"async\" class=\"aligncenter wp-image-5855 size-full\" src=\"https:\/\/agora.xtec.cat\/ceip-general-prim-reus\/wp-content\/uploads\/usu163\/2025\/05\/pntlliclla.jpg\" alt=\"\" width=\"897\" height=\"672\" srcset=\"https:\/\/agora.xtec.cat\/ceip-general-prim-reus\/wp-content\/uploads\/usu163\/2025\/05\/pntlliclla.jpg 897w, https:\/\/agora.xtec.cat\/ceip-general-prim-reus\/wp-content\/uploads\/usu163\/2025\/05\/pntlliclla-300x225.jpg 300w, https:\/\/agora.xtec.cat\/ceip-general-prim-reus\/wp-content\/uploads\/usu163\/2025\/05\/pntlliclla-768x575.jpg 768w, https:\/\/agora.xtec.cat\/ceip-general-prim-reus\/wp-content\/uploads\/usu163\/2025\/05\/pntlliclla-200x150.jpg 200w\" sizes=\"auto, (max-width: 897px) 100vw, 897px\" \/><\/a><\/p>\n","protected":false},"excerpt":{"rendered":"<p>En la cinquena edici\u00f3 del \u00abCap Infant Sense Fortuny\u00bb, els nens i nenes de les escoles de Reus no nom\u00e9s han estat espectadors, ja que a m\u00e9s han posat en pr\u00e0ctica el treball realitzat a l&#8217;aula sobre els dispositius m\u00f2bils. Aquest any, l&#8217;alumnat de 6\u00e8 ha participat en l&#8217;obra, titulada &#8220;Pantalla i calla&#8221;, una \u00f2pera [&hellip;]<\/p>\n","protected":false},"author":4,"featured_media":5855,"comment_status":"open","ping_status":"closed","sticky":false,"template":"","format":"standard","meta":{"_bbp_topic_count":0,"_bbp_reply_count":0,"_bbp_total_topic_count":0,"_bbp_total_reply_count":0,"_bbp_voice_count":0,"_bbp_anonymous_reply_count":0,"_bbp_topic_count_hidden":0,"_bbp_reply_count_hidden":0,"_bbp_forum_subforum_count":0,"site-sidebar-layout":"default","site-content-layout":"","ast-site-content-layout":"","site-content-style":"default","site-sidebar-style":"default","ast-global-header-display":"","ast-banner-title-visibility":"","ast-main-header-display":"","ast-hfb-above-header-display":"","ast-hfb-below-header-display":"","ast-hfb-mobile-header-display":"","site-post-title":"","ast-breadcrumbs-content":"","ast-featured-img":"","footer-sml-layout":"","theme-transparent-header-meta":"","adv-header-id-meta":"","stick-header-meta":"","header-above-stick-meta":"","header-main-stick-meta":"","header-below-stick-meta":"","astra-migrate-meta-layouts":"default","ast-page-background-enabled":"default","ast-page-background-meta":{"desktop":{"background-color":"var(--ast-global-color-4)","background-image":"","background-repeat":"repeat","background-position":"center center","background-size":"auto","background-attachment":"scroll","background-type":"","background-media":"","overlay-type":"","overlay-color":"","overlay-opacity":"","overlay-gradient":""},"tablet":{"background-color":"","background-image":"","background-repeat":"repeat","background-position":"center center","background-size":"auto","background-attachment":"scroll","background-type":"","background-media":"","overlay-type":"","overlay-color":"","overlay-opacity":"","overlay-gradient":""},"mobile":{"background-color":"","background-image":"","background-repeat":"repeat","background-position":"center center","background-size":"auto","background-attachment":"scroll","background-type":"","background-media":"","overlay-type":"","overlay-color":"","overlay-opacity":"","overlay-gradient":""}},"ast-content-background-meta":{"desktop":{"background-color":"var(--ast-global-color-5)","background-image":"","background-repeat":"repeat","background-position":"center center","background-size":"auto","background-attachment":"scroll","background-type":"","background-media":"","overlay-type":"","overlay-color":"","overlay-opacity":"","overlay-gradient":""},"tablet":{"background-color":"var(--ast-global-color-5)","background-image":"","background-repeat":"repeat","background-position":"center center","background-size":"auto","background-attachment":"scroll","background-type":"","background-media":"","overlay-type":"","overlay-color":"","overlay-opacity":"","overlay-gradient":""},"mobile":{"background-color":"var(--ast-global-color-5)","background-image":"","background-repeat":"repeat","background-position":"center center","background-size":"auto","background-attachment":"scroll","background-type":"","background-media":"","overlay-type":"","overlay-color":"","overlay-opacity":"","overlay-gradient":""}},"footnotes":""},"categories":[15,1,612,4,5],"tags":[126,1598,1676,564,1675,1879,1205,77,1955,92,2101,608,1256],"class_list":["post-5850","post","type-post","status-publish","format-standard","has-post-thumbnail","hentry","category-6e","category-general","category-musica","category-portada","category-primaria","tag-6e","tag-adnprim","tag-camerataxxi","tag-cancons","tag-capinfantsensefortuny","tag-curs2024_25","tag-espectacle","tag-musica","tag-pantallaicalla","tag-teatre","tag-teatrefortuny","tag-totsfemescola","tag-transformaciodecentre"],"post_mailing_queue_ids":[],"_links":{"self":[{"href":"https:\/\/agora.xtec.cat\/ceip-general-prim-reus\/wp-json\/wp\/v2\/posts\/5850","targetHints":{"allow":["GET"]}}],"collection":[{"href":"https:\/\/agora.xtec.cat\/ceip-general-prim-reus\/wp-json\/wp\/v2\/posts"}],"about":[{"href":"https:\/\/agora.xtec.cat\/ceip-general-prim-reus\/wp-json\/wp\/v2\/types\/post"}],"author":[{"embeddable":true,"href":"https:\/\/agora.xtec.cat\/ceip-general-prim-reus\/wp-json\/wp\/v2\/users\/4"}],"replies":[{"embeddable":true,"href":"https:\/\/agora.xtec.cat\/ceip-general-prim-reus\/wp-json\/wp\/v2\/comments?post=5850"}],"version-history":[{"count":2,"href":"https:\/\/agora.xtec.cat\/ceip-general-prim-reus\/wp-json\/wp\/v2\/posts\/5850\/revisions"}],"predecessor-version":[{"id":5856,"href":"https:\/\/agora.xtec.cat\/ceip-general-prim-reus\/wp-json\/wp\/v2\/posts\/5850\/revisions\/5856"}],"wp:featuredmedia":[{"embeddable":true,"href":"https:\/\/agora.xtec.cat\/ceip-general-prim-reus\/wp-json\/wp\/v2\/media\/5855"}],"wp:attachment":[{"href":"https:\/\/agora.xtec.cat\/ceip-general-prim-reus\/wp-json\/wp\/v2\/media?parent=5850"}],"wp:term":[{"taxonomy":"category","embeddable":true,"href":"https:\/\/agora.xtec.cat\/ceip-general-prim-reus\/wp-json\/wp\/v2\/categories?post=5850"},{"taxonomy":"post_tag","embeddable":true,"href":"https:\/\/agora.xtec.cat\/ceip-general-prim-reus\/wp-json\/wp\/v2\/tags?post=5850"}],"curies":[{"name":"wp","href":"https:\/\/api.w.org\/{rel}","templated":true}]}}