{"id":5692,"date":"2025-04-04T16:09:40","date_gmt":"2025-04-04T14:09:40","guid":{"rendered":"https:\/\/agora.xtec.cat\/ceip-general-prim-reus\/?p=5692"},"modified":"2025-04-04T16:09:40","modified_gmt":"2025-04-04T14:09:40","slug":"4t-la-pe-i-el-cordi-fan-ballar-a-lescola","status":"publish","type":"post","link":"https:\/\/agora.xtec.cat\/ceip-general-prim-reus\/general\/4t-la-pe-i-el-cordi-fan-ballar-a-lescola\/","title":{"rendered":"4t: LA PE I EL CORDI FAN BALLAR A L&#8217;ESCOLA&#8230;"},"content":{"rendered":"<p>Com cada any, els nens i les nenes de 4t han participat en l\u2019espectacle \u201cEl Pere i el llop\u201d, al Teatre Bartrina de Reus. Aquest espectacle \u00e9s fruit de setmanes de treball dins del projecte \u201cLa Pe i el Cordi fan ballar a l\u2019escola\u201d, dirigit a potenciar la sensibilitat art\u00edstica dels alumnes, la seva autoestima i i la comunicaci\u00f3 no verbal a trav\u00e9s del llenguatge corporal i musical.<\/p>\n<p>Cliqueu la seg\u00fcent imatge per veure una petita mostra del que van fer els nostres artistes:<\/p>\n<p><a href=\"https:\/\/drive.google.com\/drive\/folders\/1m5a3-YI979dM-9Cu8MTErudoA-vWQmZ-?usp=sharing\" target=\"_blank\" rel=\"noopener\"><img loading=\"lazy\" decoding=\"async\" class=\"aligncenter wp-image-5693 size-full\" src=\"https:\/\/agora.xtec.cat\/ceip-general-prim-reus\/wp-content\/uploads\/usu163\/2025\/04\/CapturaPE.jpg\" alt=\"\" width=\"968\" height=\"729\" srcset=\"https:\/\/agora.xtec.cat\/ceip-general-prim-reus\/wp-content\/uploads\/usu163\/2025\/04\/CapturaPE.jpg 968w, https:\/\/agora.xtec.cat\/ceip-general-prim-reus\/wp-content\/uploads\/usu163\/2025\/04\/CapturaPE-300x226.jpg 300w, https:\/\/agora.xtec.cat\/ceip-general-prim-reus\/wp-content\/uploads\/usu163\/2025\/04\/CapturaPE-768x578.jpg 768w, https:\/\/agora.xtec.cat\/ceip-general-prim-reus\/wp-content\/uploads\/usu163\/2025\/04\/CapturaPE-200x150.jpg 200w\" sizes=\"auto, (max-width: 968px) 100vw, 968px\" \/><\/a><\/p>\n<p>&nbsp;<\/p>\n<p>&nbsp;<\/p>\n<p>&nbsp;<\/p>\n","protected":false},"excerpt":{"rendered":"<p>Com cada any, els nens i les nenes de 4t han participat en l\u2019espectacle \u201cEl Pere i el llop\u201d, al Teatre Bartrina de Reus. Aquest espectacle \u00e9s fruit de setmanes de treball dins del projecte \u201cLa Pe i el Cordi fan ballar a l\u2019escola\u201d, dirigit a potenciar la sensibilitat art\u00edstica dels alumnes, la seva autoestima [&hellip;]<\/p>\n","protected":false},"author":4,"featured_media":5693,"comment_status":"open","ping_status":"closed","sticky":false,"template":"","format":"standard","meta":{"_bbp_topic_count":0,"_bbp_reply_count":0,"_bbp_total_topic_count":0,"_bbp_total_reply_count":0,"_bbp_voice_count":0,"_bbp_anonymous_reply_count":0,"_bbp_topic_count_hidden":0,"_bbp_reply_count_hidden":0,"_bbp_forum_subforum_count":0,"site-sidebar-layout":"default","site-content-layout":"","ast-site-content-layout":"","site-content-style":"default","site-sidebar-style":"default","ast-global-header-display":"","ast-banner-title-visibility":"","ast-main-header-display":"","ast-hfb-above-header-display":"","ast-hfb-below-header-display":"","ast-hfb-mobile-header-display":"","site-post-title":"","ast-breadcrumbs-content":"","ast-featured-img":"","footer-sml-layout":"","theme-transparent-header-meta":"","adv-header-id-meta":"","stick-header-meta":"","header-above-stick-meta":"","header-main-stick-meta":"","header-below-stick-meta":"","astra-migrate-meta-layouts":"default","ast-page-background-enabled":"default","ast-page-background-meta":{"desktop":{"background-color":"var(--ast-global-color-4)","background-image":"","background-repeat":"repeat","background-position":"center center","background-size":"auto","background-attachment":"scroll","background-type":"","background-media":"","overlay-type":"","overlay-color":"","overlay-opacity":"","overlay-gradient":""},"tablet":{"background-color":"","background-image":"","background-repeat":"repeat","background-position":"center center","background-size":"auto","background-attachment":"scroll","background-type":"","background-media":"","overlay-type":"","overlay-color":"","overlay-opacity":"","overlay-gradient":""},"mobile":{"background-color":"","background-image":"","background-repeat":"repeat","background-position":"center center","background-size":"auto","background-attachment":"scroll","background-type":"","background-media":"","overlay-type":"","overlay-color":"","overlay-opacity":"","overlay-gradient":""}},"ast-content-background-meta":{"desktop":{"background-color":"var(--ast-global-color-5)","background-image":"","background-repeat":"repeat","background-position":"center center","background-size":"auto","background-attachment":"scroll","background-type":"","background-media":"","overlay-type":"","overlay-color":"","overlay-opacity":"","overlay-gradient":""},"tablet":{"background-color":"var(--ast-global-color-5)","background-image":"","background-repeat":"repeat","background-position":"center center","background-size":"auto","background-attachment":"scroll","background-type":"","background-media":"","overlay-type":"","overlay-color":"","overlay-opacity":"","overlay-gradient":""},"mobile":{"background-color":"var(--ast-global-color-5)","background-image":"","background-repeat":"repeat","background-position":"center center","background-size":"auto","background-attachment":"scroll","background-type":"","background-media":"","overlay-type":"","overlay-color":"","overlay-opacity":"","overlay-gradient":""}},"footnotes":""},"categories":[13,1,4,5,824],"tags":[],"class_list":["post-5692","post","type-post","status-publish","format-standard","has-post-thumbnail","hentry","category-4t","category-general","category-portada","category-primaria","category-xarxa-escoles-publiques"],"post_mailing_queue_ids":[],"_links":{"self":[{"href":"https:\/\/agora.xtec.cat\/ceip-general-prim-reus\/wp-json\/wp\/v2\/posts\/5692","targetHints":{"allow":["GET"]}}],"collection":[{"href":"https:\/\/agora.xtec.cat\/ceip-general-prim-reus\/wp-json\/wp\/v2\/posts"}],"about":[{"href":"https:\/\/agora.xtec.cat\/ceip-general-prim-reus\/wp-json\/wp\/v2\/types\/post"}],"author":[{"embeddable":true,"href":"https:\/\/agora.xtec.cat\/ceip-general-prim-reus\/wp-json\/wp\/v2\/users\/4"}],"replies":[{"embeddable":true,"href":"https:\/\/agora.xtec.cat\/ceip-general-prim-reus\/wp-json\/wp\/v2\/comments?post=5692"}],"version-history":[{"count":1,"href":"https:\/\/agora.xtec.cat\/ceip-general-prim-reus\/wp-json\/wp\/v2\/posts\/5692\/revisions"}],"predecessor-version":[{"id":5694,"href":"https:\/\/agora.xtec.cat\/ceip-general-prim-reus\/wp-json\/wp\/v2\/posts\/5692\/revisions\/5694"}],"wp:featuredmedia":[{"embeddable":true,"href":"https:\/\/agora.xtec.cat\/ceip-general-prim-reus\/wp-json\/wp\/v2\/media\/5693"}],"wp:attachment":[{"href":"https:\/\/agora.xtec.cat\/ceip-general-prim-reus\/wp-json\/wp\/v2\/media?parent=5692"}],"wp:term":[{"taxonomy":"category","embeddable":true,"href":"https:\/\/agora.xtec.cat\/ceip-general-prim-reus\/wp-json\/wp\/v2\/categories?post=5692"},{"taxonomy":"post_tag","embeddable":true,"href":"https:\/\/agora.xtec.cat\/ceip-general-prim-reus\/wp-json\/wp\/v2\/tags?post=5692"}],"curies":[{"name":"wp","href":"https:\/\/api.w.org\/{rel}","templated":true}]}}