{"id":5605,"date":"2025-03-15T11:13:58","date_gmt":"2025-03-15T10:13:58","guid":{"rendered":"https:\/\/agora.xtec.cat\/ceip-general-prim-reus\/?p=5605"},"modified":"2025-03-15T11:13:58","modified_gmt":"2025-03-15T10:13:58","slug":"4t-anem-a-la-trobada-de-jurats-dels-premis-atrapallibres","status":"publish","type":"post","link":"https:\/\/agora.xtec.cat\/ceip-general-prim-reus\/general\/4t-anem-a-la-trobada-de-jurats-dels-premis-atrapallibres\/","title":{"rendered":"4t: ANEM A LA TROBADA DE JURATS DELS PREMIS ATRAPALLIBRES"},"content":{"rendered":"<p><span style=\"font-weight: 400;\">Com ja sabeu, aquest curs els nens i les nenes de 4t participen com a jurat dels Premis Atrapallibres, que estan organitzats per El Consell Catal\u00e0 del Llibre Infantil i Juvenil (Ibbycat) i Reus \u00e9s la ciutat amfitriona dels premis per a les edicions 2025 i 2026.<\/span><\/p>\n<p><span style=\"font-weight: 400;\">El passat 14 de mar\u00e7 es va celebrar la Trobada de Jurats dels Premis Atrapallibres, un acte que serveix per a que els autors\/es finalistes de cada categoria es reuneixin amb els membres dels jurats, \u00e9s a dir els infants inscrits als premis, per a defensar la seva candidatura i, d&#8217;aquesta forma, poder esdevenir guanyador\/a del Premi. \u00c9<\/span><span style=\"font-weight: 400;\">s un dels actes principals de l&#8217;edici\u00f3 d&#8217;enguany dels premis, ja que pot definir el sentit del vots dels infants i per tant decidir qui mereix rebre el guard\u00f3.\u00a0<\/span><\/p>\n<p><span style=\"font-weight: 400;\">La trobada ha comen\u00e7at a les 10:00 h i ha estat dinamitzada per Ada Cusid\u00f3. En la Categoria 9 anys hem comptat amb l\u2019assist\u00e8ncia de l&#8217;autora de L&#8217;Arbre i jo Blanca Bravo, l&#8217;autor Andreu Galan i l&#8217;il\u00b7lustrador \u00d2scar Julve del llibre Ali Bov\u00e9 i els quaranta nyigui-nyoguis i l&#8217;autor Oriol Garcia Molsosa i la il\u00b7lustradora Merce Gal\u00ed de l&#8217;obra Contes Desconcertants.<\/span><\/p>\n<p><span style=\"font-weight: 400;\">Els autors\/es i il\u00b7lustradors\/es han tingut un temps per defensar la seva proposta, tot explicant d\u2019on els va venir la idea, per qu\u00e8 van decidir escriure el llibre, etc. En acabar, els membres representants dels jurats de cada escola (el Dylan Freddy en el nostre cas) han pogut fer preguntes sobre les obres finalistes. Per tancar l&#8217;acte s\u2019ha fet una gran foto de grup i tamb\u00e9 hi ha hagut una taula de signatures on els autors han signat els seus llibres als infants.<\/span><\/p>\n<p><span style=\"font-weight: 400;\">L\u2019activitat ha estat enriquidora per l\u2019alumnat perqu\u00e8 han pogut veure les persones que han escrit o dibuixat els contes que han estat llegint a la Biblioteca Xavier Amor\u00f3s i a la classe durant els \u00faltims mesos.\u00a0<\/span><\/p>\n<p><span style=\"font-weight: 400;\">Els resultats de les seves votacions es coneixeran el 11 de juny a la Gran Gala d&#8217;entrega dels Premis al Teatre Fortuny. La ciutat de Reus ha esdevingut l&#8217;edici\u00f3 dels premis amb m\u00e9s participants de la hist\u00f2ria dels guardons amb m\u00e9s de 16000 infants inscrits com a jurats.<\/span><\/p>\n<p>Cliqueu a sobre de les imatges i podreu veure tot l&#8217;\u00e0lbum:<\/p>\n<p><a href=\"https:\/\/drive.google.com\/drive\/folders\/1J9ka8UAtURwB-1gISRaiTuSbXEX_Kr16?usp=sharing\" target=\"_blank\" rel=\"noopener\"><img loading=\"lazy\" decoding=\"async\" class=\"aligncenter wp-image-5606 size-full\" src=\"https:\/\/agora.xtec.cat\/ceip-general-prim-reus\/wp-content\/uploads\/usu163\/2025\/03\/PRMSATRPLLBRS-e1742033524742.jpg\" alt=\"\" width=\"948\" height=\"517\" srcset=\"https:\/\/agora.xtec.cat\/ceip-general-prim-reus\/wp-content\/uploads\/usu163\/2025\/03\/PRMSATRPLLBRS-e1742033524742.jpg 948w, https:\/\/agora.xtec.cat\/ceip-general-prim-reus\/wp-content\/uploads\/usu163\/2025\/03\/PRMSATRPLLBRS-e1742033524742-300x164.jpg 300w, https:\/\/agora.xtec.cat\/ceip-general-prim-reus\/wp-content\/uploads\/usu163\/2025\/03\/PRMSATRPLLBRS-e1742033524742-768x419.jpg 768w\" sizes=\"auto, (max-width: 948px) 100vw, 948px\" \/><\/a><\/p>\n<p>&nbsp;<\/p>\n","protected":false},"excerpt":{"rendered":"<p>Com ja sabeu, aquest curs els nens i les nenes de 4t participen com a jurat dels Premis Atrapallibres, que estan organitzats per El Consell Catal\u00e0 del Llibre Infantil i Juvenil (Ibbycat) i Reus \u00e9s la ciutat amfitriona dels premis per a les edicions 2025 i 2026. El passat 14 de mar\u00e7 es va celebrar [&hellip;]<\/p>\n","protected":false},"author":4,"featured_media":5606,"comment_status":"open","ping_status":"closed","sticky":false,"template":"","format":"standard","meta":{"_bbp_topic_count":0,"_bbp_reply_count":0,"_bbp_total_topic_count":0,"_bbp_total_reply_count":0,"_bbp_voice_count":0,"_bbp_anonymous_reply_count":0,"_bbp_topic_count_hidden":0,"_bbp_reply_count_hidden":0,"_bbp_forum_subforum_count":0,"site-sidebar-layout":"default","site-content-layout":"","ast-site-content-layout":"","site-content-style":"default","site-sidebar-style":"default","ast-global-header-display":"","ast-banner-title-visibility":"","ast-main-header-display":"","ast-hfb-above-header-display":"","ast-hfb-below-header-display":"","ast-hfb-mobile-header-display":"","site-post-title":"","ast-breadcrumbs-content":"","ast-featured-img":"","footer-sml-layout":"","theme-transparent-header-meta":"","adv-header-id-meta":"","stick-header-meta":"","header-above-stick-meta":"","header-main-stick-meta":"","header-below-stick-meta":"","astra-migrate-meta-layouts":"default","ast-page-background-enabled":"default","ast-page-background-meta":{"desktop":{"background-color":"var(--ast-global-color-4)","background-image":"","background-repeat":"repeat","background-position":"center center","background-size":"auto","background-attachment":"scroll","background-type":"","background-media":"","overlay-type":"","overlay-color":"","overlay-opacity":"","overlay-gradient":""},"tablet":{"background-color":"","background-image":"","background-repeat":"repeat","background-position":"center center","background-size":"auto","background-attachment":"scroll","background-type":"","background-media":"","overlay-type":"","overlay-color":"","overlay-opacity":"","overlay-gradient":""},"mobile":{"background-color":"","background-image":"","background-repeat":"repeat","background-position":"center center","background-size":"auto","background-attachment":"scroll","background-type":"","background-media":"","overlay-type":"","overlay-color":"","overlay-opacity":"","overlay-gradient":""}},"ast-content-background-meta":{"desktop":{"background-color":"var(--ast-global-color-5)","background-image":"","background-repeat":"repeat","background-position":"center center","background-size":"auto","background-attachment":"scroll","background-type":"","background-media":"","overlay-type":"","overlay-color":"","overlay-opacity":"","overlay-gradient":""},"tablet":{"background-color":"var(--ast-global-color-5)","background-image":"","background-repeat":"repeat","background-position":"center center","background-size":"auto","background-attachment":"scroll","background-type":"","background-media":"","overlay-type":"","overlay-color":"","overlay-opacity":"","overlay-gradient":""},"mobile":{"background-color":"var(--ast-global-color-5)","background-image":"","background-repeat":"repeat","background-position":"center center","background-size":"auto","background-attachment":"scroll","background-type":"","background-media":"","overlay-type":"","overlay-color":"","overlay-opacity":"","overlay-gradient":""}},"footnotes":""},"categories":[13,1,4,5,824],"tags":[158,94,1598,178,543,1019,1919,1879,546,51,75,267,89,2024,79,407,1920,2021,181,271,217,1918,390,1466,91,2023,608,1256,60,2022,53,1465,811,1012,813],"class_list":["post-5605","post","type-post","status-publish","format-standard","has-post-thumbnail","hentry","category-4t","category-general","category-portada","category-primaria","category-xarxa-escoles-publiques","tag-4t","tag-activitats","tag-adnprim","tag-biblioteca","tag-bibliotecaxavieramoros","tag-comunitatdelsgrans","tag-contesdesconcertants","tag-curs2024_25","tag-elgustperlalectura","tag-escola","tag-festa","tag-fomentdelectura","tag-habits","tag-ibbycat","tag-innovacio","tag-innovacioeducativa","tag-jurat","tag-jurats","tag-lectura","tag-llegim","tag-participacio","tag-premisatrapallibres","tag-projectes","tag-projectevincles","tag-reus","tag-salasantallucia","tag-totsfemescola","tag-transformaciodecentre","tag-treball-collaboratiu","tag-trobadadejurats","tag-valors","tag-vincles","tag-viulapublica","tag-xarxadescolespubliquesdereus","tag-xepr"],"post_mailing_queue_ids":[],"_links":{"self":[{"href":"https:\/\/agora.xtec.cat\/ceip-general-prim-reus\/wp-json\/wp\/v2\/posts\/5605","targetHints":{"allow":["GET"]}}],"collection":[{"href":"https:\/\/agora.xtec.cat\/ceip-general-prim-reus\/wp-json\/wp\/v2\/posts"}],"about":[{"href":"https:\/\/agora.xtec.cat\/ceip-general-prim-reus\/wp-json\/wp\/v2\/types\/post"}],"author":[{"embeddable":true,"href":"https:\/\/agora.xtec.cat\/ceip-general-prim-reus\/wp-json\/wp\/v2\/users\/4"}],"replies":[{"embeddable":true,"href":"https:\/\/agora.xtec.cat\/ceip-general-prim-reus\/wp-json\/wp\/v2\/comments?post=5605"}],"version-history":[{"count":1,"href":"https:\/\/agora.xtec.cat\/ceip-general-prim-reus\/wp-json\/wp\/v2\/posts\/5605\/revisions"}],"predecessor-version":[{"id":5607,"href":"https:\/\/agora.xtec.cat\/ceip-general-prim-reus\/wp-json\/wp\/v2\/posts\/5605\/revisions\/5607"}],"wp:featuredmedia":[{"embeddable":true,"href":"https:\/\/agora.xtec.cat\/ceip-general-prim-reus\/wp-json\/wp\/v2\/media\/5606"}],"wp:attachment":[{"href":"https:\/\/agora.xtec.cat\/ceip-general-prim-reus\/wp-json\/wp\/v2\/media?parent=5605"}],"wp:term":[{"taxonomy":"category","embeddable":true,"href":"https:\/\/agora.xtec.cat\/ceip-general-prim-reus\/wp-json\/wp\/v2\/categories?post=5605"},{"taxonomy":"post_tag","embeddable":true,"href":"https:\/\/agora.xtec.cat\/ceip-general-prim-reus\/wp-json\/wp\/v2\/tags?post=5605"}],"curies":[{"name":"wp","href":"https:\/\/api.w.org\/{rel}","templated":true}]}}