{"id":5374,"date":"2025-01-14T11:33:52","date_gmt":"2025-01-14T10:33:52","guid":{"rendered":"https:\/\/agora.xtec.cat\/ceip-general-prim-reus\/?p=5374"},"modified":"2025-01-15T17:21:24","modified_gmt":"2025-01-15T16:21:24","slug":"1r-i-2n-ens-visita-la-gosseta-poma","status":"publish","type":"post","link":"https:\/\/agora.xtec.cat\/ceip-general-prim-reus\/general\/1r-i-2n-ens-visita-la-gosseta-poma\/","title":{"rendered":"1r I 2n: ENS VISITA LA GOSSETA POMA"},"content":{"rendered":"<p>El passat dilluns, 13 de gener, els nens i les nenes de 1r i 2n vam rebre a l\u2019escola una visita molt especial: Va venir la Montse i la Poma, la seva gossa adoptada, per fer amb nosaltres el taller: \u00ab<b>Descobrim el m\u00f3n a 4 potes<\/b>\u00bb, que tractava sobre l\u2019ofici que fan les veterin\u00e0ries i el tema dels gossos guia. Vam aprendre la feina tan important i necess\u00e0ria que fan amb diferents col\u00b7lectius, com la ter\u00e0pia amb persones grans que tenen problemes com l\u2019Alzheimer, on van oblidant a poc a poc qui eren i les persones que l\u2019envolten. La Poma, tamb\u00e9 ens va fer participar a nosaltres fent un joc on, com \u00e9s molt receptiva, s\u2019anava aturant davant d\u2019un infant que havia d\u2019agafar de la butxaqueta que portava damunt el nom\u00a0 escrit d\u2019algun pa\u00eds que la Poma havia visitat. All\u00e0, els infants i les seves fam\u00edlies tenen necessitats fonamentals, com l\u2019habitatge (les cases) i la falta d\u2019aigua, l\u2019educaci\u00f3 (especialment la de les nenes), el cas de S\u00edria o l\u2019\u00cdndia\u2026<\/p>\n<p>Va ser una visita molt especial i entranyable! I la Poma i la Montse ens van fer pensar en all\u00f2 que \u00e9s realment important a la vida de les persones! I que tots i totes podem col\u00b7laborar per fer un m\u00f3n millor!<\/p>\n<p>Cliqueu a sobre de les seg\u00fcents imatges i podreu veure l&#8217;\u00e0lbum amb diferents instant\u00e0nies dels moments viscuts al taller:<\/p>\n<div dir=\"ltr\">\n<div><\/div>\n<\/div>\n<div>\n<div dir=\"ltr\"><a href=\"https:\/\/drive.google.com\/drive\/folders\/1VXI-IFEsIgWFOWtBTBto1-jZWykiImMt?usp=sharing\" target=\"_blank\" rel=\"noopener\"><img loading=\"lazy\" decoding=\"async\" class=\"aligncenter wp-image-5375 size-full\" src=\"https:\/\/agora.xtec.cat\/ceip-general-prim-reus\/wp-content\/uploads\/usu163\/2025\/01\/Captura_5463734653456.jpg\" alt=\"\" width=\"968\" height=\"527\" srcset=\"https:\/\/agora.xtec.cat\/ceip-general-prim-reus\/wp-content\/uploads\/usu163\/2025\/01\/Captura_5463734653456.jpg 968w, https:\/\/agora.xtec.cat\/ceip-general-prim-reus\/wp-content\/uploads\/usu163\/2025\/01\/Captura_5463734653456-300x163.jpg 300w, https:\/\/agora.xtec.cat\/ceip-general-prim-reus\/wp-content\/uploads\/usu163\/2025\/01\/Captura_5463734653456-768x418.jpg 768w\" sizes=\"auto, (max-width: 968px) 100vw, 968px\" \/><\/a><\/div>\n<\/div>\n<div><\/div>\n<div><\/div>\n<div>\n<p>&nbsp;<\/p>\n<p>Si voleu saber m\u00e9s coses sobre la feina que fan la Poma i el Croqueta visiteu la web de l\u2019associaci\u00f3:<\/p>\n<p><a href=\"http:\/\/terapia4potes.blogspot.com\/\">http:\/\/terapia4potes.blogspot.com\/<\/a><\/p>\n<\/div>\n","protected":false},"excerpt":{"rendered":"<p>El passat dilluns, 13 de gener, els nens i les nenes de 1r i 2n vam rebre a l\u2019escola una visita molt especial: Va venir la Montse i la Poma, la seva gossa adoptada, per fer amb nosaltres el taller: \u00abDescobrim el m\u00f3n a 4 potes\u00bb, que tractava sobre l\u2019ofici que fan les veterin\u00e0ries i [&hellip;]<\/p>\n","protected":false},"author":4,"featured_media":5375,"comment_status":"open","ping_status":"closed","sticky":false,"template":"","format":"standard","meta":{"_bbp_topic_count":0,"_bbp_reply_count":0,"_bbp_total_topic_count":0,"_bbp_total_reply_count":0,"_bbp_voice_count":0,"_bbp_anonymous_reply_count":0,"_bbp_topic_count_hidden":0,"_bbp_reply_count_hidden":0,"_bbp_forum_subforum_count":0,"site-sidebar-layout":"default","site-content-layout":"","ast-site-content-layout":"","site-content-style":"default","site-sidebar-style":"default","ast-global-header-display":"","ast-banner-title-visibility":"","ast-main-header-display":"","ast-hfb-above-header-display":"","ast-hfb-below-header-display":"","ast-hfb-mobile-header-display":"","site-post-title":"","ast-breadcrumbs-content":"","ast-featured-img":"","footer-sml-layout":"","theme-transparent-header-meta":"","adv-header-id-meta":"","stick-header-meta":"","header-above-stick-meta":"","header-main-stick-meta":"","header-below-stick-meta":"","astra-migrate-meta-layouts":"default","ast-page-background-enabled":"default","ast-page-background-meta":{"desktop":{"background-color":"var(--ast-global-color-4)","background-image":"","background-repeat":"repeat","background-position":"center center","background-size":"auto","background-attachment":"scroll","background-type":"","background-media":"","overlay-type":"","overlay-color":"","overlay-opacity":"","overlay-gradient":""},"tablet":{"background-color":"","background-image":"","background-repeat":"repeat","background-position":"center center","background-size":"auto","background-attachment":"scroll","background-type":"","background-media":"","overlay-type":"","overlay-color":"","overlay-opacity":"","overlay-gradient":""},"mobile":{"background-color":"","background-image":"","background-repeat":"repeat","background-position":"center center","background-size":"auto","background-attachment":"scroll","background-type":"","background-media":"","overlay-type":"","overlay-color":"","overlay-opacity":"","overlay-gradient":""}},"ast-content-background-meta":{"desktop":{"background-color":"var(--ast-global-color-5)","background-image":"","background-repeat":"repeat","background-position":"center center","background-size":"auto","background-attachment":"scroll","background-type":"","background-media":"","overlay-type":"","overlay-color":"","overlay-opacity":"","overlay-gradient":""},"tablet":{"background-color":"var(--ast-global-color-5)","background-image":"","background-repeat":"repeat","background-position":"center center","background-size":"auto","background-attachment":"scroll","background-type":"","background-media":"","overlay-type":"","overlay-color":"","overlay-opacity":"","overlay-gradient":""},"mobile":{"background-color":"var(--ast-global-color-5)","background-image":"","background-repeat":"repeat","background-position":"center center","background-size":"auto","background-attachment":"scroll","background-type":"","background-media":"","overlay-type":"","overlay-color":"","overlay-opacity":"","overlay-gradient":""}},"footnotes":""},"categories":[10,11,1,2,4,5,824],"tags":[312,341,94,1598,679,501,1005,999,1879,1861,1001,79,407,1002,1004,1003,1862,717,1006,1950,1000,608,1256],"class_list":["post-5374","post","type-post","status-publish","format-standard","has-post-thumbnail","hentry","category-1r","category-2n","category-general","category-infantil","category-portada","category-primaria","category-xarxa-escoles-publiques","tag-1r","tag-2n","tag-activitats","tag-adnprim","tag-ajuda","tag-animals","tag-ayuda","tag-comunitatdelsmitjans","tag-curs2024_25","tag-descobrimelmona4potes","tag-gossos","tag-innovacio","tag-innovacioeducativa","tag-mascotes","tag-perros","tag-pets","tag-poma","tag-tallers","tag-terapia4potes","tag-terapiaambanimals","tag-terapiaassistidaambgossos","tag-totsfemescola","tag-transformaciodecentre"],"post_mailing_queue_ids":[],"_links":{"self":[{"href":"https:\/\/agora.xtec.cat\/ceip-general-prim-reus\/wp-json\/wp\/v2\/posts\/5374","targetHints":{"allow":["GET"]}}],"collection":[{"href":"https:\/\/agora.xtec.cat\/ceip-general-prim-reus\/wp-json\/wp\/v2\/posts"}],"about":[{"href":"https:\/\/agora.xtec.cat\/ceip-general-prim-reus\/wp-json\/wp\/v2\/types\/post"}],"author":[{"embeddable":true,"href":"https:\/\/agora.xtec.cat\/ceip-general-prim-reus\/wp-json\/wp\/v2\/users\/4"}],"replies":[{"embeddable":true,"href":"https:\/\/agora.xtec.cat\/ceip-general-prim-reus\/wp-json\/wp\/v2\/comments?post=5374"}],"version-history":[{"count":2,"href":"https:\/\/agora.xtec.cat\/ceip-general-prim-reus\/wp-json\/wp\/v2\/posts\/5374\/revisions"}],"predecessor-version":[{"id":5377,"href":"https:\/\/agora.xtec.cat\/ceip-general-prim-reus\/wp-json\/wp\/v2\/posts\/5374\/revisions\/5377"}],"wp:featuredmedia":[{"embeddable":true,"href":"https:\/\/agora.xtec.cat\/ceip-general-prim-reus\/wp-json\/wp\/v2\/media\/5375"}],"wp:attachment":[{"href":"https:\/\/agora.xtec.cat\/ceip-general-prim-reus\/wp-json\/wp\/v2\/media?parent=5374"}],"wp:term":[{"taxonomy":"category","embeddable":true,"href":"https:\/\/agora.xtec.cat\/ceip-general-prim-reus\/wp-json\/wp\/v2\/categories?post=5374"},{"taxonomy":"post_tag","embeddable":true,"href":"https:\/\/agora.xtec.cat\/ceip-general-prim-reus\/wp-json\/wp\/v2\/tags?post=5374"}],"curies":[{"name":"wp","href":"https:\/\/api.w.org\/{rel}","templated":true}]}}