{"id":5290,"date":"2024-12-09T13:19:50","date_gmt":"2024-12-09T12:19:50","guid":{"rendered":"https:\/\/agora.xtec.cat\/ceip-general-prim-reus\/?p=5290"},"modified":"2025-03-20T22:27:50","modified_gmt":"2025-03-20T21:27:50","slug":"4t-ballem-una-canco-sobre-lamistat-per-a-letwinning","status":"publish","type":"post","link":"https:\/\/agora.xtec.cat\/ceip-general-prim-reus\/general\/4t-ballem-una-canco-sobre-lamistat-per-a-letwinning\/","title":{"rendered":"4t: BALLEM UNA CAN\u00c7\u00d3 SOBRE L&#8217;AMISTAT PER A L&#8217;ETWINNING"},"content":{"rendered":"<div>Benvolgudes fam\u00edlies de 4t,<\/div>\n<div><\/div>\n<div>Com ja sabeu, participem en un projecte\u00a0<b>eTwinning<\/b>\u00a0titulat\u00a0<b><i>&#8220;International book of friendship&#8221;<\/i><\/b>. Una de les activitats que ens han proposat per a desembre \u00e9s versionar un ball d&#8217;una can\u00e7\u00f3 sobre l&#8217;amistat que est\u00e0 penjat a YouTube:<\/div>\n<div><\/div>\n<div><iframe loading=\"lazy\" title=\"YouTube video player\" src=\"https:\/\/www.youtube.com\/embed\/agDMRJp3rP8?si=2uES_S3-LPlTNMT8\" width=\"560\" height=\"315\" frameborder=\"0\" allowfullscreen=\"allowfullscreen\"><\/iframe><\/div>\n<div><\/div>\n<div>Aqu\u00ed teniu la nostra versi\u00f3. Esperem que us agradi:<\/div>\n<div><\/div>\n<div><a href=\"https:\/\/drive.google.com\/drive\/folders\/1zMUCRLP6JkeMg3FRFOu96jELSFPWJ87Y?usp=sharing\" target=\"_blank\" rel=\"noopener\"><img loading=\"lazy\" decoding=\"async\" class=\"aligncenter wp-image-5291 size-full\" src=\"https:\/\/agora.xtec.cat\/ceip-general-prim-reus\/wp-content\/uploads\/usu163\/2024\/12\/ETWNNG.jpg\" alt=\"\" width=\"856\" height=\"480\" srcset=\"https:\/\/agora.xtec.cat\/ceip-general-prim-reus\/wp-content\/uploads\/usu163\/2024\/12\/ETWNNG.jpg 856w, https:\/\/agora.xtec.cat\/ceip-general-prim-reus\/wp-content\/uploads\/usu163\/2024\/12\/ETWNNG-300x168.jpg 300w, https:\/\/agora.xtec.cat\/ceip-general-prim-reus\/wp-content\/uploads\/usu163\/2024\/12\/ETWNNG-768x431.jpg 768w\" sizes=\"auto, (max-width: 856px) 100vw, 856px\" \/><\/a><\/div>\n<div><\/div>\n<div><\/div>\n<div><\/div>\n","protected":false},"excerpt":{"rendered":"<p>Benvolgudes fam\u00edlies de 4t, Com ja sabeu, participem en un projecte\u00a0eTwinning\u00a0titulat\u00a0&#8220;International book of friendship&#8221;. Una de les activitats que ens han proposat per a desembre \u00e9s versionar un ball d&#8217;una can\u00e7\u00f3 sobre l&#8217;amistat que est\u00e0 penjat a YouTube: Aqu\u00ed teniu la nostra versi\u00f3. Esperem que us agradi:<\/p>\n","protected":false},"author":4,"featured_media":5292,"comment_status":"open","ping_status":"closed","sticky":false,"template":"","format":"standard","meta":{"_bbp_topic_count":0,"_bbp_reply_count":0,"_bbp_total_topic_count":0,"_bbp_total_reply_count":0,"_bbp_voice_count":0,"_bbp_anonymous_reply_count":0,"_bbp_topic_count_hidden":0,"_bbp_reply_count_hidden":0,"_bbp_forum_subforum_count":0,"site-sidebar-layout":"default","site-content-layout":"","ast-site-content-layout":"","site-content-style":"default","site-sidebar-style":"default","ast-global-header-display":"","ast-banner-title-visibility":"","ast-main-header-display":"","ast-hfb-above-header-display":"","ast-hfb-below-header-display":"","ast-hfb-mobile-header-display":"","site-post-title":"","ast-breadcrumbs-content":"","ast-featured-img":"","footer-sml-layout":"","theme-transparent-header-meta":"","adv-header-id-meta":"","stick-header-meta":"","header-above-stick-meta":"","header-main-stick-meta":"","header-below-stick-meta":"","astra-migrate-meta-layouts":"default","ast-page-background-enabled":"default","ast-page-background-meta":{"desktop":{"background-color":"var(--ast-global-color-4)","background-image":"","background-repeat":"repeat","background-position":"center center","background-size":"auto","background-attachment":"scroll","background-type":"","background-media":"","overlay-type":"","overlay-color":"","overlay-opacity":"","overlay-gradient":""},"tablet":{"background-color":"","background-image":"","background-repeat":"repeat","background-position":"center center","background-size":"auto","background-attachment":"scroll","background-type":"","background-media":"","overlay-type":"","overlay-color":"","overlay-opacity":"","overlay-gradient":""},"mobile":{"background-color":"","background-image":"","background-repeat":"repeat","background-position":"center center","background-size":"auto","background-attachment":"scroll","background-type":"","background-media":"","overlay-type":"","overlay-color":"","overlay-opacity":"","overlay-gradient":""}},"ast-content-background-meta":{"desktop":{"background-color":"var(--ast-global-color-5)","background-image":"","background-repeat":"repeat","background-position":"center center","background-size":"auto","background-attachment":"scroll","background-type":"","background-media":"","overlay-type":"","overlay-color":"","overlay-opacity":"","overlay-gradient":""},"tablet":{"background-color":"var(--ast-global-color-5)","background-image":"","background-repeat":"repeat","background-position":"center center","background-size":"auto","background-attachment":"scroll","background-type":"","background-media":"","overlay-type":"","overlay-color":"","overlay-opacity":"","overlay-gradient":""},"mobile":{"background-color":"var(--ast-global-color-5)","background-image":"","background-repeat":"repeat","background-position":"center center","background-size":"auto","background-attachment":"scroll","background-type":"","background-media":"","overlay-type":"","overlay-color":"","overlay-opacity":"","overlay-gradient":""}},"footnotes":""},"categories":[13,1,4,5,827,828,824],"tags":[158,94,1598,1932,1430,687,1879,153,1093,1281,1519,1886,1933,1931,79,407,938,1448,2052,1518,1887,197,217,2051,1284,390,165,372,1285,1520,567,78,608,60,1282,1283,53,919,1380,811,1012,813],"class_list":["post-5290","post","type-post","status-publish","format-standard","has-post-thumbnail","hentry","category-4t","category-general","category-portada","category-primaria","category-projecte-internacionalitzacio","category-projectes-etwinning","category-xarxa-escoles-publiques","tag-4t","tag-activitats","tag-adnprim","tag-amistad","tag-amistat","tag-ball","tag-curs2024_25","tag-dansa","tag-erasmus","tag-erasmusplus","tag-erasmusplusprojects","tag-etwinning","tag-friend","tag-friendship","tag-innovacio","tag-innovacioeducativa","tag-intercanvi","tag-intercanvicultural","tag-internacionalitzaciodelcentre","tag-internacionalizacion","tag-internationalbookoffriendship","tag-novesmetodologies","tag-participacio","tag-projectedinternacionalitzacio","tag-projecteerasmusplus","tag-projectes","tag-repte","tag-reptes","tag-sepie","tag-sepie_gob","tag-song","tag-steam","tag-totsfemescola","tag-treball-collaboratiu","tag-ue","tag-unioeuropea","tag-valors","tag-versio","tag-video","tag-viulapublica","tag-xarxadescolespubliquesdereus","tag-xepr"],"post_mailing_queue_ids":[],"_links":{"self":[{"href":"https:\/\/agora.xtec.cat\/ceip-general-prim-reus\/wp-json\/wp\/v2\/posts\/5290","targetHints":{"allow":["GET"]}}],"collection":[{"href":"https:\/\/agora.xtec.cat\/ceip-general-prim-reus\/wp-json\/wp\/v2\/posts"}],"about":[{"href":"https:\/\/agora.xtec.cat\/ceip-general-prim-reus\/wp-json\/wp\/v2\/types\/post"}],"author":[{"embeddable":true,"href":"https:\/\/agora.xtec.cat\/ceip-general-prim-reus\/wp-json\/wp\/v2\/users\/4"}],"replies":[{"embeddable":true,"href":"https:\/\/agora.xtec.cat\/ceip-general-prim-reus\/wp-json\/wp\/v2\/comments?post=5290"}],"version-history":[{"count":1,"href":"https:\/\/agora.xtec.cat\/ceip-general-prim-reus\/wp-json\/wp\/v2\/posts\/5290\/revisions"}],"predecessor-version":[{"id":5293,"href":"https:\/\/agora.xtec.cat\/ceip-general-prim-reus\/wp-json\/wp\/v2\/posts\/5290\/revisions\/5293"}],"wp:featuredmedia":[{"embeddable":true,"href":"https:\/\/agora.xtec.cat\/ceip-general-prim-reus\/wp-json\/wp\/v2\/media\/5292"}],"wp:attachment":[{"href":"https:\/\/agora.xtec.cat\/ceip-general-prim-reus\/wp-json\/wp\/v2\/media?parent=5290"}],"wp:term":[{"taxonomy":"category","embeddable":true,"href":"https:\/\/agora.xtec.cat\/ceip-general-prim-reus\/wp-json\/wp\/v2\/categories?post=5290"},{"taxonomy":"post_tag","embeddable":true,"href":"https:\/\/agora.xtec.cat\/ceip-general-prim-reus\/wp-json\/wp\/v2\/tags?post=5290"}],"curies":[{"name":"wp","href":"https:\/\/api.w.org\/{rel}","templated":true}]}}