{"id":5276,"date":"2024-12-05T10:33:20","date_gmt":"2024-12-05T09:33:20","guid":{"rendered":"https:\/\/agora.xtec.cat\/ceip-general-prim-reus\/?p=5276"},"modified":"2024-12-09T08:28:24","modified_gmt":"2024-12-09T07:28:24","slug":"a-2n-i-3r-fem-de-pagesos","status":"publish","type":"post","link":"https:\/\/agora.xtec.cat\/ceip-general-prim-reus\/general\/a-2n-i-3r-fem-de-pagesos\/","title":{"rendered":"A 2n I 3r FEM DE PAGESOS"},"content":{"rendered":"<div>\n<p><span style=\"font-family: Arial, sans-serif;\">Les nenes i nens de 2n i 3r hem participat en el taller \u00abPagesia gran a l\u2019escola\u00bb, de la Fundaci\u00f3 Pagesos Solidaris. L\u2019Ainhoa ens ha explicat els conreus m\u00e9s abundants al Baix Camp i el Manel, que \u00e9s pag\u00e8s, ens ha parlat de la seva feina al camp, les eines i les m\u00e0quines que utilitza i de la import\u00e0ncia d\u2019estimar la terra. Despr\u00e9s, hem plantat llavors de julivert, espinacs i faves en uns testos biodegradables per a que puguem trasplantar les llavors a casa. Ens ho hem passat molt b\u00e9!<\/span><\/p>\n<p>Cliqueu a sobre de les seg\u00fcents imatges i podreu veure tot l&#8217;\u00e0lbum de fotos:<\/p>\n<\/div>\n<div><\/div>\n<div><a href=\"https:\/\/drive.google.com\/drive\/folders\/14A2-t2x3FWHBvngfm34I7ogEbBjYQ2ZI\" target=\"_blank\" rel=\"noopener\"><img loading=\"lazy\" decoding=\"async\" class=\"aligncenter wp-image-5277 size-full\" src=\"https:\/\/agora.xtec.cat\/ceip-general-prim-reus\/wp-content\/uploads\/usu163\/2024\/12\/pagesos.jpg\" alt=\"\" width=\"961\" height=\"530\" srcset=\"https:\/\/agora.xtec.cat\/ceip-general-prim-reus\/wp-content\/uploads\/usu163\/2024\/12\/pagesos.jpg 961w, https:\/\/agora.xtec.cat\/ceip-general-prim-reus\/wp-content\/uploads\/usu163\/2024\/12\/pagesos-300x165.jpg 300w, https:\/\/agora.xtec.cat\/ceip-general-prim-reus\/wp-content\/uploads\/usu163\/2024\/12\/pagesos-768x424.jpg 768w\" sizes=\"auto, (max-width: 961px) 100vw, 961px\" \/><\/a><\/div>\n","protected":false},"excerpt":{"rendered":"<p>Les nenes i nens de 2n i 3r hem participat en el taller \u00abPagesia gran a l\u2019escola\u00bb, de la Fundaci\u00f3 Pagesos Solidaris. L\u2019Ainhoa ens ha explicat els conreus m\u00e9s abundants al Baix Camp i el Manel, que \u00e9s pag\u00e8s, ens ha parlat de la seva feina al camp, les eines i les m\u00e0quines que utilitza [&hellip;]<\/p>\n","protected":false},"author":4,"featured_media":5277,"comment_status":"open","ping_status":"closed","sticky":false,"template":"","format":"standard","meta":{"_bbp_topic_count":0,"_bbp_reply_count":0,"_bbp_total_topic_count":0,"_bbp_total_reply_count":0,"_bbp_voice_count":0,"_bbp_anonymous_reply_count":0,"_bbp_topic_count_hidden":0,"_bbp_reply_count_hidden":0,"_bbp_forum_subforum_count":0,"site-sidebar-layout":"default","site-content-layout":"","ast-site-content-layout":"","site-content-style":"default","site-sidebar-style":"default","ast-global-header-display":"","ast-banner-title-visibility":"","ast-main-header-display":"","ast-hfb-above-header-display":"","ast-hfb-below-header-display":"","ast-hfb-mobile-header-display":"","site-post-title":"","ast-breadcrumbs-content":"","ast-featured-img":"","footer-sml-layout":"","theme-transparent-header-meta":"","adv-header-id-meta":"","stick-header-meta":"","header-above-stick-meta":"","header-main-stick-meta":"","header-below-stick-meta":"","astra-migrate-meta-layouts":"default","ast-page-background-enabled":"default","ast-page-background-meta":{"desktop":{"background-color":"var(--ast-global-color-4)","background-image":"","background-repeat":"repeat","background-position":"center center","background-size":"auto","background-attachment":"scroll","background-type":"","background-media":"","overlay-type":"","overlay-color":"","overlay-opacity":"","overlay-gradient":""},"tablet":{"background-color":"","background-image":"","background-repeat":"repeat","background-position":"center center","background-size":"auto","background-attachment":"scroll","background-type":"","background-media":"","overlay-type":"","overlay-color":"","overlay-opacity":"","overlay-gradient":""},"mobile":{"background-color":"","background-image":"","background-repeat":"repeat","background-position":"center center","background-size":"auto","background-attachment":"scroll","background-type":"","background-media":"","overlay-type":"","overlay-color":"","overlay-opacity":"","overlay-gradient":""}},"ast-content-background-meta":{"desktop":{"background-color":"var(--ast-global-color-5)","background-image":"","background-repeat":"repeat","background-position":"center center","background-size":"auto","background-attachment":"scroll","background-type":"","background-media":"","overlay-type":"","overlay-color":"","overlay-opacity":"","overlay-gradient":""},"tablet":{"background-color":"var(--ast-global-color-5)","background-image":"","background-repeat":"repeat","background-position":"center center","background-size":"auto","background-attachment":"scroll","background-type":"","background-media":"","overlay-type":"","overlay-color":"","overlay-opacity":"","overlay-gradient":""},"mobile":{"background-color":"var(--ast-global-color-5)","background-image":"","background-repeat":"repeat","background-position":"center center","background-size":"auto","background-attachment":"scroll","background-type":"","background-media":"","overlay-type":"","overlay-color":"","overlay-opacity":"","overlay-gradient":""}},"footnotes":""},"categories":[11,12,1,822,4,5,824],"tags":[341,263,1598,1473,1483,1600,1879,198,202,1688,800,1929,1438,1563,91,1928,1256,1248,60,1930,811,1012,813],"class_list":["post-5276","post","type-post","status-publish","format-standard","has-post-thumbnail","hentry","category-2n","category-3r","category-general","category-hort-escolar","category-portada","category-primaria","category-xarxa-escoles-publiques","tag-2n","tag-3r","tag-adnprim","tag-aprenentatgesignificatiu","tag-comunitatdemitjans","tag-conreus","tag-curs2024_25","tag-hort","tag-hortalisses","tag-llavors","tag-oficis","tag-pagesossolidaris","tag-plantes","tag-publica","tag-reus","tag-tallerpagesia","tag-transformaciodecentre","tag-transformacioeducativa","tag-treball-collaboratiu","tag-uniodepagesos","tag-viulapublica","tag-xarxadescolespubliquesdereus","tag-xepr"],"post_mailing_queue_ids":[],"_links":{"self":[{"href":"https:\/\/agora.xtec.cat\/ceip-general-prim-reus\/wp-json\/wp\/v2\/posts\/5276","targetHints":{"allow":["GET"]}}],"collection":[{"href":"https:\/\/agora.xtec.cat\/ceip-general-prim-reus\/wp-json\/wp\/v2\/posts"}],"about":[{"href":"https:\/\/agora.xtec.cat\/ceip-general-prim-reus\/wp-json\/wp\/v2\/types\/post"}],"author":[{"embeddable":true,"href":"https:\/\/agora.xtec.cat\/ceip-general-prim-reus\/wp-json\/wp\/v2\/users\/4"}],"replies":[{"embeddable":true,"href":"https:\/\/agora.xtec.cat\/ceip-general-prim-reus\/wp-json\/wp\/v2\/comments?post=5276"}],"version-history":[{"count":2,"href":"https:\/\/agora.xtec.cat\/ceip-general-prim-reus\/wp-json\/wp\/v2\/posts\/5276\/revisions"}],"predecessor-version":[{"id":5289,"href":"https:\/\/agora.xtec.cat\/ceip-general-prim-reus\/wp-json\/wp\/v2\/posts\/5276\/revisions\/5289"}],"wp:featuredmedia":[{"embeddable":true,"href":"https:\/\/agora.xtec.cat\/ceip-general-prim-reus\/wp-json\/wp\/v2\/media\/5277"}],"wp:attachment":[{"href":"https:\/\/agora.xtec.cat\/ceip-general-prim-reus\/wp-json\/wp\/v2\/media?parent=5276"}],"wp:term":[{"taxonomy":"category","embeddable":true,"href":"https:\/\/agora.xtec.cat\/ceip-general-prim-reus\/wp-json\/wp\/v2\/categories?post=5276"},{"taxonomy":"post_tag","embeddable":true,"href":"https:\/\/agora.xtec.cat\/ceip-general-prim-reus\/wp-json\/wp\/v2\/tags?post=5276"}],"curies":[{"name":"wp","href":"https:\/\/api.w.org\/{rel}","templated":true}]}}