{"id":5265,"date":"2024-11-28T12:04:25","date_gmt":"2024-11-28T11:04:25","guid":{"rendered":"https:\/\/agora.xtec.cat\/ceip-general-prim-reus\/?p=5265"},"modified":"2024-11-28T12:04:25","modified_gmt":"2024-11-28T11:04:25","slug":"petits-la-revolucio-de-les-aixetes","status":"publish","type":"post","link":"https:\/\/agora.xtec.cat\/ceip-general-prim-reus\/general\/petits-la-revolucio-de-les-aixetes\/","title":{"rendered":"PETITS: LA REVOLUCI\u00d3 DE LES AIXETES"},"content":{"rendered":"<p>A I3, I4 i I5 hem apr\u00e8s com podem estalviar aigua a partir del conte \u201cLa revoluci\u00f3 de les aixetes\u201d, una hist\u00f2ria de la Loli Beltr\u00e1n que ens ha agradat molt! \u00c9s important conscienciar-se sobre la necessitat d\u2019estalvi d\u2019aigua, tenint en compte la sequera i l\u2019emerg\u00e8ncia clim\u00e0tica que estem vivint actualment.<\/p>\n<div>\n<p><em>&#8220;A Reus va passar un fet ins\u00f2lit: un dia d&#8217;estiu, les aixetes de les cases es van comen\u00e7ar a comportar d&#8217;una manera estranya &#8230;&#8221;<\/em>. Aquest \u00e9s el comen\u00e7ament del conte &#8220;La revoluci\u00f3 de les aixetes&#8221;, una publicaci\u00f3 d&#8217;Aig\u00fces de Reus amb la voluntat de conscienciar als m\u00e9s petits sobre l&#8217;estalvi d&#8217;aigua. La idea \u00e9s anar fent difusi\u00f3 del conte en format de contacontes per diferents escoles de la ciutat. Tot plegat, perqu\u00e8 els infants entenguin en quina situaci\u00f3 es troba el territori i que poden fer ells per aportar el seu granet de sorra.<\/p>\n<p>Cliqueu a sobre de les seg\u00fcents imatges i podreu veure els \u00e0lbums de fotos de les diferents classes:<\/p>\n<\/div>\n<div class=\"adL\"><\/div>\n<div><a href=\"https:\/\/drive.google.com\/drive\/folders\/1hxECS1B9bcz1JGAyxy_kgGd348xF3fpX\" target=\"_blank\" rel=\"noopener\"><img loading=\"lazy\" decoding=\"async\" class=\"aligncenter wp-image-5266 size-full\" src=\"https:\/\/agora.xtec.cat\/ceip-general-prim-reus\/wp-content\/uploads\/usu163\/2024\/11\/aixts.jpg\" alt=\"\" width=\"928\" height=\"380\" srcset=\"https:\/\/agora.xtec.cat\/ceip-general-prim-reus\/wp-content\/uploads\/usu163\/2024\/11\/aixts.jpg 928w, https:\/\/agora.xtec.cat\/ceip-general-prim-reus\/wp-content\/uploads\/usu163\/2024\/11\/aixts-300x123.jpg 300w, https:\/\/agora.xtec.cat\/ceip-general-prim-reus\/wp-content\/uploads\/usu163\/2024\/11\/aixts-768x314.jpg 768w\" sizes=\"auto, (max-width: 928px) 100vw, 928px\" \/><\/a><\/div>\n","protected":false},"excerpt":{"rendered":"<p>A I3, I4 i I5 hem apr\u00e8s com podem estalviar aigua a partir del conte \u201cLa revoluci\u00f3 de les aixetes\u201d, una hist\u00f2ria de la Loli Beltr\u00e1n que ens ha agradat molt! \u00c9s important conscienciar-se sobre la necessitat d\u2019estalvi d\u2019aigua, tenint en compte la sequera i l\u2019emerg\u00e8ncia clim\u00e0tica que estem vivint actualment. &#8220;A Reus va passar [&hellip;]<\/p>\n","protected":false},"author":4,"featured_media":5266,"comment_status":"open","ping_status":"closed","sticky":false,"template":"","format":"standard","meta":{"_bbp_topic_count":0,"_bbp_reply_count":0,"_bbp_total_topic_count":0,"_bbp_total_reply_count":0,"_bbp_voice_count":0,"_bbp_anonymous_reply_count":0,"_bbp_topic_count_hidden":0,"_bbp_reply_count_hidden":0,"_bbp_forum_subforum_count":0,"site-sidebar-layout":"default","site-content-layout":"","ast-site-content-layout":"","site-content-style":"default","site-sidebar-style":"default","ast-global-header-display":"","ast-banner-title-visibility":"","ast-main-header-display":"","ast-hfb-above-header-display":"","ast-hfb-below-header-display":"","ast-hfb-mobile-header-display":"","site-post-title":"","ast-breadcrumbs-content":"","ast-featured-img":"","footer-sml-layout":"","theme-transparent-header-meta":"","adv-header-id-meta":"","stick-header-meta":"","header-above-stick-meta":"","header-main-stick-meta":"","header-below-stick-meta":"","astra-migrate-meta-layouts":"default","ast-page-background-enabled":"default","ast-page-background-meta":{"desktop":{"background-color":"var(--ast-global-color-4)","background-image":"","background-repeat":"repeat","background-position":"center center","background-size":"auto","background-attachment":"scroll","background-type":"","background-media":"","overlay-type":"","overlay-color":"","overlay-opacity":"","overlay-gradient":""},"tablet":{"background-color":"","background-image":"","background-repeat":"repeat","background-position":"center center","background-size":"auto","background-attachment":"scroll","background-type":"","background-media":"","overlay-type":"","overlay-color":"","overlay-opacity":"","overlay-gradient":""},"mobile":{"background-color":"","background-image":"","background-repeat":"repeat","background-position":"center center","background-size":"auto","background-attachment":"scroll","background-type":"","background-media":"","overlay-type":"","overlay-color":"","overlay-opacity":"","overlay-gradient":""}},"ast-content-background-meta":{"desktop":{"background-color":"var(--ast-global-color-5)","background-image":"","background-repeat":"repeat","background-position":"center center","background-size":"auto","background-attachment":"scroll","background-type":"","background-media":"","overlay-type":"","overlay-color":"","overlay-opacity":"","overlay-gradient":""},"tablet":{"background-color":"var(--ast-global-color-5)","background-image":"","background-repeat":"repeat","background-position":"center center","background-size":"auto","background-attachment":"scroll","background-type":"","background-media":"","overlay-type":"","overlay-color":"","overlay-opacity":"","overlay-gradient":""},"mobile":{"background-color":"var(--ast-global-color-5)","background-image":"","background-repeat":"repeat","background-position":"center center","background-size":"auto","background-attachment":"scroll","background-type":"","background-media":"","overlay-type":"","overlay-color":"","overlay-opacity":"","overlay-gradient":""}},"footnotes":""},"categories":[1,3,8,9,2,4,824],"tags":[94,1598,245,143,1774,1582,1583,328,544,281,65,1879,177,176,51,1925,89,238,1494,1495,1496,79,407,1924,217,1181,91,1927,1926,608,1256,60,53,811,1012,813],"class_list":["post-5265","post","type-post","status-publish","format-standard","has-post-thumbnail","hentry","category-general","category-i3","category-i4","category-i5","category-infantil","category-portada","category-xarxa-escoles-publiques","tag-activitats","tag-adnprim","tag-aigua","tag-aiguesdereus","tag-canviclimatic","tag-consumresponsable","tag-consumsostenible","tag-contacontes","tag-conte","tag-contes","tag-cooperacio","tag-curs2024_25","tag-educacioinfantil","tag-ei","tag-escola","tag-estalvidaigua","tag-habits","tag-habitssaludables","tag-i3","tag-i4","tag-i5","tag-innovacio","tag-innovacioeducativa","tag-larevoluciodelesaixetes","tag-participacio","tag-recursos","tag-reus","tag-rius","tag-sequera","tag-totsfemescola","tag-transformaciodecentre","tag-treball-collaboratiu","tag-valors","tag-viulapublica","tag-xarxadescolespubliquesdereus","tag-xepr"],"post_mailing_queue_ids":[],"_links":{"self":[{"href":"https:\/\/agora.xtec.cat\/ceip-general-prim-reus\/wp-json\/wp\/v2\/posts\/5265","targetHints":{"allow":["GET"]}}],"collection":[{"href":"https:\/\/agora.xtec.cat\/ceip-general-prim-reus\/wp-json\/wp\/v2\/posts"}],"about":[{"href":"https:\/\/agora.xtec.cat\/ceip-general-prim-reus\/wp-json\/wp\/v2\/types\/post"}],"author":[{"embeddable":true,"href":"https:\/\/agora.xtec.cat\/ceip-general-prim-reus\/wp-json\/wp\/v2\/users\/4"}],"replies":[{"embeddable":true,"href":"https:\/\/agora.xtec.cat\/ceip-general-prim-reus\/wp-json\/wp\/v2\/comments?post=5265"}],"version-history":[{"count":1,"href":"https:\/\/agora.xtec.cat\/ceip-general-prim-reus\/wp-json\/wp\/v2\/posts\/5265\/revisions"}],"predecessor-version":[{"id":5267,"href":"https:\/\/agora.xtec.cat\/ceip-general-prim-reus\/wp-json\/wp\/v2\/posts\/5265\/revisions\/5267"}],"wp:featuredmedia":[{"embeddable":true,"href":"https:\/\/agora.xtec.cat\/ceip-general-prim-reus\/wp-json\/wp\/v2\/media\/5266"}],"wp:attachment":[{"href":"https:\/\/agora.xtec.cat\/ceip-general-prim-reus\/wp-json\/wp\/v2\/media?parent=5265"}],"wp:term":[{"taxonomy":"category","embeddable":true,"href":"https:\/\/agora.xtec.cat\/ceip-general-prim-reus\/wp-json\/wp\/v2\/categories?post=5265"},{"taxonomy":"post_tag","embeddable":true,"href":"https:\/\/agora.xtec.cat\/ceip-general-prim-reus\/wp-json\/wp\/v2\/tags?post=5265"}],"curies":[{"name":"wp","href":"https:\/\/api.w.org\/{rel}","templated":true}]}}