{"id":5228,"date":"2024-11-20T20:32:20","date_gmt":"2024-11-20T19:32:20","guid":{"rendered":"https:\/\/agora.xtec.cat\/ceip-general-prim-reus\/?p=5228"},"modified":"2025-03-20T22:28:39","modified_gmt":"2025-03-20T21:28:39","slug":"ens-visita-la-delegacio-eslovena-del-nostre-projecte-erasmus","status":"publish","type":"post","link":"https:\/\/agora.xtec.cat\/ceip-general-prim-reus\/general\/ens-visita-la-delegacio-eslovena-del-nostre-projecte-erasmus\/","title":{"rendered":"ENS VISITA LA DELEGACI\u00d3 ESLOVENA DEL NOSTRE PROJECTE ERASMUS+"},"content":{"rendered":"<p><span style=\"font-weight: 400;\">Benvolgudes fam\u00edlies,\u00a0<\/span><\/p>\n<p><span style=\"font-weight: 400;\">La setmana de l\u2019onze al quinze de novembre hem rebut a visita de 5 mestres eslovens juntament amb 5 alumnes en el marc del programa Erasmus+. Les nostres companyes eslovenes, juntament amb els seus alumnes, ens han visitat per compartir els nostres coneixements en l\u2019aprenentatge per als seus i els nostres alumnes. A m\u00e9s a m\u00e9s, aquesta experi\u00e8ncia l\u2019hem aprofitat per poder dur a la pr\u00e0ctica docent nous coneixements.\u00a0<\/span><\/p>\n<p><span style=\"font-weight: 400;\">L\u2019escola ha tingut el plaer de poder compartir amb ells i elles la rob\u00f2tica i l\u2019STEAM, Tallers de Lleng\u00fces, Angl\u00e8s, Educaci\u00f3 F\u00edsica, M\u00fasica al nostre centre durant aquesta setmana. D\u2019altra banda l\u2019alumnat de sis\u00e8 ha pogut compartir amb els alumnes eslovens noves experi\u00e8ncies molt gratificants.<\/span><\/p>\n<p>Cliqueu a sobre de les seg\u00fcents imatges i podreu veure tot l&#8217;\u00e0lbum:<\/p>\n<p><a href=\"https:\/\/drive.google.com\/drive\/folders\/1mc7VgzliiAVC7FwtdK_3UU9BdelYqMFJ\" target=\"_blank\" rel=\"noopener\"><img loading=\"lazy\" decoding=\"async\" class=\"aligncenter wp-image-5229 size-full\" src=\"https:\/\/agora.xtec.cat\/ceip-general-prim-reus\/wp-content\/uploads\/usu163\/2024\/11\/PRTD_RSMS.jpg\" alt=\"\" width=\"1295\" height=\"800\" srcset=\"https:\/\/agora.xtec.cat\/ceip-general-prim-reus\/wp-content\/uploads\/usu163\/2024\/11\/PRTD_RSMS.jpg 1295w, https:\/\/agora.xtec.cat\/ceip-general-prim-reus\/wp-content\/uploads\/usu163\/2024\/11\/PRTD_RSMS-300x185.jpg 300w, https:\/\/agora.xtec.cat\/ceip-general-prim-reus\/wp-content\/uploads\/usu163\/2024\/11\/PRTD_RSMS-1024x633.jpg 1024w, https:\/\/agora.xtec.cat\/ceip-general-prim-reus\/wp-content\/uploads\/usu163\/2024\/11\/PRTD_RSMS-768x474.jpg 768w\" sizes=\"auto, (max-width: 1295px) 100vw, 1295px\" \/><\/a><\/p>\n","protected":false},"excerpt":{"rendered":"<p>Benvolgudes fam\u00edlies,\u00a0 La setmana de l\u2019onze al quinze de novembre hem rebut a visita de 5 mestres eslovens juntament amb 5 alumnes en el marc del programa Erasmus+. Les nostres companyes eslovenes, juntament amb els seus alumnes, ens han visitat per compartir els nostres coneixements en l\u2019aprenentatge per als seus i els nostres alumnes. A [&hellip;]<\/p>\n","protected":false},"author":4,"featured_media":5231,"comment_status":"open","ping_status":"closed","sticky":false,"template":"","format":"standard","meta":{"_bbp_topic_count":0,"_bbp_reply_count":0,"_bbp_total_topic_count":0,"_bbp_total_reply_count":0,"_bbp_voice_count":0,"_bbp_anonymous_reply_count":0,"_bbp_topic_count_hidden":0,"_bbp_reply_count_hidden":0,"_bbp_forum_subforum_count":0,"site-sidebar-layout":"default","site-content-layout":"","ast-site-content-layout":"","site-content-style":"default","site-sidebar-style":"default","ast-global-header-display":"","ast-banner-title-visibility":"","ast-main-header-display":"","ast-hfb-above-header-display":"","ast-hfb-below-header-display":"","ast-hfb-mobile-header-display":"","site-post-title":"","ast-breadcrumbs-content":"","ast-featured-img":"","footer-sml-layout":"","theme-transparent-header-meta":"","adv-header-id-meta":"","stick-header-meta":"","header-above-stick-meta":"","header-main-stick-meta":"","header-below-stick-meta":"","astra-migrate-meta-layouts":"default","ast-page-background-enabled":"default","ast-page-background-meta":{"desktop":{"background-color":"var(--ast-global-color-4)","background-image":"","background-repeat":"repeat","background-position":"center center","background-size":"auto","background-attachment":"scroll","background-type":"","background-media":"","overlay-type":"","overlay-color":"","overlay-opacity":"","overlay-gradient":""},"tablet":{"background-color":"","background-image":"","background-repeat":"repeat","background-position":"center center","background-size":"auto","background-attachment":"scroll","background-type":"","background-media":"","overlay-type":"","overlay-color":"","overlay-opacity":"","overlay-gradient":""},"mobile":{"background-color":"","background-image":"","background-repeat":"repeat","background-position":"center center","background-size":"auto","background-attachment":"scroll","background-type":"","background-media":"","overlay-type":"","overlay-color":"","overlay-opacity":"","overlay-gradient":""}},"ast-content-background-meta":{"desktop":{"background-color":"var(--ast-global-color-5)","background-image":"","background-repeat":"repeat","background-position":"center center","background-size":"auto","background-attachment":"scroll","background-type":"","background-media":"","overlay-type":"","overlay-color":"","overlay-opacity":"","overlay-gradient":""},"tablet":{"background-color":"var(--ast-global-color-5)","background-image":"","background-repeat":"repeat","background-position":"center center","background-size":"auto","background-attachment":"scroll","background-type":"","background-media":"","overlay-type":"","overlay-color":"","overlay-opacity":"","overlay-gradient":""},"mobile":{"background-color":"var(--ast-global-color-5)","background-image":"","background-repeat":"repeat","background-position":"center center","background-size":"auto","background-attachment":"scroll","background-type":"","background-media":"","overlay-type":"","overlay-color":"","overlay-opacity":"","overlay-gradient":""}},"footnotes":""},"categories":[13,14,15,1,4,5,827,824],"tags":[158,166,126,94,1598,65,1879,1093,1844,1281,1519,1843,1845,1911,1246,79,407,938,1448,2052,1518,167,197,217,2051,1284,390,1285,1520,1914,78,608,1256,1248,60,53,811,1012,813],"class_list":["post-5228","post","type-post","status-publish","format-standard","has-post-thumbnail","hentry","category-4t","category-5e","category-6e","category-general","category-portada","category-primaria","category-projecte-internacionalitzacio","category-xarxa-escoles-publiques","tag-4t","tag-5e","tag-6e","tag-activitats","tag-adnprim","tag-cooperacio","tag-curs2024_25","tag-erasmus","tag-erasmus-es","tag-erasmusplus","tag-erasmusplusprojects","tag-erasmusproject","tag-erasmusprojects4u","tag-eslovenia","tag-europe","tag-innovacio","tag-innovacioeducativa","tag-intercanvi","tag-intercanvicultural","tag-internacionalitzaciodelcentre","tag-internacionalizacion","tag-mobilitat","tag-novesmetodologies","tag-participacio","tag-projectedinternacionalitzacio","tag-projecteerasmusplus","tag-projectes","tag-sepie","tag-sepie_gob","tag-slovenia","tag-steam","tag-totsfemescola","tag-transformaciodecentre","tag-transformacioeducativa","tag-treball-collaboratiu","tag-valors","tag-viulapublica","tag-xarxadescolespubliquesdereus","tag-xepr"],"post_mailing_queue_ids":[],"_links":{"self":[{"href":"https:\/\/agora.xtec.cat\/ceip-general-prim-reus\/wp-json\/wp\/v2\/posts\/5228","targetHints":{"allow":["GET"]}}],"collection":[{"href":"https:\/\/agora.xtec.cat\/ceip-general-prim-reus\/wp-json\/wp\/v2\/posts"}],"about":[{"href":"https:\/\/agora.xtec.cat\/ceip-general-prim-reus\/wp-json\/wp\/v2\/types\/post"}],"author":[{"embeddable":true,"href":"https:\/\/agora.xtec.cat\/ceip-general-prim-reus\/wp-json\/wp\/v2\/users\/4"}],"replies":[{"embeddable":true,"href":"https:\/\/agora.xtec.cat\/ceip-general-prim-reus\/wp-json\/wp\/v2\/comments?post=5228"}],"version-history":[{"count":1,"href":"https:\/\/agora.xtec.cat\/ceip-general-prim-reus\/wp-json\/wp\/v2\/posts\/5228\/revisions"}],"predecessor-version":[{"id":5230,"href":"https:\/\/agora.xtec.cat\/ceip-general-prim-reus\/wp-json\/wp\/v2\/posts\/5228\/revisions\/5230"}],"wp:featuredmedia":[{"embeddable":true,"href":"https:\/\/agora.xtec.cat\/ceip-general-prim-reus\/wp-json\/wp\/v2\/media\/5231"}],"wp:attachment":[{"href":"https:\/\/agora.xtec.cat\/ceip-general-prim-reus\/wp-json\/wp\/v2\/media?parent=5228"}],"wp:term":[{"taxonomy":"category","embeddable":true,"href":"https:\/\/agora.xtec.cat\/ceip-general-prim-reus\/wp-json\/wp\/v2\/categories?post=5228"},{"taxonomy":"post_tag","embeddable":true,"href":"https:\/\/agora.xtec.cat\/ceip-general-prim-reus\/wp-json\/wp\/v2\/tags?post=5228"}],"curies":[{"name":"wp","href":"https:\/\/api.w.org\/{rel}","templated":true}]}}