{"id":5152,"date":"2024-10-12T10:40:16","date_gmt":"2024-10-12T08:40:16","guid":{"rendered":"https:\/\/agora.xtec.cat\/ceip-general-prim-reus\/?p=5152"},"modified":"2024-11-14T19:06:36","modified_gmt":"2024-11-14T18:06:36","slug":"4t-projecte-etwinning-international-book-of-friendship","status":"publish","type":"post","link":"https:\/\/agora.xtec.cat\/ceip-general-prim-reus\/general\/4t-projecte-etwinning-international-book-of-friendship\/","title":{"rendered":"4t: PROJECTE ETWINNING &#8220;INTERNATIONAL BOOK OF FRIENDSHIP&#8221;"},"content":{"rendered":"<p dir=\"ltr\">Benvolgudes fam\u00edlies,<\/p>\n<p dir=\"ltr\">A 4t de prim\u00e0ria s\u2019ha iniciat un projecte eTwinning juntament amb alumnat de Romania, Turquia, Azerbaitjan, Maced\u00f2nia, Jord\u00e0nia, Cro\u00e0cia, Fran\u00e7a, B\u00f2snia i Hercegovina, Portugal i Gr\u00e8cia, que t\u00e9 per objectiu el treball cooperatiu, la cohesi\u00f3 i el respecte des de l&#8217;\u00e0mbit literari.<\/p>\n<p dir=\"ltr\">\u201cInternational book of friendship\u201d vol fomentar\u00a0el treball de la llengua anglesa escrita i poder practicar l\u2019expressi\u00f3 oral en situacions reals. Aquests tipus de col\u00b7laboracions\u00a0ens permeten incidir en la democr\u00e0cia, la inclusi\u00f3 i la cooperaci\u00f3 entre ciutadans europeus.<\/p>\n<p dir=\"ltr\">International book of friendship forma part del projecte Erasmus+ i eTwinning dels que participa el nostre centre educatiu i en els quals aboquem molts esfor\u00e7os i il\u00b7lusi\u00f3.<\/p>\n<p dir=\"ltr\">Aqu\u00ed teniu els v\u00eddeos de presentaci\u00f3:<\/p>\n<p dir=\"ltr\"><a href=\"https:\/\/drive.google.com\/drive\/folders\/17jYvgW4-qTI1uDI-TQKkqiyOAT5Ma94Y\" target=\"_blank\" rel=\"noopener\"><img loading=\"lazy\" decoding=\"async\" class=\"aligncenter wp-image-5196 size-full\" src=\"https:\/\/agora.xtec.cat\/ceip-general-prim-reus\/wp-content\/uploads\/usu163\/2024\/10\/ETWINNING_VIDEO.jpg\" alt=\"\" width=\"1234\" height=\"706\" srcset=\"https:\/\/agora.xtec.cat\/ceip-general-prim-reus\/wp-content\/uploads\/usu163\/2024\/10\/ETWINNING_VIDEO.jpg 1234w, https:\/\/agora.xtec.cat\/ceip-general-prim-reus\/wp-content\/uploads\/usu163\/2024\/10\/ETWINNING_VIDEO-300x172.jpg 300w, https:\/\/agora.xtec.cat\/ceip-general-prim-reus\/wp-content\/uploads\/usu163\/2024\/10\/ETWINNING_VIDEO-1024x586.jpg 1024w, https:\/\/agora.xtec.cat\/ceip-general-prim-reus\/wp-content\/uploads\/usu163\/2024\/10\/ETWINNING_VIDEO-768x439.jpg 768w\" sizes=\"auto, (max-width: 1234px) 100vw, 1234px\" \/><\/a><\/p>\n<p dir=\"ltr\"><img loading=\"lazy\" decoding=\"async\" class=\"aligncenter size-full wp-image-5153\" src=\"https:\/\/agora.xtec.cat\/ceip-general-prim-reus\/wp-content\/uploads\/usu163\/2024\/10\/etwinning-book-of-friendship-4th-scaled.jpg\" alt=\"\" width=\"2560\" height=\"1463\" srcset=\"https:\/\/agora.xtec.cat\/ceip-general-prim-reus\/wp-content\/uploads\/usu163\/2024\/10\/etwinning-book-of-friendship-4th-scaled.jpg 2560w, https:\/\/agora.xtec.cat\/ceip-general-prim-reus\/wp-content\/uploads\/usu163\/2024\/10\/etwinning-book-of-friendship-4th-300x171.jpg 300w, https:\/\/agora.xtec.cat\/ceip-general-prim-reus\/wp-content\/uploads\/usu163\/2024\/10\/etwinning-book-of-friendship-4th-1024x585.jpg 1024w, https:\/\/agora.xtec.cat\/ceip-general-prim-reus\/wp-content\/uploads\/usu163\/2024\/10\/etwinning-book-of-friendship-4th-768x439.jpg 768w, https:\/\/agora.xtec.cat\/ceip-general-prim-reus\/wp-content\/uploads\/usu163\/2024\/10\/etwinning-book-of-friendship-4th-1536x878.jpg 1536w, https:\/\/agora.xtec.cat\/ceip-general-prim-reus\/wp-content\/uploads\/usu163\/2024\/10\/etwinning-book-of-friendship-4th-2048x1171.jpg 2048w\" sizes=\"auto, (max-width: 2560px) 100vw, 2560px\" \/><\/p>\n","protected":false},"excerpt":{"rendered":"<p>Benvolgudes fam\u00edlies, A 4t de prim\u00e0ria s\u2019ha iniciat un projecte eTwinning juntament amb alumnat de Romania, Turquia, Azerbaitjan, Maced\u00f2nia, Jord\u00e0nia, Cro\u00e0cia, Fran\u00e7a, B\u00f2snia i Hercegovina, Portugal i Gr\u00e8cia, que t\u00e9 per objectiu el treball cooperatiu, la cohesi\u00f3 i el respecte des de l&#8217;\u00e0mbit literari. \u201cInternational book of friendship\u201d vol fomentar\u00a0el treball de la llengua anglesa [&hellip;]<\/p>\n","protected":false},"author":4,"featured_media":5153,"comment_status":"open","ping_status":"closed","sticky":false,"template":"","format":"standard","meta":{"_bbp_topic_count":0,"_bbp_reply_count":0,"_bbp_total_topic_count":0,"_bbp_total_reply_count":0,"_bbp_voice_count":0,"_bbp_anonymous_reply_count":0,"_bbp_topic_count_hidden":0,"_bbp_reply_count_hidden":0,"_bbp_forum_subforum_count":0,"site-sidebar-layout":"default","site-content-layout":"","ast-site-content-layout":"","site-content-style":"default","site-sidebar-style":"default","ast-global-header-display":"","ast-banner-title-visibility":"","ast-main-header-display":"","ast-hfb-above-header-display":"","ast-hfb-below-header-display":"","ast-hfb-mobile-header-display":"","site-post-title":"","ast-breadcrumbs-content":"","ast-featured-img":"","footer-sml-layout":"","theme-transparent-header-meta":"","adv-header-id-meta":"","stick-header-meta":"","header-above-stick-meta":"","header-main-stick-meta":"","header-below-stick-meta":"","astra-migrate-meta-layouts":"default","ast-page-background-enabled":"default","ast-page-background-meta":{"desktop":{"background-color":"var(--ast-global-color-4)","background-image":"","background-repeat":"repeat","background-position":"center center","background-size":"auto","background-attachment":"scroll","background-type":"","background-media":"","overlay-type":"","overlay-color":"","overlay-opacity":"","overlay-gradient":""},"tablet":{"background-color":"","background-image":"","background-repeat":"repeat","background-position":"center center","background-size":"auto","background-attachment":"scroll","background-type":"","background-media":"","overlay-type":"","overlay-color":"","overlay-opacity":"","overlay-gradient":""},"mobile":{"background-color":"","background-image":"","background-repeat":"repeat","background-position":"center center","background-size":"auto","background-attachment":"scroll","background-type":"","background-media":"","overlay-type":"","overlay-color":"","overlay-opacity":"","overlay-gradient":""}},"ast-content-background-meta":{"desktop":{"background-color":"var(--ast-global-color-5)","background-image":"","background-repeat":"repeat","background-position":"center center","background-size":"auto","background-attachment":"scroll","background-type":"","background-media":"","overlay-type":"","overlay-color":"","overlay-opacity":"","overlay-gradient":""},"tablet":{"background-color":"var(--ast-global-color-5)","background-image":"","background-repeat":"repeat","background-position":"center center","background-size":"auto","background-attachment":"scroll","background-type":"","background-media":"","overlay-type":"","overlay-color":"","overlay-opacity":"","overlay-gradient":""},"mobile":{"background-color":"var(--ast-global-color-5)","background-image":"","background-repeat":"repeat","background-position":"center center","background-size":"auto","background-attachment":"scroll","background-type":"","background-media":"","overlay-type":"","overlay-color":"","overlay-opacity":"","overlay-gradient":""}},"footnotes":""},"categories":[13,1,4,5,828,826],"tags":[158,94,1598,1879,1093,1281,1519,1886,79,407,938,1448,1518,1887,197,217,1284,390,165,372,1285,1520,78,608,60,1282,1283,53,811,1012,813],"class_list":["post-5152","post","type-post","status-publish","format-standard","has-post-thumbnail","hentry","category-4t","category-general","category-portada","category-primaria","category-projectes-etwinning","category-steam","tag-4t","tag-activitats","tag-adnprim","tag-curs2024_25","tag-erasmus","tag-erasmusplus","tag-erasmusplusprojects","tag-etwinning","tag-innovacio","tag-innovacioeducativa","tag-intercanvi","tag-intercanvicultural","tag-internacionalizacion","tag-internationalbookoffriendship","tag-novesmetodologies","tag-participacio","tag-projecteerasmusplus","tag-projectes","tag-repte","tag-reptes","tag-sepie","tag-sepie_gob","tag-steam","tag-totsfemescola","tag-treball-collaboratiu","tag-ue","tag-unioeuropea","tag-valors","tag-viulapublica","tag-xarxadescolespubliquesdereus","tag-xepr"],"post_mailing_queue_ids":[],"_links":{"self":[{"href":"https:\/\/agora.xtec.cat\/ceip-general-prim-reus\/wp-json\/wp\/v2\/posts\/5152","targetHints":{"allow":["GET"]}}],"collection":[{"href":"https:\/\/agora.xtec.cat\/ceip-general-prim-reus\/wp-json\/wp\/v2\/posts"}],"about":[{"href":"https:\/\/agora.xtec.cat\/ceip-general-prim-reus\/wp-json\/wp\/v2\/types\/post"}],"author":[{"embeddable":true,"href":"https:\/\/agora.xtec.cat\/ceip-general-prim-reus\/wp-json\/wp\/v2\/users\/4"}],"replies":[{"embeddable":true,"href":"https:\/\/agora.xtec.cat\/ceip-general-prim-reus\/wp-json\/wp\/v2\/comments?post=5152"}],"version-history":[{"count":3,"href":"https:\/\/agora.xtec.cat\/ceip-general-prim-reus\/wp-json\/wp\/v2\/posts\/5152\/revisions"}],"predecessor-version":[{"id":5227,"href":"https:\/\/agora.xtec.cat\/ceip-general-prim-reus\/wp-json\/wp\/v2\/posts\/5152\/revisions\/5227"}],"wp:featuredmedia":[{"embeddable":true,"href":"https:\/\/agora.xtec.cat\/ceip-general-prim-reus\/wp-json\/wp\/v2\/media\/5153"}],"wp:attachment":[{"href":"https:\/\/agora.xtec.cat\/ceip-general-prim-reus\/wp-json\/wp\/v2\/media?parent=5152"}],"wp:term":[{"taxonomy":"category","embeddable":true,"href":"https:\/\/agora.xtec.cat\/ceip-general-prim-reus\/wp-json\/wp\/v2\/categories?post=5152"},{"taxonomy":"post_tag","embeddable":true,"href":"https:\/\/agora.xtec.cat\/ceip-general-prim-reus\/wp-json\/wp\/v2\/tags?post=5152"}],"curies":[{"name":"wp","href":"https:\/\/api.w.org\/{rel}","templated":true}]}}