{"id":5092,"date":"2024-06-29T13:31:18","date_gmt":"2024-06-29T11:31:18","guid":{"rendered":"https:\/\/agora.xtec.cat\/ceip-general-prim-reus\/?p=5092"},"modified":"2024-06-29T13:32:29","modified_gmt":"2024-06-29T11:32:29","slug":"i3-els-aniversaris-a-lescola","status":"publish","type":"post","link":"https:\/\/agora.xtec.cat\/ceip-general-prim-reus\/general\/i3-els-aniversaris-a-lescola\/","title":{"rendered":"I3: ELS ANIVERSARIS A L&#8217;ESCOLA"},"content":{"rendered":"<p align=\"justify\"><span style=\"font-family: Arial, sans-serif;\">Benvolgudes fam\u00edlies,<\/span><\/p>\n<p align=\"justify\"><span style=\"font-family: Arial, sans-serif;\">A l&#8217;escola tamb\u00e9 celebrem els aniversaris de tots els nens i nenes, aquests ajuden a prendre consci\u00e8ncia del pas del temps, a veure el que hem crescut, hem canviat i a donar valor a all\u00f2 que hem aconseguit des que som petits\/es.<\/span><\/p>\n<p align=\"justify\"><span style=\"font-family: Arial, sans-serif;\">Els nens i nenes viuen amb il\u00b7lusi\u00f3 el dia del seu aniversari, un moment especial per celebrar amb els seus companys\/es.<\/span><\/p>\n<p align=\"justify\"><span style=\"font-family: Arial, sans-serif;\">Tot seguit hem fet un petit recull d&#8217;aquests moments tan especials.<\/span><\/p>\n<p align=\"justify\"><span style=\"font-family: Arial, sans-serif;\"><b>ANIVERSARIS I3 A:<\/b><\/span><\/p>\n<p><a href=\"https:\/\/drive.google.com\/drive\/folders\/1MVfL0J3byGshOZEU9lJWIOPgA_bG5EO3?usp=sharing\" target=\"_blank\" rel=\"noopener\">I3 A: ANIVERSARIS CURS 2023 &#8211; 24<\/a><\/p>\n<p align=\"justify\"><span style=\"font-family: Arial, sans-serif;\"><b>ANIVERSARIS I3 B:<\/b><\/span><\/p>\n<p align=\"justify\"><a href=\"https:\/\/drive.google.com\/drive\/folders\/1V9djYUxKTN2BXiKwqcXHyACbqDWnzchk\" target=\"_blank\" rel=\"noopener\">I3 B: ANIVERSARIS CURS 2023 &#8211; 24<\/a><\/p>\n<p align=\"justify\"><span style=\"font-family: Arial, sans-serif;\">Les tutores d&#8217;I3.<\/span><\/p>\n","protected":false},"excerpt":{"rendered":"<p>Benvolgudes fam\u00edlies, A l&#8217;escola tamb\u00e9 celebrem els aniversaris de tots els nens i nenes, aquests ajuden a prendre consci\u00e8ncia del pas del temps, a veure el que hem crescut, hem canviat i a donar valor a all\u00f2 que hem aconseguit des que som petits\/es. Els nens i nenes viuen amb il\u00b7lusi\u00f3 el dia del seu [&hellip;]<\/p>\n","protected":false},"author":4,"featured_media":5095,"comment_status":"open","ping_status":"closed","sticky":false,"template":"","format":"standard","meta":{"_bbp_topic_count":0,"_bbp_reply_count":0,"_bbp_total_topic_count":0,"_bbp_total_reply_count":0,"_bbp_voice_count":0,"_bbp_anonymous_reply_count":0,"_bbp_topic_count_hidden":0,"_bbp_reply_count_hidden":0,"_bbp_forum_subforum_count":0,"site-sidebar-layout":"default","site-content-layout":"","ast-site-content-layout":"","site-content-style":"default","site-sidebar-style":"default","ast-global-header-display":"","ast-banner-title-visibility":"","ast-main-header-display":"","ast-hfb-above-header-display":"","ast-hfb-below-header-display":"","ast-hfb-mobile-header-display":"","site-post-title":"","ast-breadcrumbs-content":"","ast-featured-img":"","footer-sml-layout":"","theme-transparent-header-meta":"","adv-header-id-meta":"","stick-header-meta":"","header-above-stick-meta":"","header-main-stick-meta":"","header-below-stick-meta":"","astra-migrate-meta-layouts":"default","ast-page-background-enabled":"default","ast-page-background-meta":{"desktop":{"background-color":"var(--ast-global-color-4)","background-image":"","background-repeat":"repeat","background-position":"center center","background-size":"auto","background-attachment":"scroll","background-type":"","background-media":"","overlay-type":"","overlay-color":"","overlay-opacity":"","overlay-gradient":""},"tablet":{"background-color":"","background-image":"","background-repeat":"repeat","background-position":"center center","background-size":"auto","background-attachment":"scroll","background-type":"","background-media":"","overlay-type":"","overlay-color":"","overlay-opacity":"","overlay-gradient":""},"mobile":{"background-color":"","background-image":"","background-repeat":"repeat","background-position":"center center","background-size":"auto","background-attachment":"scroll","background-type":"","background-media":"","overlay-type":"","overlay-color":"","overlay-opacity":"","overlay-gradient":""}},"ast-content-background-meta":{"desktop":{"background-color":"var(--ast-global-color-5)","background-image":"","background-repeat":"repeat","background-position":"center center","background-size":"auto","background-attachment":"scroll","background-type":"","background-media":"","overlay-type":"","overlay-color":"","overlay-opacity":"","overlay-gradient":""},"tablet":{"background-color":"var(--ast-global-color-5)","background-image":"","background-repeat":"repeat","background-position":"center center","background-size":"auto","background-attachment":"scroll","background-type":"","background-media":"","overlay-type":"","overlay-color":"","overlay-opacity":"","overlay-gradient":""},"mobile":{"background-color":"var(--ast-global-color-5)","background-image":"","background-repeat":"repeat","background-position":"center center","background-size":"auto","background-attachment":"scroll","background-type":"","background-media":"","overlay-type":"","overlay-color":"","overlay-opacity":"","overlay-gradient":""}},"footnotes":""},"categories":[1,3,2,4,5,824],"tags":[94,1598,752,1276,1033,1725,838,176,51,89,1494,79,407,217,390,608,1256,1248,53,1275,811,1012,813],"class_list":["post-5092","post","type-post","status-publish","format-standard","has-post-thumbnail","hentry","category-general","category-i3","category-infantil","category-portada","category-primaria","category-xarxa-escoles-publiques","tag-activitats","tag-adnprim","tag-aniversaris","tag-celebracions","tag-comunitatdelspetits","tag-curs2023_24","tag-educacio-infantil","tag-ei","tag-escola","tag-habits","tag-i3","tag-innovacio","tag-innovacioeducativa","tag-participacio","tag-projectes","tag-totsfemescola","tag-transformaciodecentre","tag-transformacioeducativa","tag-valors","tag-vida","tag-viulapublica","tag-xarxadescolespubliquesdereus","tag-xepr"],"post_mailing_queue_ids":[],"_links":{"self":[{"href":"https:\/\/agora.xtec.cat\/ceip-general-prim-reus\/wp-json\/wp\/v2\/posts\/5092","targetHints":{"allow":["GET"]}}],"collection":[{"href":"https:\/\/agora.xtec.cat\/ceip-general-prim-reus\/wp-json\/wp\/v2\/posts"}],"about":[{"href":"https:\/\/agora.xtec.cat\/ceip-general-prim-reus\/wp-json\/wp\/v2\/types\/post"}],"author":[{"embeddable":true,"href":"https:\/\/agora.xtec.cat\/ceip-general-prim-reus\/wp-json\/wp\/v2\/users\/4"}],"replies":[{"embeddable":true,"href":"https:\/\/agora.xtec.cat\/ceip-general-prim-reus\/wp-json\/wp\/v2\/comments?post=5092"}],"version-history":[{"count":1,"href":"https:\/\/agora.xtec.cat\/ceip-general-prim-reus\/wp-json\/wp\/v2\/posts\/5092\/revisions"}],"predecessor-version":[{"id":5094,"href":"https:\/\/agora.xtec.cat\/ceip-general-prim-reus\/wp-json\/wp\/v2\/posts\/5092\/revisions\/5094"}],"wp:featuredmedia":[{"embeddable":true,"href":"https:\/\/agora.xtec.cat\/ceip-general-prim-reus\/wp-json\/wp\/v2\/media\/5095"}],"wp:attachment":[{"href":"https:\/\/agora.xtec.cat\/ceip-general-prim-reus\/wp-json\/wp\/v2\/media?parent=5092"}],"wp:term":[{"taxonomy":"category","embeddable":true,"href":"https:\/\/agora.xtec.cat\/ceip-general-prim-reus\/wp-json\/wp\/v2\/categories?post=5092"},{"taxonomy":"post_tag","embeddable":true,"href":"https:\/\/agora.xtec.cat\/ceip-general-prim-reus\/wp-json\/wp\/v2\/tags?post=5092"}],"curies":[{"name":"wp","href":"https:\/\/api.w.org\/{rel}","templated":true}]}}