{"id":5057,"date":"2024-06-20T08:31:33","date_gmt":"2024-06-20T06:31:33","guid":{"rendered":"https:\/\/agora.xtec.cat\/ceip-general-prim-reus\/?p=5057"},"modified":"2024-06-20T08:31:33","modified_gmt":"2024-06-20T06:31:33","slug":"4t-el-joan-turu-ens-fa-mes-agradable-lentrada","status":"publish","type":"post","link":"https:\/\/agora.xtec.cat\/ceip-general-prim-reus\/general\/4t-el-joan-turu-ens-fa-mes-agradable-lentrada\/","title":{"rendered":"4t: EL JOAN TURU ENS FA M\u00c9S AGRADABLE L&#8217;ENTRADA"},"content":{"rendered":"<p>Un any m\u00e9s, els alumnes de 4t van poder col\u00b7laborar amb l\u2019artista Joan Turu en un nou mural per a l\u2019escola. Aquesta vegada l&#8217;entrada a l&#8217;escola de la comunitat de mitjans ha estat l\u2019espai escollit. El t\u00edtol del mural \u00e9s <em>\u201cA partir d&#8217;aqu\u00ed, tot \u00e9s possible\u201d<\/em>, tota una gran declaraci\u00f3 d\u2019intencions!! Es tracta de convidar les nenes i nens de la comunitat de mitjans que cada dia accedeixen per aquella porta, a veure l&#8217;escola com un lloc viu, din\u00e0mic, alegre, on tothom s&#8217;hi pot sentir b\u00e9 i qualsevol cosa \u00e9s possible. Ha estat un feina que els ha perm\u00e8s desenvolupar les seves parts m\u00e9s art\u00edstiques, creatives i emocionals. Ha quedat genial!<\/p>\n<p>Cliqueu a sobreu de la imatge i podreu veure tot l&#8217;\u00e0lbum de fotos:<\/p>\n<p><a href=\"https:\/\/drive.google.com\/drive\/folders\/1ZfNdFwtvKBKAWKXckiCLHdv_rhJi656m?usp=sharing\" target=\"_blank\" rel=\"noopener\"><img loading=\"lazy\" decoding=\"async\" class=\"aligncenter wp-image-5058 size-full\" src=\"https:\/\/agora.xtec.cat\/ceip-general-prim-reus\/wp-content\/uploads\/usu163\/2024\/06\/jntr.jpg\" alt=\"\" width=\"953\" height=\"713\" srcset=\"https:\/\/agora.xtec.cat\/ceip-general-prim-reus\/wp-content\/uploads\/usu163\/2024\/06\/jntr.jpg 953w, https:\/\/agora.xtec.cat\/ceip-general-prim-reus\/wp-content\/uploads\/usu163\/2024\/06\/jntr-300x224.jpg 300w, https:\/\/agora.xtec.cat\/ceip-general-prim-reus\/wp-content\/uploads\/usu163\/2024\/06\/jntr-768x575.jpg 768w, https:\/\/agora.xtec.cat\/ceip-general-prim-reus\/wp-content\/uploads\/usu163\/2024\/06\/jntr-200x150.jpg 200w\" sizes=\"auto, (max-width: 953px) 100vw, 953px\" \/><\/a><\/p>\n","protected":false},"excerpt":{"rendered":"<p>Un any m\u00e9s, els alumnes de 4t van poder col\u00b7laborar amb l\u2019artista Joan Turu en un nou mural per a l\u2019escola. Aquesta vegada l&#8217;entrada a l&#8217;escola de la comunitat de mitjans ha estat l\u2019espai escollit. El t\u00edtol del mural \u00e9s \u201cA partir d&#8217;aqu\u00ed, tot \u00e9s possible\u201d, tota una gran declaraci\u00f3 d\u2019intencions!! Es tracta de convidar [&hellip;]<\/p>\n","protected":false},"author":4,"featured_media":5058,"comment_status":"open","ping_status":"closed","sticky":false,"template":"","format":"standard","meta":{"_bbp_topic_count":0,"_bbp_reply_count":0,"_bbp_total_topic_count":0,"_bbp_total_reply_count":0,"_bbp_voice_count":0,"_bbp_anonymous_reply_count":0,"_bbp_topic_count_hidden":0,"_bbp_reply_count_hidden":0,"_bbp_forum_subforum_count":0,"site-sidebar-layout":"default","site-content-layout":"","ast-site-content-layout":"","site-content-style":"default","site-sidebar-style":"default","ast-global-header-display":"","ast-banner-title-visibility":"","ast-main-header-display":"","ast-hfb-above-header-display":"","ast-hfb-below-header-display":"","ast-hfb-mobile-header-display":"","site-post-title":"","ast-breadcrumbs-content":"","ast-featured-img":"","footer-sml-layout":"","theme-transparent-header-meta":"","adv-header-id-meta":"","stick-header-meta":"","header-above-stick-meta":"","header-main-stick-meta":"","header-below-stick-meta":"","astra-migrate-meta-layouts":"default","ast-page-background-enabled":"default","ast-page-background-meta":{"desktop":{"background-color":"var(--ast-global-color-4)","background-image":"","background-repeat":"repeat","background-position":"center center","background-size":"auto","background-attachment":"scroll","background-type":"","background-media":"","overlay-type":"","overlay-color":"","overlay-opacity":"","overlay-gradient":""},"tablet":{"background-color":"","background-image":"","background-repeat":"repeat","background-position":"center center","background-size":"auto","background-attachment":"scroll","background-type":"","background-media":"","overlay-type":"","overlay-color":"","overlay-opacity":"","overlay-gradient":""},"mobile":{"background-color":"","background-image":"","background-repeat":"repeat","background-position":"center center","background-size":"auto","background-attachment":"scroll","background-type":"","background-media":"","overlay-type":"","overlay-color":"","overlay-opacity":"","overlay-gradient":""}},"ast-content-background-meta":{"desktop":{"background-color":"var(--ast-global-color-5)","background-image":"","background-repeat":"repeat","background-position":"center center","background-size":"auto","background-attachment":"scroll","background-type":"","background-media":"","overlay-type":"","overlay-color":"","overlay-opacity":"","overlay-gradient":""},"tablet":{"background-color":"var(--ast-global-color-5)","background-image":"","background-repeat":"repeat","background-position":"center center","background-size":"auto","background-attachment":"scroll","background-type":"","background-media":"","overlay-type":"","overlay-color":"","overlay-opacity":"","overlay-gradient":""},"mobile":{"background-color":"var(--ast-global-color-5)","background-image":"","background-repeat":"repeat","background-position":"center center","background-size":"auto","background-attachment":"scroll","background-type":"","background-media":"","overlay-type":"","overlay-color":"","overlay-opacity":"","overlay-gradient":""}},"footnotes":""},"categories":[13,1,4,5,824],"tags":[94,1598,130,903,178,1492,1019,65,1725,450,569,51,89,289,79,407,445,217,390,91,608,1256,1248,60,446,53,811,1012,813],"class_list":["post-5057","post","type-post","status-publish","format-standard","has-post-thumbnail","hentry","category-4t","category-general","category-portada","category-primaria","category-xarxa-escoles-publiques","tag-activitats","tag-adnprim","tag-art","tag-artista","tag-biblioteca","tag-canvidemirada","tag-comunitatdelsgrans","tag-cooperacio","tag-curs2023_24","tag-dibuixant","tag-educacioartistica","tag-escola","tag-habits","tag-illustradors","tag-innovacio","tag-innovacioeducativa","tag-joanturu","tag-participacio","tag-projectes","tag-reus","tag-totsfemescola","tag-transformaciodecentre","tag-transformacioeducativa","tag-treball-collaboratiu","tag-turu","tag-valors","tag-viulapublica","tag-xarxadescolespubliquesdereus","tag-xepr"],"post_mailing_queue_ids":[],"_links":{"self":[{"href":"https:\/\/agora.xtec.cat\/ceip-general-prim-reus\/wp-json\/wp\/v2\/posts\/5057","targetHints":{"allow":["GET"]}}],"collection":[{"href":"https:\/\/agora.xtec.cat\/ceip-general-prim-reus\/wp-json\/wp\/v2\/posts"}],"about":[{"href":"https:\/\/agora.xtec.cat\/ceip-general-prim-reus\/wp-json\/wp\/v2\/types\/post"}],"author":[{"embeddable":true,"href":"https:\/\/agora.xtec.cat\/ceip-general-prim-reus\/wp-json\/wp\/v2\/users\/4"}],"replies":[{"embeddable":true,"href":"https:\/\/agora.xtec.cat\/ceip-general-prim-reus\/wp-json\/wp\/v2\/comments?post=5057"}],"version-history":[{"count":1,"href":"https:\/\/agora.xtec.cat\/ceip-general-prim-reus\/wp-json\/wp\/v2\/posts\/5057\/revisions"}],"predecessor-version":[{"id":5060,"href":"https:\/\/agora.xtec.cat\/ceip-general-prim-reus\/wp-json\/wp\/v2\/posts\/5057\/revisions\/5060"}],"wp:featuredmedia":[{"embeddable":true,"href":"https:\/\/agora.xtec.cat\/ceip-general-prim-reus\/wp-json\/wp\/v2\/media\/5058"}],"wp:attachment":[{"href":"https:\/\/agora.xtec.cat\/ceip-general-prim-reus\/wp-json\/wp\/v2\/media?parent=5057"}],"wp:term":[{"taxonomy":"category","embeddable":true,"href":"https:\/\/agora.xtec.cat\/ceip-general-prim-reus\/wp-json\/wp\/v2\/categories?post=5057"},{"taxonomy":"post_tag","embeddable":true,"href":"https:\/\/agora.xtec.cat\/ceip-general-prim-reus\/wp-json\/wp\/v2\/tags?post=5057"}],"curies":[{"name":"wp","href":"https:\/\/api.w.org\/{rel}","templated":true}]}}