{"id":5043,"date":"2024-06-15T20:28:43","date_gmt":"2024-06-15T18:28:43","guid":{"rendered":"https:\/\/agora.xtec.cat\/ceip-general-prim-reus\/?p=5043"},"modified":"2024-06-15T20:29:06","modified_gmt":"2024-06-15T18:29:06","slug":"4t-i-5e-gimcana-per-europa-sense-sortir-de-lescola","status":"publish","type":"post","link":"https:\/\/agora.xtec.cat\/ceip-general-prim-reus\/general\/4t-i-5e-gimcana-per-europa-sense-sortir-de-lescola\/","title":{"rendered":"4t i 5\u00e8: GIMCANA PER EUROPA SENSE SORTIR DE L\u2019ESCOLA!"},"content":{"rendered":"<p>Com ja sabeu, som una escola Erasmus+ i tamb\u00e9 som una escola amb gust per la la lectura i pels contes. \u00c9s per aix\u00f2 que les nenes i els nens de l\u2019escola han participat en una \u201cgimcana liter\u00e0ria\u201d preparada per\u00a0<em><strong>Cuentrop\u00eda<\/strong><\/em>, en la qual, a partir de contes ambientats en diferents indrets europeus els alumnes han pogut descobrir curiositats sobre els pa\u00efsos de la Uni\u00f3 Europea i gaudir de grans hist\u00f2ries que han fet volar la seva imaginaci\u00f3. L\u2019alumnat s\u2019ho ha passat d\u2019all\u00f2 m\u00e9s b\u00e9!<\/p>\n<p>Cliqueu els seg\u00fcents enlla\u00e7os per veure les fotos dels grups de 5\u00e8 i 6\u00e8:<\/p>\n<div>\n<div dir=\"ltr\">4t:<\/div>\n<div dir=\"ltr\"><\/div>\n<div dir=\"ltr\"><a style=\"color: #2795b6;\" href=\"https:\/\/drive.google.com\/drive\/folders\/1I2p7yFGnwNYntT2SAsGi8uVfEEyFfruO?usp=sharing\" target=\"_blank\" rel=\"noopener\" data-saferedirecturl=\"https:\/\/www.google.com\/url?q=https:\/\/drive.google.com\/drive\/folders\/1I2p7yFGnwNYntT2SAsGi8uVfEEyFfruO?usp%3Dsharing&amp;source=gmail&amp;ust=1718396822272000&amp;usg=AOvVaw02DDuCqJlW2erD0JXyt1YW\">https:\/\/drive.google.com\/<wbr \/>drive\/folders\/<wbr \/>1I2p7yFGnwNYntT2SAsGi8uVfEEyFf<wbr \/>ruO?usp=sharing<\/a><\/div>\n<\/div>\n<div><\/div>\n<div><\/div>\n<div>5\u00e8:<\/div>\n<div dir=\"ltr\"><\/div>\n<div dir=\"ltr\"><a href=\"https:\/\/drive.google.com\/drive\/folders\/1mxfrkYlpdTBezZ9g940VRmeIQKC6KEZ5?usp=sharing\" target=\"_blank\" rel=\"noopener\" data-saferedirecturl=\"https:\/\/www.google.com\/url?q=https:\/\/drive.google.com\/drive\/folders\/1mxfrkYlpdTBezZ9g940VRmeIQKC6KEZ5?usp%3Dsharing&amp;source=gmail&amp;ust=1718396822272000&amp;usg=AOvVaw1u3EQdMNGgOdzvEd346cCT\">https:\/\/drive.google.com\/<wbr \/>drive\/folders\/<wbr \/>1mxfrkYlpdTBezZ9g940VRmeIQKC6K<wbr \/>EZ5?usp=sharing<\/a><\/div>\n<div dir=\"ltr\"><\/div>\n","protected":false},"excerpt":{"rendered":"<p>Com ja sabeu, som una escola Erasmus+ i tamb\u00e9 som una escola amb gust per la la lectura i pels contes. \u00c9s per aix\u00f2 que les nenes i els nens de l\u2019escola han participat en una \u201cgimcana liter\u00e0ria\u201d preparada per\u00a0Cuentrop\u00eda, en la qual, a partir de contes ambientats en diferents indrets europeus els alumnes han [&hellip;]<\/p>\n","protected":false},"author":4,"featured_media":5044,"comment_status":"open","ping_status":"closed","sticky":false,"template":"","format":"standard","meta":{"_bbp_topic_count":0,"_bbp_reply_count":0,"_bbp_total_topic_count":0,"_bbp_total_reply_count":0,"_bbp_voice_count":0,"_bbp_anonymous_reply_count":0,"_bbp_topic_count_hidden":0,"_bbp_reply_count_hidden":0,"_bbp_forum_subforum_count":0,"site-sidebar-layout":"default","site-content-layout":"","ast-site-content-layout":"","site-content-style":"default","site-sidebar-style":"default","ast-global-header-display":"","ast-banner-title-visibility":"","ast-main-header-display":"","ast-hfb-above-header-display":"","ast-hfb-below-header-display":"","ast-hfb-mobile-header-display":"","site-post-title":"","ast-breadcrumbs-content":"","ast-featured-img":"","footer-sml-layout":"","theme-transparent-header-meta":"","adv-header-id-meta":"","stick-header-meta":"","header-above-stick-meta":"","header-main-stick-meta":"","header-below-stick-meta":"","astra-migrate-meta-layouts":"default","ast-page-background-enabled":"default","ast-page-background-meta":{"desktop":{"background-color":"var(--ast-global-color-4)","background-image":"","background-repeat":"repeat","background-position":"center center","background-size":"auto","background-attachment":"scroll","background-type":"","background-media":"","overlay-type":"","overlay-color":"","overlay-opacity":"","overlay-gradient":""},"tablet":{"background-color":"","background-image":"","background-repeat":"repeat","background-position":"center center","background-size":"auto","background-attachment":"scroll","background-type":"","background-media":"","overlay-type":"","overlay-color":"","overlay-opacity":"","overlay-gradient":""},"mobile":{"background-color":"","background-image":"","background-repeat":"repeat","background-position":"center center","background-size":"auto","background-attachment":"scroll","background-type":"","background-media":"","overlay-type":"","overlay-color":"","overlay-opacity":"","overlay-gradient":""}},"ast-content-background-meta":{"desktop":{"background-color":"var(--ast-global-color-5)","background-image":"","background-repeat":"repeat","background-position":"center center","background-size":"auto","background-attachment":"scroll","background-type":"","background-media":"","overlay-type":"","overlay-color":"","overlay-opacity":"","overlay-gradient":""},"tablet":{"background-color":"var(--ast-global-color-5)","background-image":"","background-repeat":"repeat","background-position":"center center","background-size":"auto","background-attachment":"scroll","background-type":"","background-media":"","overlay-type":"","overlay-color":"","overlay-opacity":"","overlay-gradient":""},"mobile":{"background-color":"var(--ast-global-color-5)","background-image":"","background-repeat":"repeat","background-position":"center center","background-size":"auto","background-attachment":"scroll","background-type":"","background-media":"","overlay-type":"","overlay-color":"","overlay-opacity":"","overlay-gradient":""}},"footnotes":""},"categories":[13,14,1,4,5,827,824],"tags":[94,1598,1019,328,281,1136,1725,1257,190,1093,1281,1519,89,79,407,938,1448,1518,197,217,1284,390,165,372,1285,1520,78,608,1256,1248,60,53,811],"class_list":["post-5043","post","type-post","status-publish","format-standard","has-post-thumbnail","hentry","category-4t","category-5e","category-general","category-portada","category-primaria","category-projecte-internacionalitzacio","category-xarxa-escoles-publiques","tag-activitats","tag-adnprim","tag-comunitatdelsgrans","tag-contacontes","tag-contes","tag-cuentropia","tag-curs2023_24","tag-einespelcanvi","tag-emocions","tag-erasmus","tag-erasmusplus","tag-erasmusplusprojects","tag-habits","tag-innovacio","tag-innovacioeducativa","tag-intercanvi","tag-intercanvicultural","tag-internacionalizacion","tag-novesmetodologies","tag-participacio","tag-projecteerasmusplus","tag-projectes","tag-repte","tag-reptes","tag-sepie","tag-sepie_gob","tag-steam","tag-totsfemescola","tag-transformaciodecentre","tag-transformacioeducativa","tag-treball-collaboratiu","tag-valors","tag-viulapublica"],"post_mailing_queue_ids":[],"_links":{"self":[{"href":"https:\/\/agora.xtec.cat\/ceip-general-prim-reus\/wp-json\/wp\/v2\/posts\/5043","targetHints":{"allow":["GET"]}}],"collection":[{"href":"https:\/\/agora.xtec.cat\/ceip-general-prim-reus\/wp-json\/wp\/v2\/posts"}],"about":[{"href":"https:\/\/agora.xtec.cat\/ceip-general-prim-reus\/wp-json\/wp\/v2\/types\/post"}],"author":[{"embeddable":true,"href":"https:\/\/agora.xtec.cat\/ceip-general-prim-reus\/wp-json\/wp\/v2\/users\/4"}],"replies":[{"embeddable":true,"href":"https:\/\/agora.xtec.cat\/ceip-general-prim-reus\/wp-json\/wp\/v2\/comments?post=5043"}],"version-history":[{"count":1,"href":"https:\/\/agora.xtec.cat\/ceip-general-prim-reus\/wp-json\/wp\/v2\/posts\/5043\/revisions"}],"predecessor-version":[{"id":5045,"href":"https:\/\/agora.xtec.cat\/ceip-general-prim-reus\/wp-json\/wp\/v2\/posts\/5043\/revisions\/5045"}],"wp:featuredmedia":[{"embeddable":true,"href":"https:\/\/agora.xtec.cat\/ceip-general-prim-reus\/wp-json\/wp\/v2\/media\/5044"}],"wp:attachment":[{"href":"https:\/\/agora.xtec.cat\/ceip-general-prim-reus\/wp-json\/wp\/v2\/media?parent=5043"}],"wp:term":[{"taxonomy":"category","embeddable":true,"href":"https:\/\/agora.xtec.cat\/ceip-general-prim-reus\/wp-json\/wp\/v2\/categories?post=5043"},{"taxonomy":"post_tag","embeddable":true,"href":"https:\/\/agora.xtec.cat\/ceip-general-prim-reus\/wp-json\/wp\/v2\/tags?post=5043"}],"curies":[{"name":"wp","href":"https:\/\/api.w.org\/{rel}","templated":true}]}}