{"id":5040,"date":"2024-06-12T14:25:44","date_gmt":"2024-06-12T12:25:44","guid":{"rendered":"https:\/\/agora.xtec.cat\/ceip-general-prim-reus\/?p=5040"},"modified":"2024-06-12T14:25:44","modified_gmt":"2024-06-12T12:25:44","slug":"2n-hola-sant-pere-2","status":"publish","type":"post","link":"https:\/\/agora.xtec.cat\/ceip-general-prim-reus\/general\/2n-hola-sant-pere-2\/","title":{"rendered":"2n: HOLA, SANT PERE!"},"content":{"rendered":"<p><span style=\"font-weight: 400;\">El 12 de juny, la classe de 2n, conjuntament amb les d\u2019altres escoles de Reus, ha participat en l\u2019activitat engrescadora i vistosa del \u201c<\/span><b>Hola Sant Pere!<\/b><span style=\"font-weight: 400;\">\u201d, que serveix com aven\u00e7 de la propera Festa Major.<\/span><\/p>\n<p><span style=\"font-weight: 400;\">Entre tots i totes, hem format la silueta del nostre gegant estimat Carrasclet! I, a part de fer moltes fotos, tamb\u00e9 han fet una gravaci\u00f3 a\u00e8ria amb un dron que sortir\u00e0 properament per Canal Reus.\u00a0<\/span><\/p>\n<p><span style=\"font-weight: 400;\">A m\u00e9s a m\u00e9s, l\u2019Ajuntament ens ha convidat a un tall de coca per endolcir m\u00e9s el dia. I, per acabar d\u2019arrodonir el mat\u00ed, hem anat a descarregar tota la nostra energia al parc de Sant Jordi: saltant als matalassos, pujant i baixant pels gronxadors&#8230;<\/span><\/p>\n<p><span style=\"font-weight: 400;\">Cliqueu a sobre de les imatges i podreu veure tots els v\u00eddeos i fotos de l\u2019emocionant dia:<\/span><\/p>\n<p><a href=\"https:\/\/drive.google.com\/drive\/folders\/1itg57zMmBDCuQXQJa09J_63-8BZCZ1Zj\" target=\"_blank\" rel=\"noopener\"><img loading=\"lazy\" decoding=\"async\" class=\"aligncenter wp-image-5041 size-full\" src=\"https:\/\/agora.xtec.cat\/ceip-general-prim-reus\/wp-content\/uploads\/usu163\/2024\/06\/hlstpr.jpg\" alt=\"\" width=\"964\" height=\"527\" srcset=\"https:\/\/agora.xtec.cat\/ceip-general-prim-reus\/wp-content\/uploads\/usu163\/2024\/06\/hlstpr.jpg 964w, https:\/\/agora.xtec.cat\/ceip-general-prim-reus\/wp-content\/uploads\/usu163\/2024\/06\/hlstpr-300x164.jpg 300w, https:\/\/agora.xtec.cat\/ceip-general-prim-reus\/wp-content\/uploads\/usu163\/2024\/06\/hlstpr-768x420.jpg 768w\" sizes=\"auto, (max-width: 964px) 100vw, 964px\" \/><\/a><\/p>\n<p>&nbsp;<\/p>\n<p>&nbsp;<\/p>\n","protected":false},"excerpt":{"rendered":"<p>El 12 de juny, la classe de 2n, conjuntament amb les d\u2019altres escoles de Reus, ha participat en l\u2019activitat engrescadora i vistosa del \u201cHola Sant Pere!\u201d, que serveix com aven\u00e7 de la propera Festa Major. Entre tots i totes, hem format la silueta del nostre gegant estimat Carrasclet! I, a part de fer moltes fotos, [&hellip;]<\/p>\n","protected":false},"author":4,"featured_media":5041,"comment_status":"open","ping_status":"closed","sticky":false,"template":"","format":"standard","meta":{"_bbp_topic_count":0,"_bbp_reply_count":0,"_bbp_total_topic_count":0,"_bbp_total_reply_count":0,"_bbp_voice_count":0,"_bbp_anonymous_reply_count":0,"_bbp_topic_count_hidden":0,"_bbp_reply_count_hidden":0,"_bbp_forum_subforum_count":0,"site-sidebar-layout":"default","site-content-layout":"","ast-site-content-layout":"","site-content-style":"default","site-sidebar-style":"default","ast-global-header-display":"","ast-banner-title-visibility":"","ast-main-header-display":"","ast-hfb-above-header-display":"","ast-hfb-below-header-display":"","ast-hfb-mobile-header-display":"","site-post-title":"","ast-breadcrumbs-content":"","ast-featured-img":"","footer-sml-layout":"","theme-transparent-header-meta":"","adv-header-id-meta":"","stick-header-meta":"","header-above-stick-meta":"","header-main-stick-meta":"","header-below-stick-meta":"","astra-migrate-meta-layouts":"default","ast-page-background-enabled":"default","ast-page-background-meta":{"desktop":{"background-color":"var(--ast-global-color-4)","background-image":"","background-repeat":"repeat","background-position":"center center","background-size":"auto","background-attachment":"scroll","background-type":"","background-media":"","overlay-type":"","overlay-color":"","overlay-opacity":"","overlay-gradient":""},"tablet":{"background-color":"","background-image":"","background-repeat":"repeat","background-position":"center center","background-size":"auto","background-attachment":"scroll","background-type":"","background-media":"","overlay-type":"","overlay-color":"","overlay-opacity":"","overlay-gradient":""},"mobile":{"background-color":"","background-image":"","background-repeat":"repeat","background-position":"center center","background-size":"auto","background-attachment":"scroll","background-type":"","background-media":"","overlay-type":"","overlay-color":"","overlay-opacity":"","overlay-gradient":""}},"ast-content-background-meta":{"desktop":{"background-color":"var(--ast-global-color-5)","background-image":"","background-repeat":"repeat","background-position":"center center","background-size":"auto","background-attachment":"scroll","background-type":"","background-media":"","overlay-type":"","overlay-color":"","overlay-opacity":"","overlay-gradient":""},"tablet":{"background-color":"var(--ast-global-color-5)","background-image":"","background-repeat":"repeat","background-position":"center center","background-size":"auto","background-attachment":"scroll","background-type":"","background-media":"","overlay-type":"","overlay-color":"","overlay-opacity":"","overlay-gradient":""},"mobile":{"background-color":"var(--ast-global-color-5)","background-image":"","background-repeat":"repeat","background-position":"center center","background-size":"auto","background-attachment":"scroll","background-type":"","background-media":"","overlay-type":"","overlay-color":"","overlay-opacity":"","overlay-gradient":""}},"footnotes":""},"categories":[11,1,4,5,824],"tags":[341,94,1598,495,1863,999,65,1725,569,583,51,75,493,580,52,89,490,79,407,77,217,390,91,491,82,16,608,1256,60,53],"class_list":["post-5040","post","type-post","status-publish","format-standard","has-post-thumbnail","hentry","category-2n","category-general","category-portada","category-primaria","category-xarxa-escoles-publiques","tag-2n","tag-activitats","tag-adnprim","tag-canalreustv","tag-carrasclet","tag-comunitatdelsmitjans","tag-cooperacio","tag-curs2023_24","tag-educacioartistica","tag-educaciomusical","tag-escola","tag-festa","tag-festamajor","tag-festamajordereus","tag-festes","tag-habits","tag-holasantpere","tag-innovacio","tag-innovacioeducativa","tag-musica","tag-participacio","tag-projectes","tag-reus","tag-santpere","tag-sortida","tag-sortides","tag-totsfemescola","tag-transformaciodecentre","tag-treball-collaboratiu","tag-valors"],"post_mailing_queue_ids":[],"_links":{"self":[{"href":"https:\/\/agora.xtec.cat\/ceip-general-prim-reus\/wp-json\/wp\/v2\/posts\/5040","targetHints":{"allow":["GET"]}}],"collection":[{"href":"https:\/\/agora.xtec.cat\/ceip-general-prim-reus\/wp-json\/wp\/v2\/posts"}],"about":[{"href":"https:\/\/agora.xtec.cat\/ceip-general-prim-reus\/wp-json\/wp\/v2\/types\/post"}],"author":[{"embeddable":true,"href":"https:\/\/agora.xtec.cat\/ceip-general-prim-reus\/wp-json\/wp\/v2\/users\/4"}],"replies":[{"embeddable":true,"href":"https:\/\/agora.xtec.cat\/ceip-general-prim-reus\/wp-json\/wp\/v2\/comments?post=5040"}],"version-history":[{"count":1,"href":"https:\/\/agora.xtec.cat\/ceip-general-prim-reus\/wp-json\/wp\/v2\/posts\/5040\/revisions"}],"predecessor-version":[{"id":5042,"href":"https:\/\/agora.xtec.cat\/ceip-general-prim-reus\/wp-json\/wp\/v2\/posts\/5040\/revisions\/5042"}],"wp:featuredmedia":[{"embeddable":true,"href":"https:\/\/agora.xtec.cat\/ceip-general-prim-reus\/wp-json\/wp\/v2\/media\/5041"}],"wp:attachment":[{"href":"https:\/\/agora.xtec.cat\/ceip-general-prim-reus\/wp-json\/wp\/v2\/media?parent=5040"}],"wp:term":[{"taxonomy":"category","embeddable":true,"href":"https:\/\/agora.xtec.cat\/ceip-general-prim-reus\/wp-json\/wp\/v2\/categories?post=5040"},{"taxonomy":"post_tag","embeddable":true,"href":"https:\/\/agora.xtec.cat\/ceip-general-prim-reus\/wp-json\/wp\/v2\/tags?post=5040"}],"curies":[{"name":"wp","href":"https:\/\/api.w.org\/{rel}","templated":true}]}}