{"id":5035,"date":"2024-06-10T11:22:54","date_gmt":"2024-06-10T09:22:54","guid":{"rendered":"https:\/\/agora.xtec.cat\/ceip-general-prim-reus\/?p=5035"},"modified":"2024-06-10T11:24:08","modified_gmt":"2024-06-10T09:24:08","slug":"1r-i-2n-taller-descobrim-el-mon-a-4-potes","status":"publish","type":"post","link":"https:\/\/agora.xtec.cat\/ceip-general-prim-reus\/general\/1r-i-2n-taller-descobrim-el-mon-a-4-potes\/","title":{"rendered":"1r i 2n: TALLER &#8220;DESCOBRIM EL M\u00d3N A 4 POTES&#8221;"},"content":{"rendered":"<p><span style=\"font-weight: 400;\">El dijous 6 de juny, els nens i les nenes de 1<\/span><span style=\"font-weight: 400;\">r<\/span><span style=\"font-weight: 400;\"> i 2<\/span><span style=\"font-weight: 400;\">n<\/span><span style=\"font-weight: 400;\"> vam rebre a l\u2019escola una visita molt especial: Va venir la Montse i la Poma, la seva gossa adoptada, per fer amb nosaltres el taller: \u00ab<\/span><b>Descobrim el m\u00f3n a 4 potes<\/b><span style=\"font-weight: 400;\">\u00bb, que tractava sobre l\u2019ofici que fan les veterin\u00e0ries i el tema dels gossos guia. Vam aprendre la feina tan important i necess\u00e0ria que fan amb diferents col\u00b7lectius, com la ter\u00e0pia amb persones grans que tenen problemes com l&#8217;Alzheimer, on van oblidant a poc a poc qui eren i les persones que l\u2019envolten. La Poma, tamb\u00e9 ens va fer participar a nosaltres fent un joc on, com \u00e9s molt receptiva, s\u2019anava aturant davant d\u2019un infant que havia d\u2019agafar de la butxaqueta que portava damunt el nom\u00a0 escrit d\u2019algun pa\u00eds que la Poma havia visitat. All\u00e0, els infants i les seves fam\u00edlies tenen necessitats fonamentals, com l\u2019habitatge (les cases) i la falta d\u2019aigua, l\u2019educaci\u00f3 (especialment la de les nenes), el cas de S\u00edria o l&#8217;\u00cdndia&#8230;<\/span><\/p>\n<p><span style=\"font-weight: 400;\">Va ser una visita molt especial i entranyable! I la Poma i la Montse ens van fer pensar en all\u00f2 que \u00e9s realment important a la vida de les persones! I que tots i totes podem col\u00b7laborar per fer un m\u00f3n millor!<\/span><\/p>\n<p><span style=\"font-weight: 400;\">Aqu\u00ed us deixem uns enlla\u00e7os amb diferents instant\u00e0nies dels moments viscuts al taller:<\/span><\/p>\n<div dir=\"ltr\">\n<div><\/div>\n<div><span style=\"color: #ff00ff;\"><strong>1r:<\/strong><\/span><\/div>\n<div><\/div>\n<\/div>\n<div><\/div>\n<div><span style=\"color: #ffffff;\">.<\/span><\/div>\n<div><\/div>\n<div dir=\"ltr\">\n<div><a href=\"https:\/\/drive.google.com\/drive\/folders\/1iDsoEuP2UN-FEw141hQq4OiUsDNso4el?usp=sharing\" target=\"_blank\" rel=\"noopener\" data-saferedirecturl=\"https:\/\/www.google.com\/url?q=https:\/\/drive.google.com\/drive\/folders\/1iDsoEuP2UN-FEw141hQq4OiUsDNso4el?usp%3Dsharing&amp;source=gmail&amp;ust=1718096797686000&amp;usg=AOvVaw3GuAlRUUWADMk4gG_0kBPQ\">https:\/\/drive.google.com\/<wbr \/>drive\/folders\/1iDsoEuP2UN-<wbr \/>FEw141hQq4OiUsDNso4el?usp=<wbr \/>sharing<\/a><\/div>\n<\/div>\n<div><\/div>\n<div><\/div>\n<div><\/div>\n<div><\/div>\n<div><span style=\"color: #ffffff;\">.<\/span><\/div>\n<div><\/div>\n<div><\/div>\n<div><\/div>\n<div>\n<div><strong><span style=\"color: #0000ff;\">2n:<\/span><\/strong><\/div>\n<\/div>\n<div dir=\"ltr\"><\/div>\n<div dir=\"ltr\"><\/div>\n<div dir=\"ltr\"><span style=\"color: #ffffff;\">.<\/span><\/div>\n<div>\n<div dir=\"ltr\"><\/div>\n<div dir=\"ltr\"><a href=\"https:\/\/drive.google.com\/drive\/folders\/1rdRNTuHoOiWi4Vh8OPK5B96Bxdg5xODK?usp=sharing\" target=\"_blank\" rel=\"noopener\" data-saferedirecturl=\"https:\/\/www.google.com\/url?q=https:\/\/drive.google.com\/drive\/folders\/1rdRNTuHoOiWi4Vh8OPK5B96Bxdg5xODK?usp%3Dsharing&amp;source=gmail&amp;ust=1718096797686000&amp;usg=AOvVaw0AdAWuBp3LhlwPw-m48kXP\">https:\/\/drive.google.com\/<wbr \/>drive\/folders\/<wbr \/>1rdRNTuHoOiWi4Vh8OPK5B96Bxdg5x<wbr \/>ODK?usp=sharing<\/a><\/div>\n<\/div>\n<div><\/div>\n<div><\/div>\n<div>\n<p>&nbsp;<\/p>\n<p>Si voleu saber m\u00e9s coses sobre la feina que fan la Poma i el Croqueta visiteu la web de l\u2019associaci\u00f3:<\/p>\n<p><a href=\"http:\/\/terapia4potes.blogspot.com\/\">http:\/\/terapia4potes.blogspot.com\/<\/a><\/p>\n<div class=\"addtoany_share_save_container addtoany_content addtoany_content_bottom\">\n<div class=\"a2a_kit a2a_kit_size_25 addtoany_list\" data-a2a-url=\"https:\/\/agora.xtec.cat\/ceip-general-prim-reus\/general\/els-gossos-poma-i-croqueta-ens-visiten\/\" data-a2a-title=\"ELS GOSSOS POMA I CROQUETA ENS VISITEN\"><\/div>\n<\/div>\n<\/div>\n","protected":false},"excerpt":{"rendered":"<p>El dijous 6 de juny, els nens i les nenes de 1r i 2n vam rebre a l\u2019escola una visita molt especial: Va venir la Montse i la Poma, la seva gossa adoptada, per fer amb nosaltres el taller: \u00abDescobrim el m\u00f3n a 4 potes\u00bb, que tractava sobre l\u2019ofici que fan les veterin\u00e0ries i el [&hellip;]<\/p>\n","protected":false},"author":4,"featured_media":5036,"comment_status":"open","ping_status":"closed","sticky":false,"template":"","format":"standard","meta":{"_bbp_topic_count":0,"_bbp_reply_count":0,"_bbp_total_topic_count":0,"_bbp_total_reply_count":0,"_bbp_voice_count":0,"_bbp_anonymous_reply_count":0,"_bbp_topic_count_hidden":0,"_bbp_reply_count_hidden":0,"_bbp_forum_subforum_count":0,"site-sidebar-layout":"default","site-content-layout":"","ast-site-content-layout":"","site-content-style":"default","site-sidebar-style":"default","ast-global-header-display":"","ast-banner-title-visibility":"","ast-main-header-display":"","ast-hfb-above-header-display":"","ast-hfb-below-header-display":"","ast-hfb-mobile-header-display":"","site-post-title":"","ast-breadcrumbs-content":"","ast-featured-img":"","footer-sml-layout":"","theme-transparent-header-meta":"","adv-header-id-meta":"","stick-header-meta":"","header-above-stick-meta":"","header-main-stick-meta":"","header-below-stick-meta":"","astra-migrate-meta-layouts":"default","ast-page-background-enabled":"default","ast-page-background-meta":{"desktop":{"background-color":"var(--ast-global-color-4)","background-image":"","background-repeat":"repeat","background-position":"center center","background-size":"auto","background-attachment":"scroll","background-type":"","background-media":"","overlay-type":"","overlay-color":"","overlay-opacity":"","overlay-gradient":""},"tablet":{"background-color":"","background-image":"","background-repeat":"repeat","background-position":"center center","background-size":"auto","background-attachment":"scroll","background-type":"","background-media":"","overlay-type":"","overlay-color":"","overlay-opacity":"","overlay-gradient":""},"mobile":{"background-color":"","background-image":"","background-repeat":"repeat","background-position":"center center","background-size":"auto","background-attachment":"scroll","background-type":"","background-media":"","overlay-type":"","overlay-color":"","overlay-opacity":"","overlay-gradient":""}},"ast-content-background-meta":{"desktop":{"background-color":"var(--ast-global-color-5)","background-image":"","background-repeat":"repeat","background-position":"center center","background-size":"auto","background-attachment":"scroll","background-type":"","background-media":"","overlay-type":"","overlay-color":"","overlay-opacity":"","overlay-gradient":""},"tablet":{"background-color":"var(--ast-global-color-5)","background-image":"","background-repeat":"repeat","background-position":"center center","background-size":"auto","background-attachment":"scroll","background-type":"","background-media":"","overlay-type":"","overlay-color":"","overlay-opacity":"","overlay-gradient":""},"mobile":{"background-color":"var(--ast-global-color-5)","background-image":"","background-repeat":"repeat","background-position":"center center","background-size":"auto","background-attachment":"scroll","background-type":"","background-media":"","overlay-type":"","overlay-color":"","overlay-opacity":"","overlay-gradient":""}},"footnotes":""},"categories":[10,11,1,4,5,824],"tags":[312,341,94,1598,679,501,1005,999,1725,1861,1001,79,407,1002,1004,1003,1862,717,1006,1000,608,1256],"class_list":["post-5035","post","type-post","status-publish","format-standard","has-post-thumbnail","hentry","category-1r","category-2n","category-general","category-portada","category-primaria","category-xarxa-escoles-publiques","tag-1r","tag-2n","tag-activitats","tag-adnprim","tag-ajuda","tag-animals","tag-ayuda","tag-comunitatdelsmitjans","tag-curs2023_24","tag-descobrimelmona4potes","tag-gossos","tag-innovacio","tag-innovacioeducativa","tag-mascotes","tag-perros","tag-pets","tag-poma","tag-tallers","tag-terapia4potes","tag-terapiaassistidaambgossos","tag-totsfemescola","tag-transformaciodecentre"],"post_mailing_queue_ids":[],"_links":{"self":[{"href":"https:\/\/agora.xtec.cat\/ceip-general-prim-reus\/wp-json\/wp\/v2\/posts\/5035","targetHints":{"allow":["GET"]}}],"collection":[{"href":"https:\/\/agora.xtec.cat\/ceip-general-prim-reus\/wp-json\/wp\/v2\/posts"}],"about":[{"href":"https:\/\/agora.xtec.cat\/ceip-general-prim-reus\/wp-json\/wp\/v2\/types\/post"}],"author":[{"embeddable":true,"href":"https:\/\/agora.xtec.cat\/ceip-general-prim-reus\/wp-json\/wp\/v2\/users\/4"}],"replies":[{"embeddable":true,"href":"https:\/\/agora.xtec.cat\/ceip-general-prim-reus\/wp-json\/wp\/v2\/comments?post=5035"}],"version-history":[{"count":3,"href":"https:\/\/agora.xtec.cat\/ceip-general-prim-reus\/wp-json\/wp\/v2\/posts\/5035\/revisions"}],"predecessor-version":[{"id":5039,"href":"https:\/\/agora.xtec.cat\/ceip-general-prim-reus\/wp-json\/wp\/v2\/posts\/5035\/revisions\/5039"}],"wp:featuredmedia":[{"embeddable":true,"href":"https:\/\/agora.xtec.cat\/ceip-general-prim-reus\/wp-json\/wp\/v2\/media\/5036"}],"wp:attachment":[{"href":"https:\/\/agora.xtec.cat\/ceip-general-prim-reus\/wp-json\/wp\/v2\/media?parent=5035"}],"wp:term":[{"taxonomy":"category","embeddable":true,"href":"https:\/\/agora.xtec.cat\/ceip-general-prim-reus\/wp-json\/wp\/v2\/categories?post=5035"},{"taxonomy":"post_tag","embeddable":true,"href":"https:\/\/agora.xtec.cat\/ceip-general-prim-reus\/wp-json\/wp\/v2\/tags?post=5035"}],"curies":[{"name":"wp","href":"https:\/\/api.w.org\/{rel}","templated":true}]}}