{"id":5027,"date":"2024-06-06T11:08:10","date_gmt":"2024-06-06T09:08:10","guid":{"rendered":"https:\/\/agora.xtec.cat\/ceip-general-prim-reus\/?p=5027"},"modified":"2024-06-06T11:10:57","modified_gmt":"2024-06-06T09:10:57","slug":"6e-anem-al-teatre-fortuny","status":"publish","type":"post","link":"https:\/\/agora.xtec.cat\/ceip-general-prim-reus\/general\/6e-anem-al-teatre-fortuny\/","title":{"rendered":"6\u00e8: ANEM AL TEATRE FORTUNY"},"content":{"rendered":"<p>Per quart any consecutiu, el Teatre Fortuny ha obert les seves portes als alumnes de 6\u00e8 de diferents escoles de la ciutat i els ha fet part\u00edcips d&#8217;un espectacle. Enguany, per primera vegada, la proposta que s&#8217;ha presentat sobre l&#8217;escenari,<em><strong> &#8216;L&#8217;invent de la Doctora Larsen&#8217;<\/strong> <\/em>ha estat una obra de nova creaci\u00f3, la qual tracta dos temes clau i d&#8217;actualitat: la intel\u00b7lig\u00e8ncia artificial i la consci\u00e8ncia ambiental.<\/p>\n<p>Nou m\u00fasics de Camerata XXI i dues actrius, ens situen en un futur dist\u00f2pic en qu\u00e8 l\u2019esp\u00e8cie humana es refugia en la hipertecnificaci\u00f3 per garantir-ne la superviv\u00e8ncia. Davant l\u2019aparici\u00f3 de complicades m\u00e0quines dirigides per robots, la jove cient\u00edfica Sandra Fortuny remou els fonaments de la comunitat d\u2019experts per explorar una alternativa inesperada.<\/p>\n<p>Per poder participar plenament de l\u2019espectacle, els alumnes de 6\u00e8 han preparat una <em>\u2018Can\u00e7\u00f3 de bressol\u2019.<\/em><\/p>\n<p>Aqu\u00ed teniu les fotos i els v\u00eddeos de l&#8217;espectacle:<\/p>\n<p><a href=\"https:\/\/drive.google.com\/drive\/folders\/1w4D2ljhhlvxU4ebvlywMNnRmKL2ScTaD?usp=sharing\" target=\"_blank\" rel=\"noopener\">6\u00e8: \u00c0LBUM TEATRE FORTUNY 2024<\/a><\/p>\n","protected":false},"excerpt":{"rendered":"<p>Per quart any consecutiu, el Teatre Fortuny ha obert les seves portes als alumnes de 6\u00e8 de diferents escoles de la ciutat i els ha fet part\u00edcips d&#8217;un espectacle. Enguany, per primera vegada, la proposta que s&#8217;ha presentat sobre l&#8217;escenari, &#8216;L&#8217;invent de la Doctora Larsen&#8217; ha estat una obra de nova creaci\u00f3, la qual tracta [&hellip;]<\/p>\n","protected":false},"author":4,"featured_media":5028,"comment_status":"open","ping_status":"closed","sticky":false,"template":"","format":"standard","meta":{"_bbp_topic_count":0,"_bbp_reply_count":0,"_bbp_total_topic_count":0,"_bbp_total_reply_count":0,"_bbp_voice_count":0,"_bbp_anonymous_reply_count":0,"_bbp_topic_count_hidden":0,"_bbp_reply_count_hidden":0,"_bbp_forum_subforum_count":0,"site-sidebar-layout":"default","site-content-layout":"","ast-site-content-layout":"","site-content-style":"default","site-sidebar-style":"default","ast-global-header-display":"","ast-banner-title-visibility":"","ast-main-header-display":"","ast-hfb-above-header-display":"","ast-hfb-below-header-display":"","ast-hfb-mobile-header-display":"","site-post-title":"","ast-breadcrumbs-content":"","ast-featured-img":"","footer-sml-layout":"","theme-transparent-header-meta":"","adv-header-id-meta":"","stick-header-meta":"","header-above-stick-meta":"","header-main-stick-meta":"","header-below-stick-meta":"","astra-migrate-meta-layouts":"default","ast-page-background-enabled":"default","ast-page-background-meta":{"desktop":{"background-color":"var(--ast-global-color-4)","background-image":"","background-repeat":"repeat","background-position":"center center","background-size":"auto","background-attachment":"scroll","background-type":"","background-media":"","overlay-type":"","overlay-color":"","overlay-opacity":"","overlay-gradient":""},"tablet":{"background-color":"","background-image":"","background-repeat":"repeat","background-position":"center center","background-size":"auto","background-attachment":"scroll","background-type":"","background-media":"","overlay-type":"","overlay-color":"","overlay-opacity":"","overlay-gradient":""},"mobile":{"background-color":"","background-image":"","background-repeat":"repeat","background-position":"center center","background-size":"auto","background-attachment":"scroll","background-type":"","background-media":"","overlay-type":"","overlay-color":"","overlay-opacity":"","overlay-gradient":""}},"ast-content-background-meta":{"desktop":{"background-color":"var(--ast-global-color-5)","background-image":"","background-repeat":"repeat","background-position":"center center","background-size":"auto","background-attachment":"scroll","background-type":"","background-media":"","overlay-type":"","overlay-color":"","overlay-opacity":"","overlay-gradient":""},"tablet":{"background-color":"var(--ast-global-color-5)","background-image":"","background-repeat":"repeat","background-position":"center center","background-size":"auto","background-attachment":"scroll","background-type":"","background-media":"","overlay-type":"","overlay-color":"","overlay-opacity":"","overlay-gradient":""},"mobile":{"background-color":"var(--ast-global-color-5)","background-image":"","background-repeat":"repeat","background-position":"center center","background-size":"auto","background-attachment":"scroll","background-type":"","background-media":"","overlay-type":"","overlay-color":"","overlay-opacity":"","overlay-gradient":""}},"footnotes":""},"categories":[15,1,612,4,5,824],"tags":[126,94,1598,1676,1675,1019,1725,569,583,51,1205,79,407,1849,77,1677,217,390,91,82,16,92,157,608,1248,60,53,811,1012,813],"class_list":["post-5027","post","type-post","status-publish","format-standard","has-post-thumbnail","hentry","category-6e","category-general","category-musica","category-portada","category-primaria","category-xarxa-escoles-publiques","tag-6e","tag-activitats","tag-adnprim","tag-camerataxxi","tag-capinfantsensefortuny","tag-comunitatdelsgrans","tag-curs2023_24","tag-educacioartistica","tag-educaciomusical","tag-escola","tag-espectacle","tag-innovacio","tag-innovacioeducativa","tag-linvent-de-la-doctora-larsen","tag-musica","tag-orquestra","tag-participacio","tag-projectes","tag-reus","tag-sortida","tag-sortides","tag-teatre","tag-teatrebartrina","tag-totsfemescola","tag-transformacioeducativa","tag-treball-collaboratiu","tag-valors","tag-viulapublica","tag-xarxadescolespubliquesdereus","tag-xepr"],"post_mailing_queue_ids":[],"_links":{"self":[{"href":"https:\/\/agora.xtec.cat\/ceip-general-prim-reus\/wp-json\/wp\/v2\/posts\/5027","targetHints":{"allow":["GET"]}}],"collection":[{"href":"https:\/\/agora.xtec.cat\/ceip-general-prim-reus\/wp-json\/wp\/v2\/posts"}],"about":[{"href":"https:\/\/agora.xtec.cat\/ceip-general-prim-reus\/wp-json\/wp\/v2\/types\/post"}],"author":[{"embeddable":true,"href":"https:\/\/agora.xtec.cat\/ceip-general-prim-reus\/wp-json\/wp\/v2\/users\/4"}],"replies":[{"embeddable":true,"href":"https:\/\/agora.xtec.cat\/ceip-general-prim-reus\/wp-json\/wp\/v2\/comments?post=5027"}],"version-history":[{"count":4,"href":"https:\/\/agora.xtec.cat\/ceip-general-prim-reus\/wp-json\/wp\/v2\/posts\/5027\/revisions"}],"predecessor-version":[{"id":5032,"href":"https:\/\/agora.xtec.cat\/ceip-general-prim-reus\/wp-json\/wp\/v2\/posts\/5027\/revisions\/5032"}],"wp:featuredmedia":[{"embeddable":true,"href":"https:\/\/agora.xtec.cat\/ceip-general-prim-reus\/wp-json\/wp\/v2\/media\/5028"}],"wp:attachment":[{"href":"https:\/\/agora.xtec.cat\/ceip-general-prim-reus\/wp-json\/wp\/v2\/media?parent=5027"}],"wp:term":[{"taxonomy":"category","embeddable":true,"href":"https:\/\/agora.xtec.cat\/ceip-general-prim-reus\/wp-json\/wp\/v2\/categories?post=5027"},{"taxonomy":"post_tag","embeddable":true,"href":"https:\/\/agora.xtec.cat\/ceip-general-prim-reus\/wp-json\/wp\/v2\/tags?post=5027"}],"curies":[{"name":"wp","href":"https:\/\/api.w.org\/{rel}","templated":true}]}}