{"id":5022,"date":"2024-06-05T19:42:41","date_gmt":"2024-06-05T17:42:41","guid":{"rendered":"https:\/\/agora.xtec.cat\/ceip-general-prim-reus\/?p=5022"},"modified":"2024-06-05T19:44:14","modified_gmt":"2024-06-05T17:44:14","slug":"i3-el-treball-de-lhort","status":"publish","type":"post","link":"https:\/\/agora.xtec.cat\/ceip-general-prim-reus\/general\/i3-el-treball-de-lhort\/","title":{"rendered":"I3: EL TREBALL DE L\u2019HORT"},"content":{"rendered":"<p><span style=\"font-weight: 400;\">Fam\u00edlies, abans que s\u2019acabi el curs, us volem explicar tot el que hem anat fent en un espai educatiu com \u00e9s l\u2019hort.<\/span><\/p>\n<p><span style=\"font-weight: 400;\">Pensem que l\u2019hort ens ofereix una oportunitat d\u2019adquirir nous aprenentatges a partir de la manipulaci\u00f3, l\u2019observaci\u00f3 i l\u2019experimentaci\u00f3 a trav\u00e9s dels sentits i gaudint del contacte amb la natura.<\/span><\/p>\n<p><span style=\"font-weight: 400;\">Tots els matins dels dimecres (I3 B) i els dijous a la tarda (I3 A), els alumnes han pogut gaudir de moltes i variades activitats que s\u2019han dut a\u00a0 terme a l\u2019hort de la nostra escola.<\/span><\/p>\n<p><span style=\"font-weight: 400;\">Al llarg del mes d\u2019octubre vam airejar la terra i netejar d\u2019arrels\u00a0 i tiges que havien quedat soterrades el curs passat. Al novembre vam estar regant i cuidant les plantes que van plantar els nostres companys i companyes de prim\u00e0ria, com van ser: les cols, els enciams i les escaroles.\u00a0<\/span><\/p>\n<p><span style=\"font-weight: 400;\">Al gener vam plantar les nostres patates grillades i tallades al moble de fusta, les vam tapar amb molta terra i les vam regar. Al llarg dels mesos les hem anat cuidant, i no ha estat, fins a finals de maig que hem fet la collita.<\/span><\/p>\n<p><span style=\"font-weight: 400;\">Mentre les nostres patates anaven creixent dins la terra, hem realitzat altres aprenentatges:<\/span><\/p>\n<p><span style=\"font-weight: 400;\">-Hem descobert les plantes arom\u00e0tiques, com: roman\u00ed, menta, farigola i esp\u00edgol i hem preparat una bosseta arom\u00e0tica per a casa<\/span><\/p>\n<p><span style=\"font-weight: 400;\">-Amb la nostra lupa hem buscat i observat formigues i altres animalons que viuen en el nostre hort: bitxos bola, aranyes, papallones, abelles&#8230;<\/span><\/p>\n<p><span style=\"font-weight: 400;\">-Hem\u00a0 col\u00b7laborat en la neteja de l\u2019hort<\/span><\/p>\n<p><span style=\"font-weight: 400;\">-Hem observat els canvis produ\u00efts en el creixement dels vegetals<\/span><\/p>\n<p><span style=\"font-weight: 400;\">-Hem augmentat el nostre vocabulari<\/span><\/p>\n<p><span style=\"font-weight: 400;\">-Hem escoltat contes i can\u00e7onetes relacionades amb l\u2019hort<\/span><\/p>\n<p><span style=\"font-weight: 400;\">-Hem regat, entre d\u2019altres&#8230;<\/span><\/p>\n<p><span style=\"font-weight: 400;\">Us passem un ventall de fotos perqu\u00e8 podeu veure-ho i gaudir-ho en fam\u00edlia.<\/span><\/p>\n<p>&nbsp;<\/p>\n<p><span style=\"color: #3366ff;\"><strong>Fotos hort I3 A:<\/strong><\/span><\/p>\n<p><a href=\"https:\/\/drive.google.com\/drive\/folders\/17iObGLeSLnEQ3imt_2jfyAU8EK4ov6np?usp=sharing\" target=\"_blank\" rel=\"noopener\">https:\/\/drive.google.com\/drive\/folders\/17iObGLeSLnEQ3imt_2jfyAU8EK4ov6np?usp=sharing<\/a><\/p>\n<p><span style=\"color: #ff9900;\"><strong>Fotos hort I3 B:\u00a0<\/strong><\/span><\/p>\n<p><a href=\"https:\/\/drive.google.com\/drive\/folders\/1yxDy4CLSY9ZftDSuhLC5CiRJ6hQd37Vz?usp=sharing\" target=\"_blank\" rel=\"noopener\">https:\/\/drive.google.com\/drive\/folders\/1yxDy4CLSY9ZftDSuhLC5CiRJ6hQd37Vz?usp=sharing<\/a><\/p>\n<p>&nbsp;<\/p>\n","protected":false},"excerpt":{"rendered":"<p>Fam\u00edlies, abans que s\u2019acabi el curs, us volem explicar tot el que hem anat fent en un espai educatiu com \u00e9s l\u2019hort. Pensem que l\u2019hort ens ofereix una oportunitat d\u2019adquirir nous aprenentatges a partir de la manipulaci\u00f3, l\u2019observaci\u00f3 i l\u2019experimentaci\u00f3 a trav\u00e9s dels sentits i gaudint del contacte amb la natura. Tots els matins dels [&hellip;]<\/p>\n","protected":false},"author":4,"featured_media":5024,"comment_status":"open","ping_status":"closed","sticky":false,"template":"","format":"standard","meta":{"_bbp_topic_count":0,"_bbp_reply_count":0,"_bbp_total_topic_count":0,"_bbp_total_reply_count":0,"_bbp_voice_count":0,"_bbp_anonymous_reply_count":0,"_bbp_topic_count_hidden":0,"_bbp_reply_count_hidden":0,"_bbp_forum_subforum_count":0,"site-sidebar-layout":"default","site-content-layout":"","ast-site-content-layout":"","site-content-style":"default","site-sidebar-style":"default","ast-global-header-display":"","ast-banner-title-visibility":"","ast-main-header-display":"","ast-hfb-above-header-display":"","ast-hfb-below-header-display":"","ast-hfb-mobile-header-display":"","site-post-title":"","ast-breadcrumbs-content":"","ast-featured-img":"","footer-sml-layout":"","theme-transparent-header-meta":"","adv-header-id-meta":"","stick-header-meta":"","header-above-stick-meta":"","header-main-stick-meta":"","header-below-stick-meta":"","astra-migrate-meta-layouts":"default","ast-page-background-enabled":"default","ast-page-background-meta":{"desktop":{"background-color":"var(--ast-global-color-4)","background-image":"","background-repeat":"repeat","background-position":"center center","background-size":"auto","background-attachment":"scroll","background-type":"","background-media":"","overlay-type":"","overlay-color":"","overlay-opacity":"","overlay-gradient":""},"tablet":{"background-color":"","background-image":"","background-repeat":"repeat","background-position":"center center","background-size":"auto","background-attachment":"scroll","background-type":"","background-media":"","overlay-type":"","overlay-color":"","overlay-opacity":"","overlay-gradient":""},"mobile":{"background-color":"","background-image":"","background-repeat":"repeat","background-position":"center center","background-size":"auto","background-attachment":"scroll","background-type":"","background-media":"","overlay-type":"","overlay-color":"","overlay-opacity":"","overlay-gradient":""}},"ast-content-background-meta":{"desktop":{"background-color":"var(--ast-global-color-5)","background-image":"","background-repeat":"repeat","background-position":"center center","background-size":"auto","background-attachment":"scroll","background-type":"","background-media":"","overlay-type":"","overlay-color":"","overlay-opacity":"","overlay-gradient":""},"tablet":{"background-color":"var(--ast-global-color-5)","background-image":"","background-repeat":"repeat","background-position":"center center","background-size":"auto","background-attachment":"scroll","background-type":"","background-media":"","overlay-type":"","overlay-color":"","overlay-opacity":"","overlay-gradient":""},"mobile":{"background-color":"var(--ast-global-color-5)","background-image":"","background-repeat":"repeat","background-position":"center center","background-size":"auto","background-attachment":"scroll","background-type":"","background-media":"","overlay-type":"","overlay-color":"","overlay-opacity":"","overlay-gradient":""}},"footnotes":""},"categories":[1,822,3,2,4,824],"tags":[94,1598,186,187,633,1157,788,474,65,1725,177,176,51,1158,701,89,238,198,202,199,1156,79,407,473,217,1159,1160,91,608,1256,60,53,206,811,1012,813],"class_list":["post-5022","post","type-post","status-publish","format-standard","has-post-thumbnail","hentry","category-general","category-hort-escolar","category-i3","category-infantil","category-portada","category-xarxa-escoles-publiques","tag-activitats","tag-adnprim","tag-alimentacio","tag-alimentaciosaludable","tag-aliments","tag-collim","tag-collita","tag-coneixementdelmedi","tag-cooperacio","tag-curs2023_24","tag-educacioinfantil","tag-ei","tag-escola","tag-faves","tag-femsalut","tag-habits","tag-habitssaludables","tag-hort","tag-hortalisses","tag-hortescolar","tag-huerto","tag-innovacio","tag-innovacioeducativa","tag-medi","tag-participacio","tag-plantem","tag-reguem","tag-reus","tag-totsfemescola","tag-transformaciodecentre","tag-treball-collaboratiu","tag-valors","tag-verdures","tag-viulapublica","tag-xarxadescolespubliquesdereus","tag-xepr"],"post_mailing_queue_ids":[],"_links":{"self":[{"href":"https:\/\/agora.xtec.cat\/ceip-general-prim-reus\/wp-json\/wp\/v2\/posts\/5022","targetHints":{"allow":["GET"]}}],"collection":[{"href":"https:\/\/agora.xtec.cat\/ceip-general-prim-reus\/wp-json\/wp\/v2\/posts"}],"about":[{"href":"https:\/\/agora.xtec.cat\/ceip-general-prim-reus\/wp-json\/wp\/v2\/types\/post"}],"author":[{"embeddable":true,"href":"https:\/\/agora.xtec.cat\/ceip-general-prim-reus\/wp-json\/wp\/v2\/users\/4"}],"replies":[{"embeddable":true,"href":"https:\/\/agora.xtec.cat\/ceip-general-prim-reus\/wp-json\/wp\/v2\/comments?post=5022"}],"version-history":[{"count":3,"href":"https:\/\/agora.xtec.cat\/ceip-general-prim-reus\/wp-json\/wp\/v2\/posts\/5022\/revisions"}],"predecessor-version":[{"id":5026,"href":"https:\/\/agora.xtec.cat\/ceip-general-prim-reus\/wp-json\/wp\/v2\/posts\/5022\/revisions\/5026"}],"wp:featuredmedia":[{"embeddable":true,"href":"https:\/\/agora.xtec.cat\/ceip-general-prim-reus\/wp-json\/wp\/v2\/media\/5024"}],"wp:attachment":[{"href":"https:\/\/agora.xtec.cat\/ceip-general-prim-reus\/wp-json\/wp\/v2\/media?parent=5022"}],"wp:term":[{"taxonomy":"category","embeddable":true,"href":"https:\/\/agora.xtec.cat\/ceip-general-prim-reus\/wp-json\/wp\/v2\/categories?post=5022"},{"taxonomy":"post_tag","embeddable":true,"href":"https:\/\/agora.xtec.cat\/ceip-general-prim-reus\/wp-json\/wp\/v2\/tags?post=5022"}],"curies":[{"name":"wp","href":"https:\/\/api.w.org\/{rel}","templated":true}]}}