{"id":5014,"date":"2024-06-04T20:29:12","date_gmt":"2024-06-04T18:29:12","guid":{"rendered":"https:\/\/agora.xtec.cat\/ceip-general-prim-reus\/?p=5014"},"modified":"2024-06-04T20:29:25","modified_gmt":"2024-06-04T18:29:25","slug":"i3-visitem-lexposicio-ara-toca-festa","status":"publish","type":"post","link":"https:\/\/agora.xtec.cat\/ceip-general-prim-reus\/general\/i3-visitem-lexposicio-ara-toca-festa\/","title":{"rendered":"I3: VISITEM L&#8217;EXPOSICI\u00d3 ARA TOCA FESTA"},"content":{"rendered":"<p><span style=\"font-weight: 400;\">Ja queda poquet per la festa Major de Sant Pere i veure els elements festiu de Reus ballant per les places i els carrers de la nostra ciutat.\u00a0<\/span><\/p>\n<p><span style=\"font-weight: 400;\">Els nens i nenes d&#8217;I3, fa uns dies, vam anar al museu a veure l&#8217;exposici\u00f3 &#8220;Ara toca festa&#8221;. A trav\u00e9s d&#8217;una hist\u00f2ria del seguici festiu vam aprendre un ventall de coses noves sobre la mulassa, els nanos, els gegants&#8230;<\/span><\/p>\n<p><span style=\"font-weight: 400;\">Va ser un dia molt divertit i emocionant!<\/span><\/p>\n<p><span style=\"font-weight: 400;\">Esperem veure&#8217;ls ben aviat i gaudir de la nostra festa.\u00a0<\/span><\/p>\n<p>&nbsp;<\/p>\n<p><span style=\"font-weight: 400;\">Cliqueu els enlla\u00e7os per veure les fotos:<\/span><\/p>\n<p><b>ARA TOCA FESTA I3 A:<\/b><\/p>\n<p><a href=\"https:\/\/drive.google.com\/drive\/folders\/17akwEb7KPa37L1ynAL35lIW9m9iPjSQm?usp=sharing\">https:\/\/drive.google.com\/drive\/folders\/17akwEb7KPa37L1ynAL35lIW9m9iPjSQm?usp=sharing<\/a><\/p>\n<p><b>ARA TOCA FESTA I3 B:<\/b><\/p>\n<p><a href=\"https:\/\/drive.google.com\/drive\/folders\/13o0dylizsBdjTUfqF5_b5_PpLQgMJiAY?usp=sharing\">https:\/\/drive.google.com\/drive\/folders\/13o0dylizsBdjTUfqF5_b5_PpLQgMJiAY?usp=sharing<\/a><\/p>\n","protected":false},"excerpt":{"rendered":"<p>Ja queda poquet per la festa Major de Sant Pere i veure els elements festiu de Reus ballant per les places i els carrers de la nostra ciutat.\u00a0 Els nens i nenes d&#8217;I3, fa uns dies, vam anar al museu a veure l&#8217;exposici\u00f3 &#8220;Ara toca festa&#8221;. A trav\u00e9s d&#8217;una hist\u00f2ria del seguici festiu vam aprendre [&hellip;]<\/p>\n","protected":false},"author":4,"featured_media":5015,"comment_status":"open","ping_status":"closed","sticky":false,"template":"","format":"standard","meta":{"_bbp_topic_count":0,"_bbp_reply_count":0,"_bbp_total_topic_count":0,"_bbp_total_reply_count":0,"_bbp_voice_count":0,"_bbp_anonymous_reply_count":0,"_bbp_topic_count_hidden":0,"_bbp_reply_count_hidden":0,"_bbp_forum_subforum_count":0,"site-sidebar-layout":"default","site-content-layout":"","ast-site-content-layout":"","site-content-style":"default","site-sidebar-style":"default","ast-global-header-display":"","ast-banner-title-visibility":"","ast-main-header-display":"","ast-hfb-above-header-display":"","ast-hfb-below-header-display":"","ast-hfb-mobile-header-display":"","site-post-title":"","ast-breadcrumbs-content":"","ast-featured-img":"","footer-sml-layout":"","theme-transparent-header-meta":"","adv-header-id-meta":"","stick-header-meta":"","header-above-stick-meta":"","header-main-stick-meta":"","header-below-stick-meta":"","astra-migrate-meta-layouts":"default","ast-page-background-enabled":"default","ast-page-background-meta":{"desktop":{"background-color":"var(--ast-global-color-4)","background-image":"","background-repeat":"repeat","background-position":"center center","background-size":"auto","background-attachment":"scroll","background-type":"","background-media":"","overlay-type":"","overlay-color":"","overlay-opacity":"","overlay-gradient":""},"tablet":{"background-color":"","background-image":"","background-repeat":"repeat","background-position":"center center","background-size":"auto","background-attachment":"scroll","background-type":"","background-media":"","overlay-type":"","overlay-color":"","overlay-opacity":"","overlay-gradient":""},"mobile":{"background-color":"","background-image":"","background-repeat":"repeat","background-position":"center center","background-size":"auto","background-attachment":"scroll","background-type":"","background-media":"","overlay-type":"","overlay-color":"","overlay-opacity":"","overlay-gradient":""}},"ast-content-background-meta":{"desktop":{"background-color":"var(--ast-global-color-5)","background-image":"","background-repeat":"repeat","background-position":"center center","background-size":"auto","background-attachment":"scroll","background-type":"","background-media":"","overlay-type":"","overlay-color":"","overlay-opacity":"","overlay-gradient":""},"tablet":{"background-color":"var(--ast-global-color-5)","background-image":"","background-repeat":"repeat","background-position":"center center","background-size":"auto","background-attachment":"scroll","background-type":"","background-media":"","overlay-type":"","overlay-color":"","overlay-opacity":"","overlay-gradient":""},"mobile":{"background-color":"var(--ast-global-color-5)","background-image":"","background-repeat":"repeat","background-position":"center center","background-size":"auto","background-attachment":"scroll","background-type":"","background-media":"","overlay-type":"","overlay-color":"","overlay-opacity":"","overlay-gradient":""}},"footnotes":""},"categories":[1,3,2,4,824],"tags":[94,1598,1467,1033,65,241,1725,177,176,51,75,493,52,494,512,89,1494,407,1468,1469,1254,217,390,91,579,82,16,608,274,1256,60,53,811],"class_list":["post-5014","post","type-post","status-publish","format-standard","has-post-thumbnail","hentry","category-general","category-i3","category-infantil","category-portada","category-xarxa-escoles-publiques","tag-activitats","tag-adnprim","tag-aratocafesta","tag-comunitatdelspetits","tag-cooperacio","tag-cultura","tag-curs2023_24","tag-educacioinfantil","tag-ei","tag-escola","tag-festa","tag-festamajor","tag-festes","tag-folklore","tag-gegants","tag-habits","tag-i3","tag-innovacioeducativa","tag-mulassa","tag-nanos","tag-nanosdereus","tag-participacio","tag-projectes","tag-reus","tag-seguicifestiu","tag-sortida","tag-sortides","tag-totsfemescola","tag-tradicions","tag-transformaciodecentre","tag-treball-collaboratiu","tag-valors","tag-viulapublica"],"post_mailing_queue_ids":[],"_links":{"self":[{"href":"https:\/\/agora.xtec.cat\/ceip-general-prim-reus\/wp-json\/wp\/v2\/posts\/5014","targetHints":{"allow":["GET"]}}],"collection":[{"href":"https:\/\/agora.xtec.cat\/ceip-general-prim-reus\/wp-json\/wp\/v2\/posts"}],"about":[{"href":"https:\/\/agora.xtec.cat\/ceip-general-prim-reus\/wp-json\/wp\/v2\/types\/post"}],"author":[{"embeddable":true,"href":"https:\/\/agora.xtec.cat\/ceip-general-prim-reus\/wp-json\/wp\/v2\/users\/4"}],"replies":[{"embeddable":true,"href":"https:\/\/agora.xtec.cat\/ceip-general-prim-reus\/wp-json\/wp\/v2\/comments?post=5014"}],"version-history":[{"count":2,"href":"https:\/\/agora.xtec.cat\/ceip-general-prim-reus\/wp-json\/wp\/v2\/posts\/5014\/revisions"}],"predecessor-version":[{"id":5017,"href":"https:\/\/agora.xtec.cat\/ceip-general-prim-reus\/wp-json\/wp\/v2\/posts\/5014\/revisions\/5017"}],"wp:featuredmedia":[{"embeddable":true,"href":"https:\/\/agora.xtec.cat\/ceip-general-prim-reus\/wp-json\/wp\/v2\/media\/5015"}],"wp:attachment":[{"href":"https:\/\/agora.xtec.cat\/ceip-general-prim-reus\/wp-json\/wp\/v2\/media?parent=5014"}],"wp:term":[{"taxonomy":"category","embeddable":true,"href":"https:\/\/agora.xtec.cat\/ceip-general-prim-reus\/wp-json\/wp\/v2\/categories?post=5014"},{"taxonomy":"post_tag","embeddable":true,"href":"https:\/\/agora.xtec.cat\/ceip-general-prim-reus\/wp-json\/wp\/v2\/tags?post=5014"}],"curies":[{"name":"wp","href":"https:\/\/api.w.org\/{rel}","templated":true}]}}