{"id":4959,"date":"2024-05-14T21:53:53","date_gmt":"2024-05-14T19:53:53","guid":{"rendered":"https:\/\/agora.xtec.cat\/ceip-general-prim-reus\/?p=4959"},"modified":"2024-05-14T22:27:39","modified_gmt":"2024-05-14T20:27:39","slug":"cap-infant-sense-fortuny-linvent-de-la-doctora-larsen","status":"publish","type":"post","link":"https:\/\/agora.xtec.cat\/ceip-general-prim-reus\/general\/cap-infant-sense-fortuny-linvent-de-la-doctora-larsen\/","title":{"rendered":"CAP INFANT SENSE FORTUNY: L\u2019INVENT DE LA DOCTORA LARSEN"},"content":{"rendered":"<div>\n<p><span style=\"color: #000000;\"><span style=\"font-family: Arial, sans-serif;\"><span style=\"font-size: medium;\">Nou m\u00fasics de Camerata XXI i dues actrius, ens situaran en un futur dist\u00f2pic en qu\u00e8 l&#8217;esp\u00e8cie humana es refugia en la hipertecnificaci\u00f3 per garantir-ne la superviv\u00e8ncia. Davant l&#8217;aparici\u00f3 de complicades m\u00e0quines dirigides per robots, la jove cient\u00edfica Sandra Fortuny remour\u00e0 els fonaments de la comunitat d&#8217;experts per explorar una alternativa inesperada.<\/span><\/span><\/span><\/p>\n<p><span style=\"color: #000000;\"><span style=\"font-family: Arial, sans-serif;\"><span style=\"font-size: medium;\">Per poder participar plenament de l&#8217;espectacle, haurem d&#8217;aprendre aquesta <em>&#8216;Can\u00e7\u00f3 de bressol&#8217;<\/em>&#8230;<\/span><\/span><\/span><\/p>\n<p><span style=\"color: #0000ff;\"><strong>\u00c0udio:<\/strong><\/span><\/p>\n<!--[if lt IE 9]><script>document.createElement('audio');<\/script><![endif]-->\n<audio class=\"wp-audio-shortcode\" id=\"audio-4959-1\" preload=\"none\" style=\"width: 100%;\" controls=\"controls\"><source type=\"audio\/mpeg\" src=\"https:\/\/agora.xtec.cat\/ceip-general-prim-reus\/wp-content\/uploads\/usu163\/2024\/05\/Canco-de-bressol-escoles.mp3?_=1\" \/><a href=\"https:\/\/agora.xtec.cat\/ceip-general-prim-reus\/wp-content\/uploads\/usu163\/2024\/05\/Canco-de-bressol-escoles.mp3\">https:\/\/agora.xtec.cat\/ceip-general-prim-reus\/wp-content\/uploads\/usu163\/2024\/05\/Canco-de-bressol-escoles.mp3<\/a><\/audio>\n<p><span style=\"color: #808000;\"><strong>Lletra:<\/strong><\/span><\/p>\n<p><img loading=\"lazy\" decoding=\"async\" class=\"aligncenter size-full wp-image-4962\" src=\"https:\/\/agora.xtec.cat\/ceip-general-prim-reus\/wp-content\/uploads\/usu163\/2024\/05\/Canco-de-bressol-escoles_page-0001.jpg\" alt=\"\" width=\"1240\" height=\"1755\" srcset=\"https:\/\/agora.xtec.cat\/ceip-general-prim-reus\/wp-content\/uploads\/usu163\/2024\/05\/Canco-de-bressol-escoles_page-0001.jpg 1240w, https:\/\/agora.xtec.cat\/ceip-general-prim-reus\/wp-content\/uploads\/usu163\/2024\/05\/Canco-de-bressol-escoles_page-0001-212x300.jpg 212w, https:\/\/agora.xtec.cat\/ceip-general-prim-reus\/wp-content\/uploads\/usu163\/2024\/05\/Canco-de-bressol-escoles_page-0001-724x1024.jpg 724w, https:\/\/agora.xtec.cat\/ceip-general-prim-reus\/wp-content\/uploads\/usu163\/2024\/05\/Canco-de-bressol-escoles_page-0001-768x1087.jpg 768w, https:\/\/agora.xtec.cat\/ceip-general-prim-reus\/wp-content\/uploads\/usu163\/2024\/05\/Canco-de-bressol-escoles_page-0001-1085x1536.jpg 1085w\" sizes=\"auto, (max-width: 1240px) 100vw, 1240px\" \/><\/p>\n<\/div>\n<p>&nbsp;<\/p>\n","protected":false},"excerpt":{"rendered":"<p>Nou m\u00fasics de Camerata XXI i dues actrius, ens situaran en un futur dist\u00f2pic en qu\u00e8 l&#8217;esp\u00e8cie humana es refugia en la hipertecnificaci\u00f3 per garantir-ne la superviv\u00e8ncia. Davant l&#8217;aparici\u00f3 de complicades m\u00e0quines dirigides per robots, la jove cient\u00edfica Sandra Fortuny remour\u00e0 els fonaments de la comunitat d&#8217;experts per explorar una alternativa inesperada. Per poder participar [&hellip;]<\/p>\n","protected":false},"author":4,"featured_media":4967,"comment_status":"open","ping_status":"closed","sticky":false,"template":"","format":"standard","meta":{"_bbp_topic_count":0,"_bbp_reply_count":0,"_bbp_total_topic_count":0,"_bbp_total_reply_count":0,"_bbp_voice_count":0,"_bbp_anonymous_reply_count":0,"_bbp_topic_count_hidden":0,"_bbp_reply_count_hidden":0,"_bbp_forum_subforum_count":0,"site-sidebar-layout":"default","site-content-layout":"","ast-site-content-layout":"","site-content-style":"default","site-sidebar-style":"default","ast-global-header-display":"","ast-banner-title-visibility":"","ast-main-header-display":"","ast-hfb-above-header-display":"","ast-hfb-below-header-display":"","ast-hfb-mobile-header-display":"","site-post-title":"","ast-breadcrumbs-content":"","ast-featured-img":"","footer-sml-layout":"","theme-transparent-header-meta":"","adv-header-id-meta":"","stick-header-meta":"","header-above-stick-meta":"","header-main-stick-meta":"","header-below-stick-meta":"","astra-migrate-meta-layouts":"default","ast-page-background-enabled":"default","ast-page-background-meta":{"desktop":{"background-color":"var(--ast-global-color-4)","background-image":"","background-repeat":"repeat","background-position":"center center","background-size":"auto","background-attachment":"scroll","background-type":"","background-media":"","overlay-type":"","overlay-color":"","overlay-opacity":"","overlay-gradient":""},"tablet":{"background-color":"","background-image":"","background-repeat":"repeat","background-position":"center center","background-size":"auto","background-attachment":"scroll","background-type":"","background-media":"","overlay-type":"","overlay-color":"","overlay-opacity":"","overlay-gradient":""},"mobile":{"background-color":"","background-image":"","background-repeat":"repeat","background-position":"center center","background-size":"auto","background-attachment":"scroll","background-type":"","background-media":"","overlay-type":"","overlay-color":"","overlay-opacity":"","overlay-gradient":""}},"ast-content-background-meta":{"desktop":{"background-color":"var(--ast-global-color-5)","background-image":"","background-repeat":"repeat","background-position":"center center","background-size":"auto","background-attachment":"scroll","background-type":"","background-media":"","overlay-type":"","overlay-color":"","overlay-opacity":"","overlay-gradient":""},"tablet":{"background-color":"var(--ast-global-color-5)","background-image":"","background-repeat":"repeat","background-position":"center center","background-size":"auto","background-attachment":"scroll","background-type":"","background-media":"","overlay-type":"","overlay-color":"","overlay-opacity":"","overlay-gradient":""},"mobile":{"background-color":"var(--ast-global-color-5)","background-image":"","background-repeat":"repeat","background-position":"center center","background-size":"auto","background-attachment":"scroll","background-type":"","background-media":"","overlay-type":"","overlay-color":"","overlay-opacity":"","overlay-gradient":""}},"footnotes":""},"categories":[1,612,4,5,824],"tags":[126,94,1598,1676,1675,1019,1725,569,583,51,1205,79,407,1849,77,1677,217,390,91,82,16,92,157,608,1248,60,53,811,1012,813],"class_list":["post-4959","post","type-post","status-publish","format-standard","has-post-thumbnail","hentry","category-general","category-musica","category-portada","category-primaria","category-xarxa-escoles-publiques","tag-6e","tag-activitats","tag-adnprim","tag-camerataxxi","tag-capinfantsensefortuny","tag-comunitatdelsgrans","tag-curs2023_24","tag-educacioartistica","tag-educaciomusical","tag-escola","tag-espectacle","tag-innovacio","tag-innovacioeducativa","tag-linvent-de-la-doctora-larsen","tag-musica","tag-orquestra","tag-participacio","tag-projectes","tag-reus","tag-sortida","tag-sortides","tag-teatre","tag-teatrebartrina","tag-totsfemescola","tag-transformacioeducativa","tag-treball-collaboratiu","tag-valors","tag-viulapublica","tag-xarxadescolespubliquesdereus","tag-xepr"],"post_mailing_queue_ids":[],"_links":{"self":[{"href":"https:\/\/agora.xtec.cat\/ceip-general-prim-reus\/wp-json\/wp\/v2\/posts\/4959","targetHints":{"allow":["GET"]}}],"collection":[{"href":"https:\/\/agora.xtec.cat\/ceip-general-prim-reus\/wp-json\/wp\/v2\/posts"}],"about":[{"href":"https:\/\/agora.xtec.cat\/ceip-general-prim-reus\/wp-json\/wp\/v2\/types\/post"}],"author":[{"embeddable":true,"href":"https:\/\/agora.xtec.cat\/ceip-general-prim-reus\/wp-json\/wp\/v2\/users\/4"}],"replies":[{"embeddable":true,"href":"https:\/\/agora.xtec.cat\/ceip-general-prim-reus\/wp-json\/wp\/v2\/comments?post=4959"}],"version-history":[{"count":1,"href":"https:\/\/agora.xtec.cat\/ceip-general-prim-reus\/wp-json\/wp\/v2\/posts\/4959\/revisions"}],"predecessor-version":[{"id":4964,"href":"https:\/\/agora.xtec.cat\/ceip-general-prim-reus\/wp-json\/wp\/v2\/posts\/4959\/revisions\/4964"}],"wp:featuredmedia":[{"embeddable":true,"href":"https:\/\/agora.xtec.cat\/ceip-general-prim-reus\/wp-json\/wp\/v2\/media\/4967"}],"wp:attachment":[{"href":"https:\/\/agora.xtec.cat\/ceip-general-prim-reus\/wp-json\/wp\/v2\/media?parent=4959"}],"wp:term":[{"taxonomy":"category","embeddable":true,"href":"https:\/\/agora.xtec.cat\/ceip-general-prim-reus\/wp-json\/wp\/v2\/categories?post=4959"},{"taxonomy":"post_tag","embeddable":true,"href":"https:\/\/agora.xtec.cat\/ceip-general-prim-reus\/wp-json\/wp\/v2\/tags?post=4959"}],"curies":[{"name":"wp","href":"https:\/\/api.w.org\/{rel}","templated":true}]}}