{"id":4732,"date":"2024-01-28T20:49:31","date_gmt":"2024-01-28T19:49:31","guid":{"rendered":"https:\/\/agora.xtec.cat\/ceip-general-prim-reus\/?p=4732"},"modified":"2024-01-28T20:52:28","modified_gmt":"2024-01-28T19:52:28","slug":"a-lescola-arribem-i-marxem-amb-musiques-darreu-del-mon","status":"publish","type":"post","link":"https:\/\/agora.xtec.cat\/ceip-general-prim-reus\/general\/a-lescola-arribem-i-marxem-amb-musiques-darreu-del-mon\/","title":{"rendered":"A L&#8217;ESCOLA ARRIBEM I MARXEM AMB M\u00daSIQUES D&#8217;ARREU DEL M\u00d3N"},"content":{"rendered":"<div>Les entrades i sortides a l\u2019escola, aquest curs, s\u2019omplen de color amb melodies dels diferents pa\u00efsos de proced\u00e8ncia dels nostres nens i nenes. Un viatge apassionant que ens recorda all\u00f2 que <em><strong>\u201cLa m\u00fasica arriba all\u00e0 on no ho fan les paraules\u201d<\/strong><\/em>&#8230;<\/div>\n<div><\/div>\n<div>Us en deixem un tastet.<\/div>\n<div><\/div>\n<div><\/div>\n<div><img loading=\"lazy\" decoding=\"async\" class=\"aligncenter size-full wp-image-4736\" src=\"https:\/\/agora.xtec.cat\/ceip-general-prim-reus\/wp-content\/uploads\/usu163\/2024\/01\/musica.jpg\" alt=\"\" width=\"1336\" height=\"838\" srcset=\"https:\/\/agora.xtec.cat\/ceip-general-prim-reus\/wp-content\/uploads\/usu163\/2024\/01\/musica.jpg 1336w, https:\/\/agora.xtec.cat\/ceip-general-prim-reus\/wp-content\/uploads\/usu163\/2024\/01\/musica-300x188.jpg 300w, https:\/\/agora.xtec.cat\/ceip-general-prim-reus\/wp-content\/uploads\/usu163\/2024\/01\/musica-1024x642.jpg 1024w, https:\/\/agora.xtec.cat\/ceip-general-prim-reus\/wp-content\/uploads\/usu163\/2024\/01\/musica-768x482.jpg 768w\" sizes=\"auto, (max-width: 1336px) 100vw, 1336px\" \/><\/div>\n<div><\/div>\n<div><\/div>\n<div>Senegal: Fatou Yo<\/div>\n<div><\/div>\n<div>\n<!--[if lt IE 9]><script>document.createElement('audio');<\/script><![endif]-->\n<audio class=\"wp-audio-shortcode\" id=\"audio-4732-1\" preload=\"none\" style=\"width: 100%;\" controls=\"controls\"><source type=\"audio\/mpeg\" src=\"https:\/\/agora.xtec.cat\/ceip-general-prim-reus\/wp-content\/uploads\/usu163\/2024\/01\/AUD-20240128-WA0003.mp3?_=1\" \/><a href=\"https:\/\/agora.xtec.cat\/ceip-general-prim-reus\/wp-content\/uploads\/usu163\/2024\/01\/AUD-20240128-WA0003.mp3\">https:\/\/agora.xtec.cat\/ceip-general-prim-reus\/wp-content\/uploads\/usu163\/2024\/01\/AUD-20240128-WA0003.mp3<\/a><\/audio>\n<\/div>\n<div><\/div>\n<div>Magrib: A Vava Inouba (cantada en llengua AMAZIGH)<\/div>\n<div><\/div>\n<div>\n<audio class=\"wp-audio-shortcode\" id=\"audio-4732-2\" preload=\"none\" style=\"width: 100%;\" controls=\"controls\"><source type=\"audio\/mpeg\" src=\"https:\/\/agora.xtec.cat\/ceip-general-prim-reus\/wp-content\/uploads\/usu163\/2024\/01\/AUD-20240128-WA0001.mp3?_=2\" \/><a href=\"https:\/\/agora.xtec.cat\/ceip-general-prim-reus\/wp-content\/uploads\/usu163\/2024\/01\/AUD-20240128-WA0001.mp3\">https:\/\/agora.xtec.cat\/ceip-general-prim-reus\/wp-content\/uploads\/usu163\/2024\/01\/AUD-20240128-WA0001.mp3<\/a><\/audio>\n<\/div>\n<div><\/div>\n<div>Romania: Alunelul Alunelul<\/div>\n<div><\/div>\n<div>\n<audio class=\"wp-audio-shortcode\" id=\"audio-4732-3\" preload=\"none\" style=\"width: 100%;\" controls=\"controls\"><source type=\"audio\/mpeg\" src=\"https:\/\/agora.xtec.cat\/ceip-general-prim-reus\/wp-content\/uploads\/usu163\/2024\/01\/AUD-20240128-WA0002.mp3?_=3\" \/><a href=\"https:\/\/agora.xtec.cat\/ceip-general-prim-reus\/wp-content\/uploads\/usu163\/2024\/01\/AUD-20240128-WA0002.mp3\">https:\/\/agora.xtec.cat\/ceip-general-prim-reus\/wp-content\/uploads\/usu163\/2024\/01\/AUD-20240128-WA0002.mp3<\/a><\/audio>\n<\/div>\n<div><\/div>\n<div>Ucra\u00efna: Can\u00e7\u00f3 del dinosaure<\/div>\n<div><\/div>\n<div><\/div>\n<div><\/div>\n<div>Bol\u00edvia: Muchachos de gran coraz\u00f3n (cantada en llengua AIMARA)<\/div>\n<div><\/div>\n<div><\/div>\n<div><\/div>\n<div><\/div>\n<div>I&#8230; SEGUIM!!<\/div>\n<div><\/div>\n<div><\/div>\n<div><em>#ADNprim<\/em><\/div>\n","protected":false},"excerpt":{"rendered":"<p>Les entrades i sortides a l\u2019escola, aquest curs, s\u2019omplen de color amb melodies dels diferents pa\u00efsos de proced\u00e8ncia dels nostres nens i nenes. Un viatge apassionant que ens recorda all\u00f2 que \u201cLa m\u00fasica arriba all\u00e0 on no ho fan les paraules\u201d&#8230; Us en deixem un tastet. Senegal: Fatou Yo Magrib: A Vava Inouba (cantada en [&hellip;]<\/p>\n","protected":false},"author":4,"featured_media":4738,"comment_status":"open","ping_status":"closed","sticky":false,"template":"","format":"standard","meta":{"_bbp_topic_count":0,"_bbp_reply_count":0,"_bbp_total_topic_count":0,"_bbp_total_reply_count":0,"_bbp_voice_count":0,"_bbp_anonymous_reply_count":0,"_bbp_topic_count_hidden":0,"_bbp_reply_count_hidden":0,"_bbp_forum_subforum_count":0,"site-sidebar-layout":"default","site-content-layout":"","ast-site-content-layout":"","site-content-style":"default","site-sidebar-style":"default","ast-global-header-display":"","ast-banner-title-visibility":"","ast-main-header-display":"","ast-hfb-above-header-display":"","ast-hfb-below-header-display":"","ast-hfb-mobile-header-display":"","site-post-title":"","ast-breadcrumbs-content":"","ast-featured-img":"","footer-sml-layout":"","theme-transparent-header-meta":"","adv-header-id-meta":"","stick-header-meta":"","header-above-stick-meta":"","header-main-stick-meta":"","header-below-stick-meta":"","astra-migrate-meta-layouts":"default","ast-page-background-enabled":"default","ast-page-background-meta":{"desktop":{"background-color":"var(--ast-global-color-4)","background-image":"","background-repeat":"repeat","background-position":"center center","background-size":"auto","background-attachment":"scroll","background-type":"","background-media":"","overlay-type":"","overlay-color":"","overlay-opacity":"","overlay-gradient":""},"tablet":{"background-color":"","background-image":"","background-repeat":"repeat","background-position":"center center","background-size":"auto","background-attachment":"scroll","background-type":"","background-media":"","overlay-type":"","overlay-color":"","overlay-opacity":"","overlay-gradient":""},"mobile":{"background-color":"","background-image":"","background-repeat":"repeat","background-position":"center center","background-size":"auto","background-attachment":"scroll","background-type":"","background-media":"","overlay-type":"","overlay-color":"","overlay-opacity":"","overlay-gradient":""}},"ast-content-background-meta":{"desktop":{"background-color":"var(--ast-global-color-5)","background-image":"","background-repeat":"repeat","background-position":"center center","background-size":"auto","background-attachment":"scroll","background-type":"","background-media":"","overlay-type":"","overlay-color":"","overlay-opacity":"","overlay-gradient":""},"tablet":{"background-color":"var(--ast-global-color-5)","background-image":"","background-repeat":"repeat","background-position":"center center","background-size":"auto","background-attachment":"scroll","background-type":"","background-media":"","overlay-type":"","overlay-color":"","overlay-opacity":"","overlay-gradient":""},"mobile":{"background-color":"var(--ast-global-color-5)","background-image":"","background-repeat":"repeat","background-position":"center center","background-size":"auto","background-attachment":"scroll","background-type":"","background-media":"","overlay-type":"","overlay-color":"","overlay-opacity":"","overlay-gradient":""}},"footnotes":""},"categories":[1,612,4,5,824],"tags":[94,1598,1778,241,1725,569,583,1707,51,494,79,407,1780,1779,77,1777,217,91,608,274,1256,53,811,1012,813],"class_list":["post-4732","post","type-post","status-publish","format-standard","has-post-thumbnail","hentry","category-general","category-musica","category-portada","category-primaria","category-xarxa-escoles-publiques","tag-activitats","tag-adnprim","tag-canconsinfantils","tag-cultura","tag-curs2023_24","tag-educacioartistica","tag-educaciomusical","tag-entradesrelaxades","tag-escola","tag-folklore","tag-innovacio","tag-innovacioeducativa","tag-multicultural","tag-multiculturalitat","tag-musica","tag-musiquesdelmon","tag-participacio","tag-reus","tag-totsfemescola","tag-tradicions","tag-transformaciodecentre","tag-valors","tag-viulapublica","tag-xarxadescolespubliquesdereus","tag-xepr"],"post_mailing_queue_ids":[],"_links":{"self":[{"href":"https:\/\/agora.xtec.cat\/ceip-general-prim-reus\/wp-json\/wp\/v2\/posts\/4732","targetHints":{"allow":["GET"]}}],"collection":[{"href":"https:\/\/agora.xtec.cat\/ceip-general-prim-reus\/wp-json\/wp\/v2\/posts"}],"about":[{"href":"https:\/\/agora.xtec.cat\/ceip-general-prim-reus\/wp-json\/wp\/v2\/types\/post"}],"author":[{"embeddable":true,"href":"https:\/\/agora.xtec.cat\/ceip-general-prim-reus\/wp-json\/wp\/v2\/users\/4"}],"replies":[{"embeddable":true,"href":"https:\/\/agora.xtec.cat\/ceip-general-prim-reus\/wp-json\/wp\/v2\/comments?post=4732"}],"version-history":[{"count":1,"href":"https:\/\/agora.xtec.cat\/ceip-general-prim-reus\/wp-json\/wp\/v2\/posts\/4732\/revisions"}],"predecessor-version":[{"id":4737,"href":"https:\/\/agora.xtec.cat\/ceip-general-prim-reus\/wp-json\/wp\/v2\/posts\/4732\/revisions\/4737"}],"wp:featuredmedia":[{"embeddable":true,"href":"https:\/\/agora.xtec.cat\/ceip-general-prim-reus\/wp-json\/wp\/v2\/media\/4738"}],"wp:attachment":[{"href":"https:\/\/agora.xtec.cat\/ceip-general-prim-reus\/wp-json\/wp\/v2\/media?parent=4732"}],"wp:term":[{"taxonomy":"category","embeddable":true,"href":"https:\/\/agora.xtec.cat\/ceip-general-prim-reus\/wp-json\/wp\/v2\/categories?post=4732"},{"taxonomy":"post_tag","embeddable":true,"href":"https:\/\/agora.xtec.cat\/ceip-general-prim-reus\/wp-json\/wp\/v2\/tags?post=4732"}],"curies":[{"name":"wp","href":"https:\/\/api.w.org\/{rel}","templated":true}]}}