{"id":4305,"date":"2023-05-01T19:54:19","date_gmt":"2023-05-01T17:54:19","guid":{"rendered":"https:\/\/agora.xtec.cat\/ceip-general-prim-reus\/?p=4305"},"modified":"2023-05-02T17:06:18","modified_gmt":"2023-05-02T15:06:18","slug":"i5-2n-sortida-al-port-de-tarragona","status":"publish","type":"post","link":"https:\/\/agora.xtec.cat\/ceip-general-prim-reus\/general\/i5-2n-sortida-al-port-de-tarragona\/","title":{"rendered":"I5-2n: SORTIDA AL PORT DE TARRAGONA"},"content":{"rendered":"<p dir=\"ltr\">Els nens i les nenes de I5 i 2n van anar d\u2019excursi\u00f3 al port de Tarragona gr\u00e0cies a la dotaci\u00f3 que ha obtingut l\u2019escola del PMOE PROA+. Vam marxar a les 9 del mat\u00ed i a les 10 ja comen\u00e7\u00e0vem les activitats al museu del Port de Tarragona.<\/p>\n<p dir=\"ltr\">Al museu es van separar en dos grups, I5 va fer l\u2019activitat anomenada <em>\u201cEn sabr\u00e0s\u2026 la tira\u201d<\/em> <span style=\"font-family: inherit; font-size: 1em;\">i 2n va fer l\u2019activitat dels <em>\u201cPirates\u201d<\/em>.\u00a0<\/span><\/p>\n<p dir=\"ltr\">Un cop acabades les activitats, tot l\u2019alumnat de I5 i 2n va fer un passeig en barca, el qual va encantar. Van poder observar diferents vaixells i embarcacions del port que no havien vist mai. Totes les activitats van ser molt divertides!<\/p>\n<p dir=\"ltr\">Despr\u00e9s, van dinar i aprofitar per anar a jugar al parc del port. Va ser un gran dia que vam compartir tots junts!<\/p>\n<p>Podeu veure les fotografies en el seg\u00fcent enlla\u00e7: <a href=\"https:\/\/drive.google.com\/drive\/folders\/1q3RVXZpsZp0-zNN2JciSuZjOKem7GRn0\" target=\"_blank\" rel=\"noopener\">\u00c0LBUM SORTIDA PORT TARRAGONA I5 2n 2023<\/a><\/p>\n<p>&nbsp;<\/p>\n","protected":false},"excerpt":{"rendered":"<p>Els nens i les nenes de I5 i 2n van anar d\u2019excursi\u00f3 al port de Tarragona gr\u00e0cies a la dotaci\u00f3 que ha obtingut l\u2019escola del PMOE PROA+. Vam marxar a les 9 del mat\u00ed i a les 10 ja comen\u00e7\u00e0vem les activitats al museu del Port de Tarragona. Al museu es van separar en dos [&hellip;]<\/p>\n","protected":false},"author":4,"featured_media":4308,"comment_status":"open","ping_status":"closed","sticky":false,"template":"","format":"standard","meta":{"_bbp_topic_count":0,"_bbp_reply_count":0,"_bbp_total_topic_count":0,"_bbp_total_reply_count":0,"_bbp_voice_count":0,"_bbp_anonymous_reply_count":0,"_bbp_topic_count_hidden":0,"_bbp_reply_count_hidden":0,"_bbp_forum_subforum_count":0,"site-sidebar-layout":"default","site-content-layout":"","ast-site-content-layout":"","site-content-style":"default","site-sidebar-style":"default","ast-global-header-display":"","ast-banner-title-visibility":"","ast-main-header-display":"","ast-hfb-above-header-display":"","ast-hfb-below-header-display":"","ast-hfb-mobile-header-display":"","site-post-title":"","ast-breadcrumbs-content":"","ast-featured-img":"","footer-sml-layout":"","theme-transparent-header-meta":"","adv-header-id-meta":"","stick-header-meta":"","header-above-stick-meta":"","header-main-stick-meta":"","header-below-stick-meta":"","astra-migrate-meta-layouts":"default","ast-page-background-enabled":"default","ast-page-background-meta":{"desktop":{"background-color":"var(--ast-global-color-4)","background-image":"","background-repeat":"repeat","background-position":"center center","background-size":"auto","background-attachment":"scroll","background-type":"","background-media":"","overlay-type":"","overlay-color":"","overlay-opacity":"","overlay-gradient":""},"tablet":{"background-color":"","background-image":"","background-repeat":"repeat","background-position":"center center","background-size":"auto","background-attachment":"scroll","background-type":"","background-media":"","overlay-type":"","overlay-color":"","overlay-opacity":"","overlay-gradient":""},"mobile":{"background-color":"","background-image":"","background-repeat":"repeat","background-position":"center center","background-size":"auto","background-attachment":"scroll","background-type":"","background-media":"","overlay-type":"","overlay-color":"","overlay-opacity":"","overlay-gradient":""}},"ast-content-background-meta":{"desktop":{"background-color":"var(--ast-global-color-5)","background-image":"","background-repeat":"repeat","background-position":"center center","background-size":"auto","background-attachment":"scroll","background-type":"","background-media":"","overlay-type":"","overlay-color":"","overlay-opacity":"","overlay-gradient":""},"tablet":{"background-color":"var(--ast-global-color-5)","background-image":"","background-repeat":"repeat","background-position":"center center","background-size":"auto","background-attachment":"scroll","background-type":"","background-media":"","overlay-type":"","overlay-color":"","overlay-opacity":"","overlay-gradient":""},"mobile":{"background-color":"var(--ast-global-color-5)","background-image":"","background-repeat":"repeat","background-position":"center center","background-size":"auto","background-attachment":"scroll","background-type":"","background-media":"","overlay-type":"","overlay-color":"","overlay-opacity":"","overlay-gradient":""}},"footnotes":""},"categories":[11,1,9,2,4,5,824],"tags":[341,94,1598,999,1033,65,1345,176,51,1481,83,89,1496,407,483,217,1665,1664,1651,410,477,391,390,372,82,16,717,608,1248,60,813],"class_list":["post-4305","post","type-post","status-publish","format-standard","has-post-thumbnail","hentry","category-2n","category-general","category-i5","category-infantil","category-portada","category-primaria","category-xarxa-escoles-publiques","tag-2n","tag-activitats","tag-adnprim","tag-comunitatdelsmitjans","tag-comunitatdelspetits","tag-cooperacio","tag-curs2022_23","tag-ei","tag-escola","tag-escolainquieta","tag-excursio","tag-habits","tag-i5","tag-innovacioeducativa","tag-museu","tag-participacio","tag-pirata","tag-pirates","tag-pmoeproa","tag-port","tag-portdetarragona","tag-projecte","tag-projectes","tag-reptes","tag-sortida","tag-sortides","tag-tallers","tag-totsfemescola","tag-transformacioeducativa","tag-treball-collaboratiu","tag-xepr"],"post_mailing_queue_ids":[],"_links":{"self":[{"href":"https:\/\/agora.xtec.cat\/ceip-general-prim-reus\/wp-json\/wp\/v2\/posts\/4305","targetHints":{"allow":["GET"]}}],"collection":[{"href":"https:\/\/agora.xtec.cat\/ceip-general-prim-reus\/wp-json\/wp\/v2\/posts"}],"about":[{"href":"https:\/\/agora.xtec.cat\/ceip-general-prim-reus\/wp-json\/wp\/v2\/types\/post"}],"author":[{"embeddable":true,"href":"https:\/\/agora.xtec.cat\/ceip-general-prim-reus\/wp-json\/wp\/v2\/users\/4"}],"replies":[{"embeddable":true,"href":"https:\/\/agora.xtec.cat\/ceip-general-prim-reus\/wp-json\/wp\/v2\/comments?post=4305"}],"version-history":[{"count":3,"href":"https:\/\/agora.xtec.cat\/ceip-general-prim-reus\/wp-json\/wp\/v2\/posts\/4305\/revisions"}],"predecessor-version":[{"id":4319,"href":"https:\/\/agora.xtec.cat\/ceip-general-prim-reus\/wp-json\/wp\/v2\/posts\/4305\/revisions\/4319"}],"wp:featuredmedia":[{"embeddable":true,"href":"https:\/\/agora.xtec.cat\/ceip-general-prim-reus\/wp-json\/wp\/v2\/media\/4308"}],"wp:attachment":[{"href":"https:\/\/agora.xtec.cat\/ceip-general-prim-reus\/wp-json\/wp\/v2\/media?parent=4305"}],"wp:term":[{"taxonomy":"category","embeddable":true,"href":"https:\/\/agora.xtec.cat\/ceip-general-prim-reus\/wp-json\/wp\/v2\/categories?post=4305"},{"taxonomy":"post_tag","embeddable":true,"href":"https:\/\/agora.xtec.cat\/ceip-general-prim-reus\/wp-json\/wp\/v2\/tags?post=4305"}],"curies":[{"name":"wp","href":"https:\/\/api.w.org\/{rel}","templated":true}]}}