{"id":4283,"date":"2023-04-26T09:12:21","date_gmt":"2023-04-26T07:12:21","guid":{"rendered":"https:\/\/agora.xtec.cat\/ceip-general-prim-reus\/?p=4283"},"modified":"2023-04-26T09:52:50","modified_gmt":"2023-04-26T07:52:50","slug":"dia-de-leducacio-fisica-al-carrer-2023-defc2023","status":"publish","type":"post","link":"https:\/\/agora.xtec.cat\/ceip-general-prim-reus\/general\/dia-de-leducacio-fisica-al-carrer-2023-defc2023\/","title":{"rendered":"DIA DE L\u2019EDUCACI\u00d3 F\u00cdSICA AL CARRER 2023 #DEFC2023"},"content":{"rendered":"<p>El DEFC \u00e9s una iniciativa que vol mostrar a la societat com \u00e9s l\u2019actual Educaci\u00f3 F\u00edsica a les escoles. Aplega estudiants, professors i voluntaris seguint el lema\u00a0<em>\u201cEstil de vida actiu per a tots i per sempre\u201d<\/em>.<br \/>\nImpulsada per professionals d\u2019Educaci\u00f3 F\u00edsica amb el suport del Consell COLEF i els col\u00b7legis professionals auton\u00f2mics, vol seguir guanyant participants cada any.<br \/>\nCreiem en una Educaci\u00f3 F\u00edsica integral i integradora, per a tots i per a tota la vida, com a base per instaurar uns h\u00e0bits saludables i un Estil de Vida Actiu. M\u00e9s info a\u00a0<a href=\"http:\/\/www.defc.cat\/\">www.defc.cat<\/a>.<\/p>\n<p>Cliqueu els seg\u00fcents \u00e0lbums per veure el recull de fotos de les activitats:<\/p>\n<p>GRANS:<\/p>\n<p><a href=\"https:\/\/drive.google.com\/drive\/folders\/1vVR_8bfw_pOj8ez1Nsrg2ZDBByJmILwU\" target=\"_blank\" rel=\"noopener\"><img loading=\"lazy\" decoding=\"async\" class=\"wp-image-4297 size-full aligncenter\" src=\"https:\/\/agora.xtec.cat\/ceip-general-prim-reus\/wp-content\/uploads\/usu163\/2023\/04\/grans.jpg\" alt=\"\" width=\"336\" height=\"183\" srcset=\"https:\/\/agora.xtec.cat\/ceip-general-prim-reus\/wp-content\/uploads\/usu163\/2023\/04\/grans.jpg 336w, https:\/\/agora.xtec.cat\/ceip-general-prim-reus\/wp-content\/uploads\/usu163\/2023\/04\/grans-300x163.jpg 300w\" sizes=\"auto, (max-width: 336px) 100vw, 336px\" \/><\/a><\/p>\n<div><\/div>\n<div><\/div>\n<div><\/div>\n<div><\/div>\n<div><\/div>\n<div><\/div>\n<div><\/div>\n<div><\/div>\n<div><\/div>\n<div><\/div>\n<div><\/div>\n<div><\/div>\n<div><\/div>\n<div><\/div>\n<div><\/div>\n<div><\/div>\n<div><\/div>\n<div><\/div>\n<div><\/div>\n<div><\/div>\n<div><\/div>\n<div>PETITS:<\/div>\n<div><\/div>\n<div><a href=\"https:\/\/drive.google.com\/drive\/folders\/12FHf4b7LdKHDMhD_XA4KI9PvLCg2fpTC\" target=\"_blank\" rel=\"noopener\"><img loading=\"lazy\" decoding=\"async\" class=\"wp-image-4299 size-medium aligncenter\" src=\"https:\/\/agora.xtec.cat\/ceip-general-prim-reus\/wp-content\/uploads\/usu163\/2023\/04\/PETITS-300x175.jpg\" alt=\"\" width=\"300\" height=\"175\" srcset=\"https:\/\/agora.xtec.cat\/ceip-general-prim-reus\/wp-content\/uploads\/usu163\/2023\/04\/PETITS-300x175.jpg 300w, https:\/\/agora.xtec.cat\/ceip-general-prim-reus\/wp-content\/uploads\/usu163\/2023\/04\/PETITS.jpg 706w\" sizes=\"auto, (max-width: 300px) 100vw, 300px\" \/><\/a><\/div>\n<div><\/div>\n<div><\/div>\n<div><\/div>\n<div><\/div>\n<div><\/div>\n<div><\/div>\n<div><\/div>\n<div><\/div>\n<div><\/div>\n<div><\/div>\n<div><\/div>\n<div><\/div>\n<div><\/div>\n<div><\/div>\n<div><\/div>\n<div><\/div>\n<div><\/div>\n<div><\/div>\n<div><\/div>\n<div><\/div>\n<div><\/div>\n<div>MITJANS:<\/div>\n<div><\/div>\n<div><a href=\"https:\/\/drive.google.com\/drive\/folders\/1LULnfK9kD8oikMxht_Ui1oZF_R5d5wS8\" target=\"_blank\" rel=\"noopener\"><img loading=\"lazy\" decoding=\"async\" class=\"wp-image-4300 size-medium aligncenter\" src=\"https:\/\/agora.xtec.cat\/ceip-general-prim-reus\/wp-content\/uploads\/usu163\/2023\/04\/mitjans-300x213.png\" alt=\"\" width=\"300\" height=\"213\" srcset=\"https:\/\/agora.xtec.cat\/ceip-general-prim-reus\/wp-content\/uploads\/usu163\/2023\/04\/mitjans-300x213.png 300w, https:\/\/agora.xtec.cat\/ceip-general-prim-reus\/wp-content\/uploads\/usu163\/2023\/04\/mitjans-1024x727.png 1024w, https:\/\/agora.xtec.cat\/ceip-general-prim-reus\/wp-content\/uploads\/usu163\/2023\/04\/mitjans-768x545.png 768w, https:\/\/agora.xtec.cat\/ceip-general-prim-reus\/wp-content\/uploads\/usu163\/2023\/04\/mitjans-1536x1090.png 1536w, https:\/\/agora.xtec.cat\/ceip-general-prim-reus\/wp-content\/uploads\/usu163\/2023\/04\/mitjans.png 1747w\" sizes=\"auto, (max-width: 300px) 100vw, 300px\" \/><\/a><\/div>\n<div><\/div>\n<div><\/div>\n<div><\/div>\n<div><\/div>\n<div><\/div>\n<div><\/div>\n<div><\/div>\n<div><\/div>\n<div><\/div>\n<div><\/div>\n<div><\/div>\n<div><\/div>\n<div><\/div>\n<div><\/div>\n<div><\/div>\n<div><\/div>\n<div>\n<p>&nbsp;<\/p>\n<div class=\"yj6qo\"><\/div>\n<div class=\"adL\"><\/div>\n<\/div>\n<p>Per al DEFC 2023 el lloc escollit va ser el Parc dels Capellans de Reus i l\u2019objectiu principal \u00e9s:<\/p>\n<ul>\n<li>Mostrar la import\u00e0ncia de l\u2019Educaci\u00f3 F\u00edsica pel desenvolupament integral i integrat en totes les edats.<\/li>\n<li>Donar a con\u00e8ixer la nova Educaci\u00f3 F\u00edsica: integradora, variada i divertida.<\/li>\n<li>Fomentar la pr\u00e0ctica d\u2019activitats f\u00edsiques variades i en companyia pel benestar f\u00edsic, ps\u00edquic i social.<\/li>\n<li>Conscienciar dels alts \u00edndexs de sedentarisme al nostre pa\u00eds amb el problema de salut i elevat cost sanitari que comporta.<\/li>\n<li>Mostrar a la societat la part de la feina realitzada a les classes d\u2019Educaci\u00f3 F\u00edsica.<\/li>\n<li>Promoure la difusi\u00f3 d\u2019activitats f\u00edsiques saludables poc conegudes.<\/li>\n<\/ul>\n<p>All\u00e0 ens vam organitzar en diferents grups internivells per tal de poder passar tothom pels diferents racons que es van organitzar. Es combinaven jocs tradicionals amb altres de cl\u00e0ssics de tota la vida i de tot tipus.<\/p>\n<p>\u00c9s des d\u2019aquesta iniciativa que la nostra escola no vol deixar passar l\u2019oportunitat de participar-hi i HO HEM ACONSEGUIT!!<\/p>\n<p><em>#TotsFemEscola #DEFC #DEFC2023 #UnaEscolaUnParc\u00a0<\/em><em>#XEPR<\/em><\/p>\n","protected":false},"excerpt":{"rendered":"<p>El DEFC \u00e9s una iniciativa que vol mostrar a la societat com \u00e9s l\u2019actual Educaci\u00f3 F\u00edsica a les escoles. Aplega estudiants, professors i voluntaris seguint el lema\u00a0\u201cEstil de vida actiu per a tots i per sempre\u201d. Impulsada per professionals d\u2019Educaci\u00f3 F\u00edsica amb el suport del Consell COLEF i els col\u00b7legis professionals auton\u00f2mics, vol seguir guanyant [&hellip;]<\/p>\n","protected":false},"author":4,"featured_media":4296,"comment_status":"open","ping_status":"closed","sticky":false,"template":"","format":"standard","meta":{"_bbp_topic_count":0,"_bbp_reply_count":0,"_bbp_total_topic_count":0,"_bbp_total_reply_count":0,"_bbp_voice_count":0,"_bbp_anonymous_reply_count":0,"_bbp_topic_count_hidden":0,"_bbp_reply_count_hidden":0,"_bbp_forum_subforum_count":0,"site-sidebar-layout":"default","site-content-layout":"","ast-site-content-layout":"","site-content-style":"default","site-sidebar-style":"default","ast-global-header-display":"","ast-banner-title-visibility":"","ast-main-header-display":"","ast-hfb-above-header-display":"","ast-hfb-below-header-display":"","ast-hfb-mobile-header-display":"","site-post-title":"","ast-breadcrumbs-content":"","ast-featured-img":"","footer-sml-layout":"","theme-transparent-header-meta":"","adv-header-id-meta":"","stick-header-meta":"","header-above-stick-meta":"","header-main-stick-meta":"","header-below-stick-meta":"","astra-migrate-meta-layouts":"default","ast-page-background-enabled":"default","ast-page-background-meta":{"desktop":{"background-color":"var(--ast-global-color-4)","background-image":"","background-repeat":"repeat","background-position":"center center","background-size":"auto","background-attachment":"scroll","background-type":"","background-media":"","overlay-type":"","overlay-color":"","overlay-opacity":"","overlay-gradient":""},"tablet":{"background-color":"","background-image":"","background-repeat":"repeat","background-position":"center center","background-size":"auto","background-attachment":"scroll","background-type":"","background-media":"","overlay-type":"","overlay-color":"","overlay-opacity":"","overlay-gradient":""},"mobile":{"background-color":"","background-image":"","background-repeat":"repeat","background-position":"center center","background-size":"auto","background-attachment":"scroll","background-type":"","background-media":"","overlay-type":"","overlay-color":"","overlay-opacity":"","overlay-gradient":""}},"ast-content-background-meta":{"desktop":{"background-color":"var(--ast-global-color-5)","background-image":"","background-repeat":"repeat","background-position":"center center","background-size":"auto","background-attachment":"scroll","background-type":"","background-media":"","overlay-type":"","overlay-color":"","overlay-opacity":"","overlay-gradient":""},"tablet":{"background-color":"var(--ast-global-color-5)","background-image":"","background-repeat":"repeat","background-position":"center center","background-size":"auto","background-attachment":"scroll","background-type":"","background-media":"","overlay-type":"","overlay-color":"","overlay-opacity":"","overlay-gradient":""},"mobile":{"background-color":"var(--ast-global-color-5)","background-image":"","background-repeat":"repeat","background-position":"center center","background-size":"auto","background-attachment":"scroll","background-type":"","background-media":"","overlay-type":"","overlay-color":"","overlay-opacity":"","overlay-gradient":""}},"footnotes":""},"categories":[10,11,12,13,14,15,825,1,3,8,9,2,4,5,824],"tags":[312,341,263,158,166,126,94,1598,1170,1173,1171,1019,999,1033,65,1345,1168,1654,1169,1653,87,851,1162,51,1481,86,702,701,89,821,1494,1495,1496,79,407,217,696,690,691,390,91,617,82,16,819,608,1248,60,1031,53,1172,1012,813],"class_list":["post-4283","post","type-post","status-publish","format-standard","has-post-thumbnail","hentry","category-1r","category-2n","category-3r","category-4t","category-5e","category-6e","category-esports-escola","category-general","category-i3","category-i4","category-i5","category-infantil","category-portada","category-primaria","category-xarxa-escoles-publiques","tag-1r","tag-2n","tag-3r","tag-4t","tag-5e","tag-6e","tag-activitats","tag-adnprim","tag-bitlles","tag-bitllescatalanes","tag-cercles","tag-comunitatdelsgrans","tag-comunitatdelsmitjans","tag-comunitatdelspetits","tag-cooperacio","tag-curs2022_23","tag-defc","tag-defc2023","tag-diadeleducaciofisicaalcarrer","tag-e","tag-educaciofisica","tag-ef","tag-escaleshortitzontals","tag-escola","tag-escolainquieta","tag-esport","tag-femesport","tag-femsalut","tag-habits","tag-healt","tag-i3","tag-i4","tag-i5","tag-innovacio","tag-innovacioeducativa","tag-participacio","tag-programasalutintegral","tag-programashe","tag-programasi","tag-projectes","tag-reus","tag-salut","tag-sortida","tag-sortides","tag-sport","tag-totsfemescola","tag-transformacioeducativa","tag-treball-collaboratiu","tag-unaescolaunparc","tag-valors","tag-xanques","tag-xarxadescolespubliquesdereus","tag-xepr"],"post_mailing_queue_ids":[],"_links":{"self":[{"href":"https:\/\/agora.xtec.cat\/ceip-general-prim-reus\/wp-json\/wp\/v2\/posts\/4283","targetHints":{"allow":["GET"]}}],"collection":[{"href":"https:\/\/agora.xtec.cat\/ceip-general-prim-reus\/wp-json\/wp\/v2\/posts"}],"about":[{"href":"https:\/\/agora.xtec.cat\/ceip-general-prim-reus\/wp-json\/wp\/v2\/types\/post"}],"author":[{"embeddable":true,"href":"https:\/\/agora.xtec.cat\/ceip-general-prim-reus\/wp-json\/wp\/v2\/users\/4"}],"replies":[{"embeddable":true,"href":"https:\/\/agora.xtec.cat\/ceip-general-prim-reus\/wp-json\/wp\/v2\/comments?post=4283"}],"version-history":[{"count":4,"href":"https:\/\/agora.xtec.cat\/ceip-general-prim-reus\/wp-json\/wp\/v2\/posts\/4283\/revisions"}],"predecessor-version":[{"id":4304,"href":"https:\/\/agora.xtec.cat\/ceip-general-prim-reus\/wp-json\/wp\/v2\/posts\/4283\/revisions\/4304"}],"wp:featuredmedia":[{"embeddable":true,"href":"https:\/\/agora.xtec.cat\/ceip-general-prim-reus\/wp-json\/wp\/v2\/media\/4296"}],"wp:attachment":[{"href":"https:\/\/agora.xtec.cat\/ceip-general-prim-reus\/wp-json\/wp\/v2\/media?parent=4283"}],"wp:term":[{"taxonomy":"category","embeddable":true,"href":"https:\/\/agora.xtec.cat\/ceip-general-prim-reus\/wp-json\/wp\/v2\/categories?post=4283"},{"taxonomy":"post_tag","embeddable":true,"href":"https:\/\/agora.xtec.cat\/ceip-general-prim-reus\/wp-json\/wp\/v2\/tags?post=4283"}],"curies":[{"name":"wp","href":"https:\/\/api.w.org\/{rel}","templated":true}]}}