{"id":4011,"date":"2023-01-12T16:33:07","date_gmt":"2023-01-12T15:33:07","guid":{"rendered":"https:\/\/agora.xtec.cat\/ceip-general-prim-reus\/?p=4011"},"modified":"2023-01-12T16:33:07","modified_gmt":"2023-01-12T15:33:07","slug":"el-pati-com-a-espai-educatiu","status":"publish","type":"post","link":"https:\/\/agora.xtec.cat\/ceip-general-prim-reus\/general\/el-pati-com-a-espai-educatiu\/","title":{"rendered":"EL PATI COM A ESPAI EDUCATIU"},"content":{"rendered":"<p><span class=\"css-901oao css-16my406 r-poiln3 r-bcqeeo r-qvutc0\">Al pati s&#8217;hi estableixen relacions personals a trav\u00e9s de joc i l&#8217;experimentaci\u00f3, de forma espont\u00e0nia hi apareixen emocions i conflictes que ens ajuden a con\u00e8ixer-nos a nosaltres mateixos i als altres.<\/span><\/p>\n<p><img loading=\"lazy\" decoding=\"async\" class=\"aligncenter size-full wp-image-4012\" src=\"https:\/\/agora.xtec.cat\/ceip-general-prim-reus\/wp-content\/uploads\/usu163\/2023\/01\/patis-educatius.jpg\" alt=\"\" width=\"826\" height=\"472\" srcset=\"https:\/\/agora.xtec.cat\/ceip-general-prim-reus\/wp-content\/uploads\/usu163\/2023\/01\/patis-educatius.jpg 826w, https:\/\/agora.xtec.cat\/ceip-general-prim-reus\/wp-content\/uploads\/usu163\/2023\/01\/patis-educatius-300x171.jpg 300w, https:\/\/agora.xtec.cat\/ceip-general-prim-reus\/wp-content\/uploads\/usu163\/2023\/01\/patis-educatius-768x439.jpg 768w\" sizes=\"auto, (max-width: 826px) 100vw, 826px\" \/><\/p>\n<p><em><span class=\"r-18u37iz\">#transformacioeducativa<\/span> <span class=\"r-18u37iz\">#totsfemescola<\/span> <span class=\"r-18u37iz\">#patiseducatius<\/span> <span class=\"r-18u37iz\">#aprenentatge<\/span> <span class=\"r-18u37iz\">#publica<\/span><\/em><\/p>\n","protected":false},"excerpt":{"rendered":"<p>Al pati s&#8217;hi estableixen relacions personals a trav\u00e9s de joc i l&#8217;experimentaci\u00f3, de forma espont\u00e0nia hi apareixen emocions i conflictes que ens ajuden a con\u00e8ixer-nos a nosaltres mateixos i als altres. #transformacioeducativa #totsfemescola #patiseducatius #aprenentatge #publica<\/p>\n","protected":false},"author":4,"featured_media":4012,"comment_status":"open","ping_status":"closed","sticky":false,"template":"","format":"standard","meta":{"_bbp_topic_count":0,"_bbp_reply_count":0,"_bbp_total_topic_count":0,"_bbp_total_reply_count":0,"_bbp_voice_count":0,"_bbp_anonymous_reply_count":0,"_bbp_topic_count_hidden":0,"_bbp_reply_count_hidden":0,"_bbp_forum_subforum_count":0,"site-sidebar-layout":"default","site-content-layout":"","ast-site-content-layout":"","site-content-style":"default","site-sidebar-style":"default","ast-global-header-display":"","ast-banner-title-visibility":"","ast-main-header-display":"","ast-hfb-above-header-display":"","ast-hfb-below-header-display":"","ast-hfb-mobile-header-display":"","site-post-title":"","ast-breadcrumbs-content":"","ast-featured-img":"","footer-sml-layout":"","theme-transparent-header-meta":"","adv-header-id-meta":"","stick-header-meta":"","header-above-stick-meta":"","header-main-stick-meta":"","header-below-stick-meta":"","astra-migrate-meta-layouts":"default","ast-page-background-enabled":"default","ast-page-background-meta":{"desktop":{"background-color":"var(--ast-global-color-4)","background-image":"","background-repeat":"repeat","background-position":"center center","background-size":"auto","background-attachment":"scroll","background-type":"","background-media":"","overlay-type":"","overlay-color":"","overlay-opacity":"","overlay-gradient":""},"tablet":{"background-color":"","background-image":"","background-repeat":"repeat","background-position":"center center","background-size":"auto","background-attachment":"scroll","background-type":"","background-media":"","overlay-type":"","overlay-color":"","overlay-opacity":"","overlay-gradient":""},"mobile":{"background-color":"","background-image":"","background-repeat":"repeat","background-position":"center center","background-size":"auto","background-attachment":"scroll","background-type":"","background-media":"","overlay-type":"","overlay-color":"","overlay-opacity":"","overlay-gradient":""}},"ast-content-background-meta":{"desktop":{"background-color":"var(--ast-global-color-5)","background-image":"","background-repeat":"repeat","background-position":"center center","background-size":"auto","background-attachment":"scroll","background-type":"","background-media":"","overlay-type":"","overlay-color":"","overlay-opacity":"","overlay-gradient":""},"tablet":{"background-color":"var(--ast-global-color-5)","background-image":"","background-repeat":"repeat","background-position":"center center","background-size":"auto","background-attachment":"scroll","background-type":"","background-media":"","overlay-type":"","overlay-color":"","overlay-opacity":"","overlay-gradient":""},"mobile":{"background-color":"var(--ast-global-color-5)","background-image":"","background-repeat":"repeat","background-position":"center center","background-size":"auto","background-attachment":"scroll","background-type":"","background-media":"","overlay-type":"","overlay-color":"","overlay-opacity":"","overlay-gradient":""}},"footnotes":""},"categories":[1,3,8,9,2,4,824],"tags":[345,1564,1345,195,192,1565,447,1562,1563,608,1248,811,1012,813],"class_list":["post-4011","post","type-post","status-publish","format-standard","has-post-thumbnail","hentry","category-general","category-i3","category-i4","category-i5","category-infantil","category-portada","category-xarxa-escoles-publiques","tag-aprenentatge","tag-cuineta","tag-curs2022_23","tag-infantil","tag-jocs","tag-jocsimbolic","tag-pati","tag-patiseducatius","tag-publica","tag-totsfemescola","tag-transformacioeducativa","tag-viulapublica","tag-xarxadescolespubliquesdereus","tag-xepr"],"post_mailing_queue_ids":[],"_links":{"self":[{"href":"https:\/\/agora.xtec.cat\/ceip-general-prim-reus\/wp-json\/wp\/v2\/posts\/4011","targetHints":{"allow":["GET"]}}],"collection":[{"href":"https:\/\/agora.xtec.cat\/ceip-general-prim-reus\/wp-json\/wp\/v2\/posts"}],"about":[{"href":"https:\/\/agora.xtec.cat\/ceip-general-prim-reus\/wp-json\/wp\/v2\/types\/post"}],"author":[{"embeddable":true,"href":"https:\/\/agora.xtec.cat\/ceip-general-prim-reus\/wp-json\/wp\/v2\/users\/4"}],"replies":[{"embeddable":true,"href":"https:\/\/agora.xtec.cat\/ceip-general-prim-reus\/wp-json\/wp\/v2\/comments?post=4011"}],"version-history":[{"count":1,"href":"https:\/\/agora.xtec.cat\/ceip-general-prim-reus\/wp-json\/wp\/v2\/posts\/4011\/revisions"}],"predecessor-version":[{"id":4013,"href":"https:\/\/agora.xtec.cat\/ceip-general-prim-reus\/wp-json\/wp\/v2\/posts\/4011\/revisions\/4013"}],"wp:featuredmedia":[{"embeddable":true,"href":"https:\/\/agora.xtec.cat\/ceip-general-prim-reus\/wp-json\/wp\/v2\/media\/4012"}],"wp:attachment":[{"href":"https:\/\/agora.xtec.cat\/ceip-general-prim-reus\/wp-json\/wp\/v2\/media?parent=4011"}],"wp:term":[{"taxonomy":"category","embeddable":true,"href":"https:\/\/agora.xtec.cat\/ceip-general-prim-reus\/wp-json\/wp\/v2\/categories?post=4011"},{"taxonomy":"post_tag","embeddable":true,"href":"https:\/\/agora.xtec.cat\/ceip-general-prim-reus\/wp-json\/wp\/v2\/tags?post=4011"}],"curies":[{"name":"wp","href":"https:\/\/api.w.org\/{rel}","templated":true}]}}