{"id":3557,"date":"2022-05-01T23:17:32","date_gmt":"2022-05-01T21:17:32","guid":{"rendered":"https:\/\/agora.xtec.cat\/ceip-general-prim-reus\/?p=3557"},"modified":"2022-05-01T23:18:06","modified_gmt":"2022-05-01T21:18:06","slug":"p3-sortida-a-dia-de-granja-2","status":"publish","type":"post","link":"https:\/\/agora.xtec.cat\/ceip-general-prim-reus\/general\/p3-sortida-a-dia-de-granja-2\/","title":{"rendered":"P3: SORTIDA A DIA DE GRANJA"},"content":{"rendered":"<p><span style=\"color: #000000;\"><span style=\"font-family: Helvetica, serif;\"><span style=\"font-size: medium;\">Benvolgudes fam\u00edlies,<br \/>\nCom b\u00e9 sabeu, els nens i les nenes de P<\/span><\/span><\/span><span style=\"color: #000000;\"><span style=\"font-family: Helvetica, serif;\"><span style=\"font-size: medium;\">3<\/span><\/span><\/span><span style=\"color: #000000;\"><span style=\"font-family: Helvetica, serif;\"><span style=\"font-size: medium;\">\u00a0vam anar d&#8217;excursi\u00f3 a <em>Un dia de Granja<\/em>.<br \/>\nEn aquesta excursi\u00f3 vam gaudir molt, vam pujar a l&#8217;autob\u00fas, vam descobrir l&#8217;h\u00e0bitat i la vida de molts animals, vam jugar, saltar&#8230; entre altres moltes coses. Us adjuntem fotos perqu\u00e8 pugueu veure com de b\u00e9 ens ho vam passar. (Cliqueu la imatge)<\/span><\/span><\/span><\/p>\n<p><span style=\"color: #000000;\"><span style=\"font-family: Helvetica, serif;\"><span style=\"font-size: medium;\"><a href=\"https:\/\/drive.google.com\/drive\/folders\/1Q936lDHHE1uybGD4oSEjvUErwqsVNAq-?usp=sharing\" target=\"_blank\" rel=\"noopener\"><img loading=\"lazy\" decoding=\"async\" class=\"aligncenter wp-image-3558 size-full\" src=\"https:\/\/agora.xtec.cat\/ceip-general-prim-reus\/wp-content\/uploads\/usu163\/2022\/05\/IMG-20220408-WA0070.jpg\" alt=\"\" width=\"2048\" height=\"1537\" srcset=\"https:\/\/agora.xtec.cat\/ceip-general-prim-reus\/wp-content\/uploads\/usu163\/2022\/05\/IMG-20220408-WA0070.jpg 2048w, https:\/\/agora.xtec.cat\/ceip-general-prim-reus\/wp-content\/uploads\/usu163\/2022\/05\/IMG-20220408-WA0070-300x225.jpg 300w, https:\/\/agora.xtec.cat\/ceip-general-prim-reus\/wp-content\/uploads\/usu163\/2022\/05\/IMG-20220408-WA0070-1024x769.jpg 1024w, https:\/\/agora.xtec.cat\/ceip-general-prim-reus\/wp-content\/uploads\/usu163\/2022\/05\/IMG-20220408-WA0070-768x576.jpg 768w, https:\/\/agora.xtec.cat\/ceip-general-prim-reus\/wp-content\/uploads\/usu163\/2022\/05\/IMG-20220408-WA0070-1536x1153.jpg 1536w, https:\/\/agora.xtec.cat\/ceip-general-prim-reus\/wp-content\/uploads\/usu163\/2022\/05\/IMG-20220408-WA0070-200x150.jpg 200w\" sizes=\"auto, (max-width: 2048px) 100vw, 2048px\" \/><\/a><\/span><\/span><\/span><\/p>\n<p><span style=\"color: #000000;\"><span style=\"font-family: Helvetica, serif;\"><span style=\"font-size: medium;\">Per qu\u00e8 s\u00f3n importants les excursions?<\/span><\/span><\/span><\/p>\n<p>L&#8217;excursi\u00f3 \u00e9s l&#8217;activitat per excel\u00b7l\u00e8ncia que:<br \/>\n-Apropa els infants a la descoberta de l&#8217;entorn natural, social i cultural i afavoreix la seva interrelaci\u00f3 amb el medi.<br \/>\n-Desvetlla les capacitats f\u00edsiques dels infants.<br \/>\n-Els\/les ajuda en el seu desenvolupament motor i l&#8217;autoconeixement de les seves possibilitats, proporcionant-los experi\u00e8ncies molt enriquidores.<br \/>\n-Afavoreix les relacions amb els\/<span style=\"color: #000000;\"><span style=\"font-family: Helvetica, serif;\"><span style=\"font-size: medium;\">les companys<\/span><\/span><\/span><span style=\"color: #000000;\"><span style=\"font-family: Helvetica, serif;\"><span style=\"font-size: medium;\">.<\/span><\/span><\/span><\/p>\n<p>Una\u00a0<span style=\"color: #000000;\"><span style=\"font-family: Helvetica, serif;\"><span style=\"font-size: medium;\">abra\u00e7ada fam\u00edlies<\/span><\/span><\/span><span style=\"color: #000000;\"><span style=\"font-family: Helvetica, serif;\"><span style=\"font-size: medium;\">.<\/span><\/span><\/span><\/p>\n","protected":false},"excerpt":{"rendered":"<p>Benvolgudes fam\u00edlies, Com b\u00e9 sabeu, els nens i les nenes de P3\u00a0vam anar d&#8217;excursi\u00f3 a Un dia de Granja. En aquesta excursi\u00f3 vam gaudir molt, vam pujar a l&#8217;autob\u00fas, vam descobrir l&#8217;h\u00e0bitat i la vida de molts animals, vam jugar, saltar&#8230; entre altres moltes coses. Us adjuntem fotos perqu\u00e8 pugueu veure com de b\u00e9 ens [&hellip;]<\/p>\n","protected":false},"author":4,"featured_media":3559,"comment_status":"open","ping_status":"closed","sticky":false,"template":"","format":"standard","meta":{"_bbp_topic_count":0,"_bbp_reply_count":0,"_bbp_total_topic_count":0,"_bbp_total_reply_count":0,"_bbp_voice_count":0,"_bbp_anonymous_reply_count":0,"_bbp_topic_count_hidden":0,"_bbp_reply_count_hidden":0,"_bbp_forum_subforum_count":0,"site-sidebar-layout":"default","site-content-layout":"","ast-site-content-layout":"","site-content-style":"default","site-sidebar-style":"default","ast-global-header-display":"","ast-banner-title-visibility":"","ast-main-header-display":"","ast-hfb-above-header-display":"","ast-hfb-below-header-display":"","ast-hfb-mobile-header-display":"","site-post-title":"","ast-breadcrumbs-content":"","ast-featured-img":"","footer-sml-layout":"","theme-transparent-header-meta":"","adv-header-id-meta":"","stick-header-meta":"","header-above-stick-meta":"","header-main-stick-meta":"","header-below-stick-meta":"","astra-migrate-meta-layouts":"default","ast-page-background-enabled":"default","ast-page-background-meta":{"desktop":{"background-color":"var(--ast-global-color-4)","background-image":"","background-repeat":"repeat","background-position":"center center","background-size":"auto","background-attachment":"scroll","background-type":"","background-media":"","overlay-type":"","overlay-color":"","overlay-opacity":"","overlay-gradient":""},"tablet":{"background-color":"","background-image":"","background-repeat":"repeat","background-position":"center center","background-size":"auto","background-attachment":"scroll","background-type":"","background-media":"","overlay-type":"","overlay-color":"","overlay-opacity":"","overlay-gradient":""},"mobile":{"background-color":"","background-image":"","background-repeat":"repeat","background-position":"center center","background-size":"auto","background-attachment":"scroll","background-type":"","background-media":"","overlay-type":"","overlay-color":"","overlay-opacity":"","overlay-gradient":""}},"ast-content-background-meta":{"desktop":{"background-color":"var(--ast-global-color-5)","background-image":"","background-repeat":"repeat","background-position":"center center","background-size":"auto","background-attachment":"scroll","background-type":"","background-media":"","overlay-type":"","overlay-color":"","overlay-opacity":"","overlay-gradient":""},"tablet":{"background-color":"var(--ast-global-color-5)","background-image":"","background-repeat":"repeat","background-position":"center center","background-size":"auto","background-attachment":"scroll","background-type":"","background-media":"","overlay-type":"","overlay-color":"","overlay-opacity":"","overlay-gradient":""},"mobile":{"background-color":"var(--ast-global-color-5)","background-image":"","background-repeat":"repeat","background-position":"center center","background-size":"auto","background-attachment":"scroll","background-type":"","background-media":"","overlay-type":"","overlay-color":"","overlay-opacity":"","overlay-gradient":""}},"footnotes":""},"categories":[1,3,2,4,824],"tags":[94,501,1033,1111,1234,177,176,51,83,701,595,89,79,407,224,217,82,16,608,53,1012,813],"class_list":["post-3557","post","type-post","status-publish","format-standard","has-post-thumbnail","hentry","category-general","category-i3","category-infantil","category-portada","category-xarxa-escoles-publiques","tag-activitats","tag-animals","tag-comunitatdelspetits","tag-curs2021_22","tag-diadegranja","tag-educacioinfantil","tag-ei","tag-escola","tag-excursio","tag-femsalut","tag-granja","tag-habits","tag-innovacio","tag-innovacioeducativa","tag-p3","tag-participacio","tag-sortida","tag-sortides","tag-totsfemescola","tag-valors","tag-xarxadescolespubliquesdereus","tag-xepr"],"post_mailing_queue_ids":[],"_links":{"self":[{"href":"https:\/\/agora.xtec.cat\/ceip-general-prim-reus\/wp-json\/wp\/v2\/posts\/3557","targetHints":{"allow":["GET"]}}],"collection":[{"href":"https:\/\/agora.xtec.cat\/ceip-general-prim-reus\/wp-json\/wp\/v2\/posts"}],"about":[{"href":"https:\/\/agora.xtec.cat\/ceip-general-prim-reus\/wp-json\/wp\/v2\/types\/post"}],"author":[{"embeddable":true,"href":"https:\/\/agora.xtec.cat\/ceip-general-prim-reus\/wp-json\/wp\/v2\/users\/4"}],"replies":[{"embeddable":true,"href":"https:\/\/agora.xtec.cat\/ceip-general-prim-reus\/wp-json\/wp\/v2\/comments?post=3557"}],"version-history":[{"count":2,"href":"https:\/\/agora.xtec.cat\/ceip-general-prim-reus\/wp-json\/wp\/v2\/posts\/3557\/revisions"}],"predecessor-version":[{"id":3561,"href":"https:\/\/agora.xtec.cat\/ceip-general-prim-reus\/wp-json\/wp\/v2\/posts\/3557\/revisions\/3561"}],"wp:featuredmedia":[{"embeddable":true,"href":"https:\/\/agora.xtec.cat\/ceip-general-prim-reus\/wp-json\/wp\/v2\/media\/3559"}],"wp:attachment":[{"href":"https:\/\/agora.xtec.cat\/ceip-general-prim-reus\/wp-json\/wp\/v2\/media?parent=3557"}],"wp:term":[{"taxonomy":"category","embeddable":true,"href":"https:\/\/agora.xtec.cat\/ceip-general-prim-reus\/wp-json\/wp\/v2\/categories?post=3557"},{"taxonomy":"post_tag","embeddable":true,"href":"https:\/\/agora.xtec.cat\/ceip-general-prim-reus\/wp-json\/wp\/v2\/tags?post=3557"}],"curies":[{"name":"wp","href":"https:\/\/api.w.org\/{rel}","templated":true}]}}