{"id":3484,"date":"2022-03-10T17:21:37","date_gmt":"2022-03-10T16:21:37","guid":{"rendered":"https:\/\/agora.xtec.cat\/ceip-general-prim-reus\/?p=3484"},"modified":"2022-03-10T17:21:37","modified_gmt":"2022-03-10T16:21:37","slug":"lhort-escolar","status":"publish","type":"post","link":"https:\/\/agora.xtec.cat\/ceip-general-prim-reus\/general\/lhort-escolar\/","title":{"rendered":"L&#8217;HORT ESCOLAR"},"content":{"rendered":"<p>Gr\u00e0cies a l&#8217;hort hem pogut introduir noves activitats i estrat\u00e8gies que ens permeten millorar i ampliar el contacte del nostre alumnat amb la natura, que tingui consci\u00e8ncia de diversos ecosistemes i aprengui a protegir-los.<\/p>\n<p>L&#8217;hort aporta una s\u00e8rie d&#8217;estrat\u00e8gies gratificants i \u00faniques, ofereix un contexte on els nens i nenes aprenen a pensar, a valorar l&#8217;esfor\u00e7, la cooperaci\u00f3 i les habilitats socials.<\/p>\n<p>L&#8217;hort escolar ens permet treballar diferents \u00e0rees del curr\u00edculum: ling\u00fc\u00edstic, art\u00edstic, matem\u00e0tic, educaci\u00f3 en valors, coneixement del medi&#8230; Facilita l&#8217;aprenentatge vivencial on els alumnes aprenen fent i manipulant (Les estrat\u00e8gies estan englobades en un marc pr\u00e0ctic, vivencial i manipulatiu).<\/p>\n<p><a href=\"https:\/\/agora.xtec.cat\/ceip-general-prim-reus\/wp-content\/uploads\/usu163\/2022\/03\/kjghfkjgdkhfdf-jfbdhjs.png\"><img loading=\"lazy\" decoding=\"async\" class=\"aligncenter size-full wp-image-3485\" src=\"https:\/\/agora.xtec.cat\/ceip-general-prim-reus\/wp-content\/uploads\/usu163\/2022\/03\/kjghfkjgdkhfdf-jfbdhjs.png\" alt=\"\" width=\"556\" height=\"247\" srcset=\"https:\/\/agora.xtec.cat\/ceip-general-prim-reus\/wp-content\/uploads\/usu163\/2022\/03\/kjghfkjgdkhfdf-jfbdhjs.png 556w, https:\/\/agora.xtec.cat\/ceip-general-prim-reus\/wp-content\/uploads\/usu163\/2022\/03\/kjghfkjgdkhfdf-jfbdhjs-300x133.png 300w\" sizes=\"auto, (max-width: 556px) 100vw, 556px\" \/><\/a><\/p>\n<p><a href=\"https:\/\/agora.xtec.cat\/ceip-general-prim-reus\/wp-content\/uploads\/usu163\/2022\/03\/fdsfdsgfdsgdfsgsgfsggf.jpeg\"><img loading=\"lazy\" decoding=\"async\" class=\"aligncenter size-full wp-image-3486\" src=\"https:\/\/agora.xtec.cat\/ceip-general-prim-reus\/wp-content\/uploads\/usu163\/2022\/03\/fdsfdsgfdsgdfsgsgfsggf.jpeg\" alt=\"\" width=\"2048\" height=\"1155\" srcset=\"https:\/\/agora.xtec.cat\/ceip-general-prim-reus\/wp-content\/uploads\/usu163\/2022\/03\/fdsfdsgfdsgdfsgsgfsggf.jpeg 2048w, https:\/\/agora.xtec.cat\/ceip-general-prim-reus\/wp-content\/uploads\/usu163\/2022\/03\/fdsfdsgfdsgdfsgsgfsggf-300x169.jpeg 300w, https:\/\/agora.xtec.cat\/ceip-general-prim-reus\/wp-content\/uploads\/usu163\/2022\/03\/fdsfdsgfdsgdfsgsgfsggf-1024x578.jpeg 1024w, https:\/\/agora.xtec.cat\/ceip-general-prim-reus\/wp-content\/uploads\/usu163\/2022\/03\/fdsfdsgfdsgdfsgsgfsggf-768x433.jpeg 768w, https:\/\/agora.xtec.cat\/ceip-general-prim-reus\/wp-content\/uploads\/usu163\/2022\/03\/fdsfdsgfdsgdfsgsgfsggf-1536x866.jpeg 1536w\" sizes=\"auto, (max-width: 2048px) 100vw, 2048px\" \/><\/a><\/p>\n","protected":false},"excerpt":{"rendered":"<p>Gr\u00e0cies a l&#8217;hort hem pogut introduir noves activitats i estrat\u00e8gies que ens permeten millorar i ampliar el contacte del nostre alumnat amb la natura, que tingui consci\u00e8ncia de diversos ecosistemes i aprengui a protegir-los. L&#8217;hort aporta una s\u00e8rie d&#8217;estrat\u00e8gies gratificants i \u00faniques, ofereix un contexte on els nens i nenes aprenen a pensar, a valorar [&hellip;]<\/p>\n","protected":false},"author":4,"featured_media":3485,"comment_status":"open","ping_status":"closed","sticky":false,"template":"","format":"standard","meta":{"_bbp_topic_count":0,"_bbp_reply_count":0,"_bbp_total_topic_count":0,"_bbp_total_reply_count":0,"_bbp_voice_count":0,"_bbp_anonymous_reply_count":0,"_bbp_topic_count_hidden":0,"_bbp_reply_count_hidden":0,"_bbp_forum_subforum_count":0,"site-sidebar-layout":"default","site-content-layout":"","ast-site-content-layout":"","site-content-style":"default","site-sidebar-style":"default","ast-global-header-display":"","ast-banner-title-visibility":"","ast-main-header-display":"","ast-hfb-above-header-display":"","ast-hfb-below-header-display":"","ast-hfb-mobile-header-display":"","site-post-title":"","ast-breadcrumbs-content":"","ast-featured-img":"","footer-sml-layout":"","theme-transparent-header-meta":"","adv-header-id-meta":"","stick-header-meta":"","header-above-stick-meta":"","header-main-stick-meta":"","header-below-stick-meta":"","astra-migrate-meta-layouts":"default","ast-page-background-enabled":"default","ast-page-background-meta":{"desktop":{"background-color":"var(--ast-global-color-4)","background-image":"","background-repeat":"repeat","background-position":"center center","background-size":"auto","background-attachment":"scroll","background-type":"","background-media":"","overlay-type":"","overlay-color":"","overlay-opacity":"","overlay-gradient":""},"tablet":{"background-color":"","background-image":"","background-repeat":"repeat","background-position":"center center","background-size":"auto","background-attachment":"scroll","background-type":"","background-media":"","overlay-type":"","overlay-color":"","overlay-opacity":"","overlay-gradient":""},"mobile":{"background-color":"","background-image":"","background-repeat":"repeat","background-position":"center center","background-size":"auto","background-attachment":"scroll","background-type":"","background-media":"","overlay-type":"","overlay-color":"","overlay-opacity":"","overlay-gradient":""}},"ast-content-background-meta":{"desktop":{"background-color":"var(--ast-global-color-5)","background-image":"","background-repeat":"repeat","background-position":"center center","background-size":"auto","background-attachment":"scroll","background-type":"","background-media":"","overlay-type":"","overlay-color":"","overlay-opacity":"","overlay-gradient":""},"tablet":{"background-color":"var(--ast-global-color-5)","background-image":"","background-repeat":"repeat","background-position":"center center","background-size":"auto","background-attachment":"scroll","background-type":"","background-media":"","overlay-type":"","overlay-color":"","overlay-opacity":"","overlay-gradient":""},"mobile":{"background-color":"var(--ast-global-color-5)","background-image":"","background-repeat":"repeat","background-position":"center center","background-size":"auto","background-attachment":"scroll","background-type":"","background-media":"","overlay-type":"","overlay-color":"","overlay-opacity":"","overlay-gradient":""}},"footnotes":""},"categories":[1,822,2,4,5,824],"tags":[186,187,1027,1393,474,65,1111,203,207,155,368,1390,198,202,199,1392,473,1056,209,1391,206,811,1012,813],"class_list":["post-3484","post","type-post","status-publish","format-standard","has-post-thumbnail","hentry","category-general","category-hort-escolar","category-infantil","category-portada","category-primaria","category-xarxa-escoles-publiques","tag-alimentacio","tag-alimentaciosaludable","tag-aprenentatgecompetencial","tag-aprenentatgevivencial","tag-coneixementdelmedi","tag-cooperacio","tag-curs2021_22","tag-ecologia","tag-ecosistema","tag-esforc","tag-experimentacio","tag-habilitatssocials","tag-hort","tag-hortalisses","tag-hortescolar","tag-interdisciplinar","tag-medi","tag-medinatural","tag-natura","tag-transversal","tag-verdures","tag-viulapublica","tag-xarxadescolespubliquesdereus","tag-xepr"],"post_mailing_queue_ids":[],"_links":{"self":[{"href":"https:\/\/agora.xtec.cat\/ceip-general-prim-reus\/wp-json\/wp\/v2\/posts\/3484","targetHints":{"allow":["GET"]}}],"collection":[{"href":"https:\/\/agora.xtec.cat\/ceip-general-prim-reus\/wp-json\/wp\/v2\/posts"}],"about":[{"href":"https:\/\/agora.xtec.cat\/ceip-general-prim-reus\/wp-json\/wp\/v2\/types\/post"}],"author":[{"embeddable":true,"href":"https:\/\/agora.xtec.cat\/ceip-general-prim-reus\/wp-json\/wp\/v2\/users\/4"}],"replies":[{"embeddable":true,"href":"https:\/\/agora.xtec.cat\/ceip-general-prim-reus\/wp-json\/wp\/v2\/comments?post=3484"}],"version-history":[{"count":1,"href":"https:\/\/agora.xtec.cat\/ceip-general-prim-reus\/wp-json\/wp\/v2\/posts\/3484\/revisions"}],"predecessor-version":[{"id":3487,"href":"https:\/\/agora.xtec.cat\/ceip-general-prim-reus\/wp-json\/wp\/v2\/posts\/3484\/revisions\/3487"}],"wp:featuredmedia":[{"embeddable":true,"href":"https:\/\/agora.xtec.cat\/ceip-general-prim-reus\/wp-json\/wp\/v2\/media\/3485"}],"wp:attachment":[{"href":"https:\/\/agora.xtec.cat\/ceip-general-prim-reus\/wp-json\/wp\/v2\/media?parent=3484"}],"wp:term":[{"taxonomy":"category","embeddable":true,"href":"https:\/\/agora.xtec.cat\/ceip-general-prim-reus\/wp-json\/wp\/v2\/categories?post=3484"},{"taxonomy":"post_tag","embeddable":true,"href":"https:\/\/agora.xtec.cat\/ceip-general-prim-reus\/wp-json\/wp\/v2\/tags?post=3484"}],"curies":[{"name":"wp","href":"https:\/\/api.w.org\/{rel}","templated":true}]}}