{"id":3019,"date":"2021-10-08T18:01:04","date_gmt":"2021-10-08T16:01:04","guid":{"rendered":"https:\/\/agora.xtec.cat\/ceip-general-prim-reus\/?p=3019"},"modified":"2021-10-08T18:09:49","modified_gmt":"2021-10-08T16:09:49","slug":"votacio-nom-de-la-classe-de-p3-les-granotes","status":"publish","type":"post","link":"https:\/\/agora.xtec.cat\/ceip-general-prim-reus\/general\/votacio-nom-de-la-classe-de-p3-les-granotes\/","title":{"rendered":"VOTACI\u00d3 NOM DE LA CLASSE DE P3: LES GRANOTES"},"content":{"rendered":"<p>Benvolgudes fam\u00edlies,<\/p>\n<p>Com b\u00e9 sabeu la setmana passada vam fer conversa per veure quin NOM li pos\u00e0vem a la nostra classe i&#8230;. vam fer votacions!<\/p>\n<p><strong>Com ho hem fet?<\/strong><\/p>\n<p>Cadasc\u00fa i cadascuna de nosaltres hem tingut l&#8217;oportunitat d&#8217;escollir quin animal vol\u00edem que ens representar\u00e0 al llarg d&#8217;aquest curs. Hem agafat una pedra i l&#8217;hem col\u00b7locat a sobre de l&#8217;animal que m\u00e9s ens ha agradat. A m\u00e9s, hi ha algun infant que ha explicat perqu\u00e8 li agradava l&#8217;animal escollit.<br \/>\nDespr\u00e9s d&#8217;observar l&#8217;animal que ha escollit cadascun dels nostres companys i companyes hem fet un recompte.<br \/>\nI sabeu que? Els animals m\u00e9s votats han estat la MOSCA i la GRANOTA. Per un vot ha guanyat la GRANOTA.<br \/>\nAix\u00ed que&#8230; ens endinsem en el projecte del nom de la nostra classe.<\/p>\n<p><strong>Per qu\u00e8 ho fem aix\u00ed?<\/strong><\/p>\n<p>El treball per projectes situa als infants en el centre de l&#8217;aprenentatge, i amb aquesta manera de fer aconseguim que els infants s&#8217;impliquen i es motivin pel que fem a l&#8217;aula.<\/p>\n<p>Acompanyem a l&#8217;alumnat oferint-los l&#8217;oportunitat d&#8217;escollir, ja que \u00e9s un dret dels infants poder triar; el fet de tenir veu i vot, \u00e9s un dret de tot \u00e9sser hum\u00e0.<\/p>\n<p>Acompanyant-los en la gesti\u00f3 del seu aprenentatge&#8230; ens iniciem en les converses argumentatives, on l&#8217;infant t\u00e9 l&#8217;oportunitat d&#8217;explicar el perqu\u00e8 de les coses i argumentar les seves opinions\/pensaments..<\/p>\n<p>A m\u00e9s a m\u00e9s, concretament en aquest proc\u00e9s d&#8217;elecci\u00f3 del nom de la classe, aprenem que de vegades surt una elecci\u00f3 per majoria, que potser no \u00e9s la nostra escollida, per\u00f2 ha estat una votaci\u00f3 transparent i majorit\u00e0ria. D&#8217;aquesta manera aprenem que hi ha diversitat d&#8217;opinions i possibilitats.<\/p>\n<p><strong>Qu\u00e8 podem fer a casa?<\/strong><\/p>\n<p>Tenim el nom de la classe, per\u00f2&#8230; QU\u00c8 SABEM DE LES GRANOTES?<br \/>\n\u00c9s moment d&#8217;investigar fam\u00edlies i infants!<br \/>\nUs convidem a fer una recerca d&#8217;informaci\u00f3 sobre les granotes perqu\u00e8 les converses a l&#8217;aula siguin m\u00e9s enriquidores. Endavant!!!<\/p>\n<p>&nbsp;<\/p>\n<p>Aqu\u00ed teniu les fotos: <a href=\"https:\/\/photos.app.goo.gl\/zRiaZv5H9zrtKe43A\">P3: \u00c0LBUM NOM DE LA CLASSE: LES GRANOTES<\/a><\/p>\n<p>&nbsp;<\/p>\n<p><em>#TotsFemEscola #Transformaci\u00f3Educativa #EinesPelCanvi<\/em><\/p>\n","protected":false},"excerpt":{"rendered":"<p>Benvolgudes fam\u00edlies, Com b\u00e9 sabeu la setmana passada vam fer conversa per veure quin NOM li pos\u00e0vem a la nostra classe i&#8230;. vam fer votacions! Com ho hem fet? Cadasc\u00fa i cadascuna de nosaltres hem tingut l&#8217;oportunitat d&#8217;escollir quin animal vol\u00edem que ens representar\u00e0 al llarg d&#8217;aquest curs. Hem agafat una pedra i l&#8217;hem col\u00b7locat [&hellip;]<\/p>\n","protected":false},"author":4,"featured_media":3020,"comment_status":"open","ping_status":"closed","sticky":false,"template":"","format":"standard","meta":{"_bbp_topic_count":0,"_bbp_reply_count":0,"_bbp_total_topic_count":0,"_bbp_total_reply_count":0,"_bbp_voice_count":0,"_bbp_anonymous_reply_count":0,"_bbp_topic_count_hidden":0,"_bbp_reply_count_hidden":0,"_bbp_forum_subforum_count":0,"site-sidebar-layout":"default","site-content-layout":"","ast-site-content-layout":"","site-content-style":"default","site-sidebar-style":"default","ast-global-header-display":"","ast-banner-title-visibility":"","ast-main-header-display":"","ast-hfb-above-header-display":"","ast-hfb-below-header-display":"","ast-hfb-mobile-header-display":"","site-post-title":"","ast-breadcrumbs-content":"","ast-featured-img":"","footer-sml-layout":"","theme-transparent-header-meta":"","adv-header-id-meta":"","stick-header-meta":"","header-above-stick-meta":"","header-main-stick-meta":"","header-below-stick-meta":"","astra-migrate-meta-layouts":"default","ast-page-background-enabled":"default","ast-page-background-meta":{"desktop":{"background-color":"var(--ast-global-color-4)","background-image":"","background-repeat":"repeat","background-position":"center center","background-size":"auto","background-attachment":"scroll","background-type":"","background-media":"","overlay-type":"","overlay-color":"","overlay-opacity":"","overlay-gradient":""},"tablet":{"background-color":"","background-image":"","background-repeat":"repeat","background-position":"center center","background-size":"auto","background-attachment":"scroll","background-type":"","background-media":"","overlay-type":"","overlay-color":"","overlay-opacity":"","overlay-gradient":""},"mobile":{"background-color":"","background-image":"","background-repeat":"repeat","background-position":"center center","background-size":"auto","background-attachment":"scroll","background-type":"","background-media":"","overlay-type":"","overlay-color":"","overlay-opacity":"","overlay-gradient":""}},"ast-content-background-meta":{"desktop":{"background-color":"var(--ast-global-color-5)","background-image":"","background-repeat":"repeat","background-position":"center center","background-size":"auto","background-attachment":"scroll","background-type":"","background-media":"","overlay-type":"","overlay-color":"","overlay-opacity":"","overlay-gradient":""},"tablet":{"background-color":"var(--ast-global-color-5)","background-image":"","background-repeat":"repeat","background-position":"center center","background-size":"auto","background-attachment":"scroll","background-type":"","background-media":"","overlay-type":"","overlay-color":"","overlay-opacity":"","overlay-gradient":""},"mobile":{"background-color":"var(--ast-global-color-5)","background-image":"","background-repeat":"repeat","background-position":"center center","background-size":"auto","background-attachment":"scroll","background-type":"","background-media":"","overlay-type":"","overlay-color":"","overlay-opacity":"","overlay-gradient":""}},"footnotes":""},"categories":[1,3,2,4,824],"tags":[1033,177,176,1257,51,79,407,1259,1258,224,217,390,608,1248,60,1255],"class_list":["post-3019","post","type-post","status-publish","format-standard","has-post-thumbnail","hentry","category-general","category-i3","category-infantil","category-portada","category-xarxa-escoles-publiques","tag-comunitatdelspetits","tag-educacioinfantil","tag-ei","tag-einespelcanvi","tag-escola","tag-innovacio","tag-innovacioeducativa","tag-lesgranotes","tag-nomdelaclasse","tag-p3","tag-participacio","tag-projectes","tag-totsfemescola","tag-transformacioeducativa","tag-treball-collaboratiu","tag-treballperprojectes"],"post_mailing_queue_ids":[],"_links":{"self":[{"href":"https:\/\/agora.xtec.cat\/ceip-general-prim-reus\/wp-json\/wp\/v2\/posts\/3019","targetHints":{"allow":["GET"]}}],"collection":[{"href":"https:\/\/agora.xtec.cat\/ceip-general-prim-reus\/wp-json\/wp\/v2\/posts"}],"about":[{"href":"https:\/\/agora.xtec.cat\/ceip-general-prim-reus\/wp-json\/wp\/v2\/types\/post"}],"author":[{"embeddable":true,"href":"https:\/\/agora.xtec.cat\/ceip-general-prim-reus\/wp-json\/wp\/v2\/users\/4"}],"replies":[{"embeddable":true,"href":"https:\/\/agora.xtec.cat\/ceip-general-prim-reus\/wp-json\/wp\/v2\/comments?post=3019"}],"version-history":[{"count":3,"href":"https:\/\/agora.xtec.cat\/ceip-general-prim-reus\/wp-json\/wp\/v2\/posts\/3019\/revisions"}],"predecessor-version":[{"id":3023,"href":"https:\/\/agora.xtec.cat\/ceip-general-prim-reus\/wp-json\/wp\/v2\/posts\/3019\/revisions\/3023"}],"wp:featuredmedia":[{"embeddable":true,"href":"https:\/\/agora.xtec.cat\/ceip-general-prim-reus\/wp-json\/wp\/v2\/media\/3020"}],"wp:attachment":[{"href":"https:\/\/agora.xtec.cat\/ceip-general-prim-reus\/wp-json\/wp\/v2\/media?parent=3019"}],"wp:term":[{"taxonomy":"category","embeddable":true,"href":"https:\/\/agora.xtec.cat\/ceip-general-prim-reus\/wp-json\/wp\/v2\/categories?post=3019"},{"taxonomy":"post_tag","embeddable":true,"href":"https:\/\/agora.xtec.cat\/ceip-general-prim-reus\/wp-json\/wp\/v2\/tags?post=3019"}],"curies":[{"name":"wp","href":"https:\/\/api.w.org\/{rel}","templated":true}]}}