{"id":2708,"date":"2021-05-05T18:17:49","date_gmt":"2021-05-05T16:17:49","guid":{"rendered":"http:\/\/agora.xtec.cat\/ceip-general-prim-reus\/?p=2708"},"modified":"2021-05-05T19:10:54","modified_gmt":"2021-05-05T17:10:54","slug":"saixeca-el-telo-de-el-musical-participatiu","status":"publish","type":"post","link":"https:\/\/agora.xtec.cat\/ceip-general-prim-reus\/portada\/saixeca-el-telo-de-el-musical-participatiu\/","title":{"rendered":"S&#8217;AIXECA EL TEL\u00d3 DE &#8220;EL MUSICAL PARTICIPATIU&#8221;!"},"content":{"rendered":"<p>Un any m\u00e9s, l&#8217;alumnat de 6\u00e8 est\u00e0 preparant la can\u00e7\u00f3 que interpretaran a &#8220;El musical participatiu&#8221;.<\/p>\n<p>&#8220;SOM AQU\u00cd DALT&#8221; \u00e9s una de les can\u00e7ons que formen part del Musical &#8220;EL MILLOR TEATRE DEL M\u00d3N!&#8221;. Aqu\u00ed teniu les pistes de la 1a\u00a0 i de la 2a veu per a que les pugueu practicar a casa.<\/p>\n<p>Bona feina!<\/p>\n<p><span style=\"color: #3366ff;\"><strong>01._Som_aqui\u0301_dalt_Primera_veu:<\/strong><\/span><\/p>\n<!--[if lt IE 9]><script>document.createElement('audio');<\/script><![endif]-->\n<audio class=\"wp-audio-shortcode\" id=\"audio-2708-1\" preload=\"none\" style=\"width: 100%;\" controls=\"controls\"><source type=\"audio\/mpeg\" src=\"https:\/\/agora.xtec.cat\/ceip-general-prim-reus\/wp-content\/uploads\/usu163\/2021\/05\/01._Som_aqui\u0301_dalt_Primera_veu_.mp3?_=1\" \/><a href=\"https:\/\/agora.xtec.cat\/ceip-general-prim-reus\/wp-content\/uploads\/usu163\/2021\/05\/01._Som_aqui\u0301_dalt_Primera_veu_.mp3\">https:\/\/agora.xtec.cat\/ceip-general-prim-reus\/wp-content\/uploads\/usu163\/2021\/05\/01._Som_aqui\u0301_dalt_Primera_veu_.mp3<\/a><\/audio>\n<p><span style=\"color: #ff00ff;\"><strong>01._Som_aqui\u0301_dalt_Segona_veu:<\/strong><\/span><\/p>\n<audio class=\"wp-audio-shortcode\" id=\"audio-2708-2\" preload=\"none\" style=\"width: 100%;\" controls=\"controls\"><source type=\"audio\/mpeg\" src=\"https:\/\/agora.xtec.cat\/ceip-general-prim-reus\/wp-content\/uploads\/usu163\/2021\/05\/01._Som_aqui\u0301_dalt_Segona_veu.mp3?_=2\" \/><a href=\"https:\/\/agora.xtec.cat\/ceip-general-prim-reus\/wp-content\/uploads\/usu163\/2021\/05\/01._Som_aqui\u0301_dalt_Segona_veu.mp3\">https:\/\/agora.xtec.cat\/ceip-general-prim-reus\/wp-content\/uploads\/usu163\/2021\/05\/01._Som_aqui\u0301_dalt_Segona_veu.mp3<\/a><\/audio>\n<p>&nbsp;<\/p>\n<div class=\"yj6qo\"><\/div>\n<div class=\"adL\"><\/div>\n","protected":false},"excerpt":{"rendered":"<p>Un any m\u00e9s, l&#8217;alumnat de 6\u00e8 est\u00e0 preparant la can\u00e7\u00f3 que interpretaran a &#8220;El musical participatiu&#8221;. &#8220;SOM AQU\u00cd DALT&#8221; \u00e9s una de les can\u00e7ons que formen part del Musical &#8220;EL MILLOR TEATRE DEL M\u00d3N!&#8221;. Aqu\u00ed teniu les pistes de la 1a\u00a0 i de la 2a veu per a que les pugueu practicar a casa. Bona [&hellip;]<\/p>\n","protected":false},"author":4,"featured_media":2712,"comment_status":"open","ping_status":"closed","sticky":false,"template":"","format":"standard","meta":{"_bbp_topic_count":0,"_bbp_reply_count":0,"_bbp_total_topic_count":0,"_bbp_total_reply_count":0,"_bbp_voice_count":0,"_bbp_anonymous_reply_count":0,"_bbp_topic_count_hidden":0,"_bbp_reply_count_hidden":0,"_bbp_forum_subforum_count":0,"site-sidebar-layout":"default","site-content-layout":"","ast-site-content-layout":"","site-content-style":"default","site-sidebar-style":"default","ast-global-header-display":"","ast-banner-title-visibility":"","ast-main-header-display":"","ast-hfb-above-header-display":"","ast-hfb-below-header-display":"","ast-hfb-mobile-header-display":"","site-post-title":"","ast-breadcrumbs-content":"","ast-featured-img":"","footer-sml-layout":"","theme-transparent-header-meta":"","adv-header-id-meta":"","stick-header-meta":"","header-above-stick-meta":"","header-main-stick-meta":"","header-below-stick-meta":"","astra-migrate-meta-layouts":"default","ast-page-background-enabled":"default","ast-page-background-meta":{"desktop":{"background-color":"var(--ast-global-color-4)","background-image":"","background-repeat":"repeat","background-position":"center center","background-size":"auto","background-attachment":"scroll","background-type":"","background-media":"","overlay-type":"","overlay-color":"","overlay-opacity":"","overlay-gradient":""},"tablet":{"background-color":"","background-image":"","background-repeat":"repeat","background-position":"center center","background-size":"auto","background-attachment":"scroll","background-type":"","background-media":"","overlay-type":"","overlay-color":"","overlay-opacity":"","overlay-gradient":""},"mobile":{"background-color":"","background-image":"","background-repeat":"repeat","background-position":"center center","background-size":"auto","background-attachment":"scroll","background-type":"","background-media":"","overlay-type":"","overlay-color":"","overlay-opacity":"","overlay-gradient":""}},"ast-content-background-meta":{"desktop":{"background-color":"var(--ast-global-color-5)","background-image":"","background-repeat":"repeat","background-position":"center center","background-size":"auto","background-attachment":"scroll","background-type":"","background-media":"","overlay-type":"","overlay-color":"","overlay-opacity":"","overlay-gradient":""},"tablet":{"background-color":"var(--ast-global-color-5)","background-image":"","background-repeat":"repeat","background-position":"center center","background-size":"auto","background-attachment":"scroll","background-type":"","background-media":"","overlay-type":"","overlay-color":"","overlay-opacity":"","overlay-gradient":""},"mobile":{"background-color":"var(--ast-global-color-5)","background-image":"","background-repeat":"repeat","background-position":"center center","background-size":"auto","background-attachment":"scroll","background-type":"","background-media":"","overlay-type":"","overlay-color":"","overlay-opacity":"","overlay-gradient":""}},"footnotes":""},"categories":[15,612,4,5,824],"tags":[126,130,240,649,751,1019,908,153,583,1177,730,728,684,563,77,1178,92],"class_list":["post-2708","post","type-post","status-publish","format-standard","has-post-thumbnail","hentry","category-6e","category-musica","category-portada","category-primaria","category-xarxa-escoles-publiques","tag-6e","tag-art","tag-assaig","tag-canco","tag-cicle-superior","tag-comunitatdelsgrans","tag-curs2020_21","tag-dansa","tag-educaciomusical","tag-elmillorteatredelmon","tag-elmusicalparticipatiu","tag-femmusica","tag-melodia","tag-music","tag-musica","tag-pista","tag-teatre"],"post_mailing_queue_ids":[],"_links":{"self":[{"href":"https:\/\/agora.xtec.cat\/ceip-general-prim-reus\/wp-json\/wp\/v2\/posts\/2708","targetHints":{"allow":["GET"]}}],"collection":[{"href":"https:\/\/agora.xtec.cat\/ceip-general-prim-reus\/wp-json\/wp\/v2\/posts"}],"about":[{"href":"https:\/\/agora.xtec.cat\/ceip-general-prim-reus\/wp-json\/wp\/v2\/types\/post"}],"author":[{"embeddable":true,"href":"https:\/\/agora.xtec.cat\/ceip-general-prim-reus\/wp-json\/wp\/v2\/users\/4"}],"replies":[{"embeddable":true,"href":"https:\/\/agora.xtec.cat\/ceip-general-prim-reus\/wp-json\/wp\/v2\/comments?post=2708"}],"version-history":[{"count":3,"href":"https:\/\/agora.xtec.cat\/ceip-general-prim-reus\/wp-json\/wp\/v2\/posts\/2708\/revisions"}],"predecessor-version":[{"id":2714,"href":"https:\/\/agora.xtec.cat\/ceip-general-prim-reus\/wp-json\/wp\/v2\/posts\/2708\/revisions\/2714"}],"wp:featuredmedia":[{"embeddable":true,"href":"https:\/\/agora.xtec.cat\/ceip-general-prim-reus\/wp-json\/wp\/v2\/media\/2712"}],"wp:attachment":[{"href":"https:\/\/agora.xtec.cat\/ceip-general-prim-reus\/wp-json\/wp\/v2\/media?parent=2708"}],"wp:term":[{"taxonomy":"category","embeddable":true,"href":"https:\/\/agora.xtec.cat\/ceip-general-prim-reus\/wp-json\/wp\/v2\/categories?post=2708"},{"taxonomy":"post_tag","embeddable":true,"href":"https:\/\/agora.xtec.cat\/ceip-general-prim-reus\/wp-json\/wp\/v2\/tags?post=2708"}],"curies":[{"name":"wp","href":"https:\/\/api.w.org\/{rel}","templated":true}]}}