{"id":2705,"date":"2021-05-05T18:06:12","date_gmt":"2021-05-05T16:06:12","guid":{"rendered":"http:\/\/agora.xtec.cat\/ceip-general-prim-reus\/?p=2705"},"modified":"2021-05-26T15:29:50","modified_gmt":"2021-05-26T13:29:50","slug":"activitat-futbolnet-de-la-fundacio-barca","status":"publish","type":"post","link":"https:\/\/agora.xtec.cat\/ceip-general-prim-reus\/general\/activitat-futbolnet-de-la-fundacio-barca\/","title":{"rendered":"ACTIVITAT FUTBOLNET DE LA FUNDACI\u00d3 BAR\u00c7A"},"content":{"rendered":"<p>L&#8217;alumnat m\u00e9s gran de l&#8217;escola participa des de fa unes setmanes a l\u2019activitat <strong>gratu\u00efta<\/strong> <a href=\"https:\/\/fundacio.fcbarcelona.cat\/programes\/futbol-net\">FutbolNet<\/a> que organitza la <a href=\"https:\/\/fundacio.fcbarcelona.cat\/\">Fundaci\u00f3 FCBarcelona<\/a>. Aqu\u00ed teniu unes fotos de les sessions que ja s&#8217;han fet: <a href=\"https:\/\/photos.app.goo.gl\/YAH5XrmQ42bFWcQw9\" target=\"_blank\" rel=\"noopener noreferrer\">ALBUM FOTOS FUTBOLNET 2021<\/a><\/p>\n<p><a href=\"https:\/\/agora.xtec.cat\/ceip-general-prim-reus\/wp-content\/uploads\/usu163\/2021\/05\/futbol_net_logo.jpg\"><img loading=\"lazy\" decoding=\"async\" class=\"aligncenter size-full wp-image-2706\" src=\"https:\/\/agora.xtec.cat\/ceip-general-prim-reus\/wp-content\/uploads\/usu163\/2021\/05\/futbol_net_logo.jpg\" alt=\"\" width=\"765\" height=\"553\" srcset=\"https:\/\/agora.xtec.cat\/ceip-general-prim-reus\/wp-content\/uploads\/usu163\/2021\/05\/futbol_net_logo.jpg 765w, https:\/\/agora.xtec.cat\/ceip-general-prim-reus\/wp-content\/uploads\/usu163\/2021\/05\/futbol_net_logo-300x217.jpg 300w\" sizes=\"auto, (max-width: 765px) 100vw, 765px\" \/><\/a><\/p>\n<p>El projecte\u00a0<strong>FutbolNet<\/strong> t\u00e9 per objectiu donar suport a infants i joves, tot fomentant la integraci\u00f3 i cohesi\u00f3 social, creant condicions favorables per la prevenci\u00f3 de la viol\u00e8ncia, tot fent servir l\u2019esport com a eina educativa. El programa contribueix positivament a la comunitat local de moltes maneres diferents, com per exemple:<\/p>\n<p>\u2013 Millora de les habilitats dels i les participants per la resoluci\u00f3 dels conflictes.<br \/>\n\u2013 Millora del comportament respectu\u00f3s dels participants vers els altres i el seu entorn.<br \/>\n\u2013 Millora en el rendiment escolar dels participants.<br \/>\n\u2013 Transferiment de coneixement en metodologies educatives i curr\u00edculum a escoles locals.<\/p>\n<p>La clau del projecte FutbolNet \u00e9s el di\u00e0leg. A trav\u00e9s d\u2019aquesta eina, els jugadors i jugadores no nom\u00e9s entren en una relaci\u00f3 de respecte i enteniment mutu, sin\u00f3 que tamb\u00e9 adquireixen confian\u00e7a en si mateixos i sentit de responsabilitat. Els beneficiaris del projecte s\u00f3n grups d\u2019infants i joves d\u2019entre\u00a010 i 16 anys, sempre en grups mixtos de nois i noies.<\/p>\n","protected":false},"excerpt":{"rendered":"<p>L&#8217;alumnat m\u00e9s gran de l&#8217;escola participa des de fa unes setmanes a l\u2019activitat gratu\u00efta FutbolNet que organitza la Fundaci\u00f3 FCBarcelona. Aqu\u00ed teniu unes fotos de les sessions que ja s&#8217;han fet: ALBUM FOTOS FUTBOLNET 2021 El projecte\u00a0FutbolNet t\u00e9 per objectiu donar suport a infants i joves, tot fomentant la integraci\u00f3 i cohesi\u00f3 social, creant condicions [&hellip;]<\/p>\n","protected":false},"author":4,"featured_media":2706,"comment_status":"open","ping_status":"closed","sticky":false,"template":"","format":"standard","meta":{"_bbp_topic_count":0,"_bbp_reply_count":0,"_bbp_total_topic_count":0,"_bbp_total_reply_count":0,"_bbp_voice_count":0,"_bbp_anonymous_reply_count":0,"_bbp_topic_count_hidden":0,"_bbp_reply_count_hidden":0,"_bbp_forum_subforum_count":0,"site-sidebar-layout":"default","site-content-layout":"","ast-site-content-layout":"","site-content-style":"default","site-sidebar-style":"default","ast-global-header-display":"","ast-banner-title-visibility":"","ast-main-header-display":"","ast-hfb-above-header-display":"","ast-hfb-below-header-display":"","ast-hfb-mobile-header-display":"","site-post-title":"","ast-breadcrumbs-content":"","ast-featured-img":"","footer-sml-layout":"","theme-transparent-header-meta":"","adv-header-id-meta":"","stick-header-meta":"","header-above-stick-meta":"","header-main-stick-meta":"","header-below-stick-meta":"","astra-migrate-meta-layouts":"default","ast-page-background-enabled":"default","ast-page-background-meta":{"desktop":{"background-color":"var(--ast-global-color-4)","background-image":"","background-repeat":"repeat","background-position":"center center","background-size":"auto","background-attachment":"scroll","background-type":"","background-media":"","overlay-type":"","overlay-color":"","overlay-opacity":"","overlay-gradient":""},"tablet":{"background-color":"","background-image":"","background-repeat":"repeat","background-position":"center center","background-size":"auto","background-attachment":"scroll","background-type":"","background-media":"","overlay-type":"","overlay-color":"","overlay-opacity":"","overlay-gradient":""},"mobile":{"background-color":"","background-image":"","background-repeat":"repeat","background-position":"center center","background-size":"auto","background-attachment":"scroll","background-type":"","background-media":"","overlay-type":"","overlay-color":"","overlay-opacity":"","overlay-gradient":""}},"ast-content-background-meta":{"desktop":{"background-color":"var(--ast-global-color-5)","background-image":"","background-repeat":"repeat","background-position":"center center","background-size":"auto","background-attachment":"scroll","background-type":"","background-media":"","overlay-type":"","overlay-color":"","overlay-opacity":"","overlay-gradient":""},"tablet":{"background-color":"var(--ast-global-color-5)","background-image":"","background-repeat":"repeat","background-position":"center center","background-size":"auto","background-attachment":"scroll","background-type":"","background-media":"","overlay-type":"","overlay-color":"","overlay-opacity":"","overlay-gradient":""},"mobile":{"background-color":"var(--ast-global-color-5)","background-image":"","background-repeat":"repeat","background-position":"center center","background-size":"auto","background-attachment":"scroll","background-type":"","background-media":"","overlay-type":"","overlay-color":"","overlay-opacity":"","overlay-gradient":""}},"footnotes":""},"categories":[14,15,825,1,4,5,824],"tags":[166,126,94,137,1019,65,136,908,87,851,51,86,701,385,89,79,407,1175,1176,217,390,91,819,608,60,53],"class_list":["post-2705","post","type-post","status-publish","format-standard","has-post-thumbnail","hentry","category-5e","category-6e","category-esports-escola","category-general","category-portada","category-primaria","category-xarxa-escoles-publiques","tag-5e","tag-6e","tag-activitats","tag-ciclesuperior","tag-comunitatdelsgrans","tag-cooperacio","tag-cs","tag-curs2020_21","tag-educaciofisica","tag-ef","tag-escola","tag-esport","tag-femsalut","tag-futbol","tag-habits","tag-innovacio","tag-innovacioeducativa","tag-jocnet","tag-juegolimpio","tag-participacio","tag-projectes","tag-reus","tag-sport","tag-totsfemescola","tag-treball-collaboratiu","tag-valors"],"post_mailing_queue_ids":[],"_links":{"self":[{"href":"https:\/\/agora.xtec.cat\/ceip-general-prim-reus\/wp-json\/wp\/v2\/posts\/2705","targetHints":{"allow":["GET"]}}],"collection":[{"href":"https:\/\/agora.xtec.cat\/ceip-general-prim-reus\/wp-json\/wp\/v2\/posts"}],"about":[{"href":"https:\/\/agora.xtec.cat\/ceip-general-prim-reus\/wp-json\/wp\/v2\/types\/post"}],"author":[{"embeddable":true,"href":"https:\/\/agora.xtec.cat\/ceip-general-prim-reus\/wp-json\/wp\/v2\/users\/4"}],"replies":[{"embeddable":true,"href":"https:\/\/agora.xtec.cat\/ceip-general-prim-reus\/wp-json\/wp\/v2\/comments?post=2705"}],"version-history":[{"count":2,"href":"https:\/\/agora.xtec.cat\/ceip-general-prim-reus\/wp-json\/wp\/v2\/posts\/2705\/revisions"}],"predecessor-version":[{"id":2770,"href":"https:\/\/agora.xtec.cat\/ceip-general-prim-reus\/wp-json\/wp\/v2\/posts\/2705\/revisions\/2770"}],"wp:featuredmedia":[{"embeddable":true,"href":"https:\/\/agora.xtec.cat\/ceip-general-prim-reus\/wp-json\/wp\/v2\/media\/2706"}],"wp:attachment":[{"href":"https:\/\/agora.xtec.cat\/ceip-general-prim-reus\/wp-json\/wp\/v2\/media?parent=2705"}],"wp:term":[{"taxonomy":"category","embeddable":true,"href":"https:\/\/agora.xtec.cat\/ceip-general-prim-reus\/wp-json\/wp\/v2\/categories?post=2705"},{"taxonomy":"post_tag","embeddable":true,"href":"https:\/\/agora.xtec.cat\/ceip-general-prim-reus\/wp-json\/wp\/v2\/tags?post=2705"}],"curies":[{"name":"wp","href":"https:\/\/api.w.org\/{rel}","templated":true}]}}