{"id":2216,"date":"2020-11-08T20:37:34","date_gmt":"2020-11-08T19:37:34","guid":{"rendered":"http:\/\/agora.xtec.cat\/ceip-general-prim-reus\/?p=2216"},"modified":"2021-05-26T17:34:36","modified_gmt":"2021-05-26T15:34:36","slug":"voleibol-a-lescola","status":"publish","type":"post","link":"https:\/\/agora.xtec.cat\/ceip-general-prim-reus\/general\/voleibol-a-lescola\/","title":{"rendered":"VOLEIBOL A L&#8217;ESCOLA"},"content":{"rendered":"<p>Durant el mes de novembre, les classes de 4t, 5\u00e8 i 6\u00e8 van celebrar la primera de tres jornades de Voleibol a l&#8217;escola, per part del club Voleibol Reus, amb Danilo com a t\u00e8cnic responsable, amb unes molt bones sensacions per part de tots els alumnes.<\/p>\n<p><a href=\"https:\/\/agora.xtec.cat\/ceip-general-prim-reus\/wp-content\/uploads\/usu163\/2020\/11\/IMG_20201106_225738_2.jpg\"><img loading=\"lazy\" decoding=\"async\" class=\"aligncenter wp-image-2217 size-medium\" src=\"https:\/\/agora.xtec.cat\/ceip-general-prim-reus\/wp-content\/uploads\/usu163\/2020\/11\/IMG_20201106_225738_2-300x200.jpg\" alt=\"\" width=\"300\" height=\"200\" srcset=\"https:\/\/agora.xtec.cat\/ceip-general-prim-reus\/wp-content\/uploads\/usu163\/2020\/11\/IMG_20201106_225738_2-300x200.jpg 300w, https:\/\/agora.xtec.cat\/ceip-general-prim-reus\/wp-content\/uploads\/usu163\/2020\/11\/IMG_20201106_225738_2-768x512.jpg 768w, https:\/\/agora.xtec.cat\/ceip-general-prim-reus\/wp-content\/uploads\/usu163\/2020\/11\/IMG_20201106_225738_2-1024x683.jpg 1024w\" sizes=\"auto, (max-width: 300px) 100vw, 300px\" \/><\/a><\/p>\n<p>Aviat, els alumnes que ho desitgin podran participar a dos entrenaments gratu\u00efts amb els equips federats del club. En el seg\u00fcent enlla\u00e7 hi trobareu algunes fotos: <a href=\"https:\/\/photos.app.goo.gl\/qdptFubGwbg9srYX6\">https:\/\/photos.app.goo.gl\/qdptFubGwbg9srYX6<\/a><\/p>\n<div dir=\"auto\"><\/div>\n","protected":false},"excerpt":{"rendered":"<p>Durant el mes de novembre, les classes de 4t, 5\u00e8 i 6\u00e8 van celebrar la primera de tres jornades de Voleibol a l&#8217;escola, per part del club Voleibol Reus, amb Danilo com a t\u00e8cnic responsable, amb unes molt bones sensacions per part de tots els alumnes. Aviat, els alumnes que ho desitgin podran participar a [&hellip;]<\/p>\n","protected":false},"author":4,"featured_media":2217,"comment_status":"open","ping_status":"closed","sticky":false,"template":"","format":"standard","meta":{"_bbp_topic_count":0,"_bbp_reply_count":0,"_bbp_total_topic_count":0,"_bbp_total_reply_count":0,"_bbp_voice_count":0,"_bbp_anonymous_reply_count":0,"_bbp_topic_count_hidden":0,"_bbp_reply_count_hidden":0,"_bbp_forum_subforum_count":0,"site-sidebar-layout":"default","site-content-layout":"","ast-site-content-layout":"","site-content-style":"default","site-sidebar-style":"default","ast-global-header-display":"","ast-banner-title-visibility":"","ast-main-header-display":"","ast-hfb-above-header-display":"","ast-hfb-below-header-display":"","ast-hfb-mobile-header-display":"","site-post-title":"","ast-breadcrumbs-content":"","ast-featured-img":"","footer-sml-layout":"","theme-transparent-header-meta":"","adv-header-id-meta":"","stick-header-meta":"","header-above-stick-meta":"","header-main-stick-meta":"","header-below-stick-meta":"","astra-migrate-meta-layouts":"default","ast-page-background-enabled":"default","ast-page-background-meta":{"desktop":{"background-color":"var(--ast-global-color-4)","background-image":"","background-repeat":"repeat","background-position":"center center","background-size":"auto","background-attachment":"scroll","background-type":"","background-media":"","overlay-type":"","overlay-color":"","overlay-opacity":"","overlay-gradient":""},"tablet":{"background-color":"","background-image":"","background-repeat":"repeat","background-position":"center center","background-size":"auto","background-attachment":"scroll","background-type":"","background-media":"","overlay-type":"","overlay-color":"","overlay-opacity":"","overlay-gradient":""},"mobile":{"background-color":"","background-image":"","background-repeat":"repeat","background-position":"center center","background-size":"auto","background-attachment":"scroll","background-type":"","background-media":"","overlay-type":"","overlay-color":"","overlay-opacity":"","overlay-gradient":""}},"ast-content-background-meta":{"desktop":{"background-color":"var(--ast-global-color-5)","background-image":"","background-repeat":"repeat","background-position":"center center","background-size":"auto","background-attachment":"scroll","background-type":"","background-media":"","overlay-type":"","overlay-color":"","overlay-opacity":"","overlay-gradient":""},"tablet":{"background-color":"var(--ast-global-color-5)","background-image":"","background-repeat":"repeat","background-position":"center center","background-size":"auto","background-attachment":"scroll","background-type":"","background-media":"","overlay-type":"","overlay-color":"","overlay-opacity":"","overlay-gradient":""},"mobile":{"background-color":"var(--ast-global-color-5)","background-image":"","background-repeat":"repeat","background-position":"center center","background-size":"auto","background-attachment":"scroll","background-type":"","background-media":"","overlay-type":"","overlay-color":"","overlay-opacity":"","overlay-gradient":""}},"footnotes":""},"categories":[14,825,1,4,5],"tags":[166,1019,908,820,86,701,79,407,696,690,691,819,1018,1017],"class_list":["post-2216","post","type-post","status-publish","format-standard","has-post-thumbnail","hentry","category-5e","category-esports-escola","category-general","category-portada","category-primaria","tag-5e","tag-comunitatdelsgrans","tag-curs2020_21","tag-deporte","tag-esport","tag-femsalut","tag-innovacio","tag-innovacioeducativa","tag-programasalutintegral","tag-programashe","tag-programasi","tag-sport","tag-volei","tag-voleibol"],"post_mailing_queue_ids":[],"_links":{"self":[{"href":"https:\/\/agora.xtec.cat\/ceip-general-prim-reus\/wp-json\/wp\/v2\/posts\/2216","targetHints":{"allow":["GET"]}}],"collection":[{"href":"https:\/\/agora.xtec.cat\/ceip-general-prim-reus\/wp-json\/wp\/v2\/posts"}],"about":[{"href":"https:\/\/agora.xtec.cat\/ceip-general-prim-reus\/wp-json\/wp\/v2\/types\/post"}],"author":[{"embeddable":true,"href":"https:\/\/agora.xtec.cat\/ceip-general-prim-reus\/wp-json\/wp\/v2\/users\/4"}],"replies":[{"embeddable":true,"href":"https:\/\/agora.xtec.cat\/ceip-general-prim-reus\/wp-json\/wp\/v2\/comments?post=2216"}],"version-history":[{"count":4,"href":"https:\/\/agora.xtec.cat\/ceip-general-prim-reus\/wp-json\/wp\/v2\/posts\/2216\/revisions"}],"predecessor-version":[{"id":2823,"href":"https:\/\/agora.xtec.cat\/ceip-general-prim-reus\/wp-json\/wp\/v2\/posts\/2216\/revisions\/2823"}],"wp:featuredmedia":[{"embeddable":true,"href":"https:\/\/agora.xtec.cat\/ceip-general-prim-reus\/wp-json\/wp\/v2\/media\/2217"}],"wp:attachment":[{"href":"https:\/\/agora.xtec.cat\/ceip-general-prim-reus\/wp-json\/wp\/v2\/media?parent=2216"}],"wp:term":[{"taxonomy":"category","embeddable":true,"href":"https:\/\/agora.xtec.cat\/ceip-general-prim-reus\/wp-json\/wp\/v2\/categories?post=2216"},{"taxonomy":"post_tag","embeddable":true,"href":"https:\/\/agora.xtec.cat\/ceip-general-prim-reus\/wp-json\/wp\/v2\/tags?post=2216"}],"curies":[{"name":"wp","href":"https:\/\/api.w.org\/{rel}","templated":true}]}}