{"id":2233,"count":1,"description":"En aquesta p\u00e0gina trobareu els \u00e0udios que gravem a l'espai art\u00edstic \"R\u00e0dio i Multim\u00e8dia\".","link":"https:\/\/agora.xtec.cat\/ceip-general-prim-reus\/categoria\/primaria\/radio-multimedia\/","name":"Espai art\u00edstic R\u00e0dio i Multim\u00e8dia","slug":"radio-multimedia","taxonomy":"category","parent":5,"meta":[],"_links":{"self":[{"href":"https:\/\/agora.xtec.cat\/ceip-general-prim-reus\/wp-json\/wp\/v2\/categories\/2233","targetHints":{"allow":["GET"]}}],"collection":[{"href":"https:\/\/agora.xtec.cat\/ceip-general-prim-reus\/wp-json\/wp\/v2\/categories"}],"about":[{"href":"https:\/\/agora.xtec.cat\/ceip-general-prim-reus\/wp-json\/wp\/v2\/taxonomies\/category"}],"up":[{"embeddable":true,"href":"https:\/\/agora.xtec.cat\/ceip-general-prim-reus\/wp-json\/wp\/v2\/categories\/5"}],"wp:post_type":[{"href":"https:\/\/agora.xtec.cat\/ceip-general-prim-reus\/wp-json\/wp\/v2\/posts?categories=2233"}],"curies":[{"name":"wp","href":"https:\/\/api.w.org\/{rel}","templated":true}]}}