{"id":3836,"date":"2020-11-03T14:22:45","date_gmt":"2020-11-03T13:22:45","guid":{"rendered":"http:\/\/agora.xtec.cat\/ceip-galceran-de-pinos\/?p=3836"},"modified":"2020-11-03T14:23:37","modified_gmt":"2020-11-03T13:23:37","slug":"reunions-pedagogiques-de-les-diferents-classes","status":"publish","type":"post","link":"https:\/\/agora.xtec.cat\/ceip-galceran-de-pinos\/infantil\/reunions-pedagogiques-de-les-diferents-classes\/","title":{"rendered":"Reunions pedag\u00f2giques de les diferents classes."},"content":{"rendered":"<p>Hola fam\u00edlies,<\/p>\n<p>Cada curs realitzar\u00e0 una reuni\u00f3 per parlar de temes pedag\u00f2gics i d&#8217;rganitzaci\u00f3 d&#8217;aula.<\/p>\n<p>Aqu\u00ed us deixem els diferents enlla\u00e7os de les reunions curs.<\/p>\n<p><strong>EI\u00b74 &#8211; Dimecres 4 de novembre a les 18:00 h.<\/strong><\/p>\n<p><a href=\"https:\/\/meet.google.com\/itw-fhhh-vkh\">https:\/\/meet.google.com\/itw-fhhh-vkh<\/a><\/p>\n<p><strong>EI\u00b75 &#8211; Dimecres 4 de novembre a les 18:00 h.<\/strong><\/p>\n<p><a href=\"https:\/\/meet.google.com\/mia-anbs-ozs\">https:\/\/meet.google.com\/mia-anbs-ozs<\/a><\/p>\n<p><strong>1r i 2n &#8211; Dijous 5 de novembre a les 18:00 h<\/strong>.<\/p>\n<p><a href=\"https:\/\/meet.google.com\/ead-pxia-qrr\" target=\"_blank\" rel=\"noopener noreferrer\">https:\/\/meet.google.com\/ead-pxia-qrr<\/a><\/p>\n<p><strong>3r i 4t- Dimecres 4 de novembre a les 21:00 h<\/strong><\/p>\n<p><a href=\"https:\/\/meet.google.com\/kaw-tkrs-qot?hs=122&amp;authuser=0\" target=\"_blank\" rel=\"noopener noreferrer\">https:\/\/meet.google.com\/kaw-tkrs-qot?hs=122&amp;authuser=0<\/a><\/p>\n<p><strong>5\u00e8 &#8211; Dimecres 11 de novembre a les 17:00<\/strong><\/p>\n<p><a href=\"https:\/\/meet.google.com\/pmf-xzhs-vnr\" target=\"_blank\" rel=\"noopener noreferrer\">https:\/\/meet.google.com\/pmf-xzhs-vnr<\/a><\/p>\n<p><strong>6\u00e8 &#8211; Dijous 5 de novembre a les 19:00 h<\/strong><\/p>\n<p><a href=\"https:\/\/meet.google.com\/qhw-nmor-sri\">https:\/\/meet.google.com\/qhw-nmor-sri<\/a><\/p>\n","protected":false},"excerpt":{"rendered":"<p>Hola fam\u00edlies, Cada curs realitzar\u00e0 una reuni\u00f3 per parlar de temes pedag\u00f2gics i d&#8217;rganitzaci\u00f3 d&#8217;aula. Aqu\u00ed us deixem els diferents enlla\u00e7os de les reunions curs. EI\u00b74 &#8211; Dimecres 4 de novembre a les 18:00 h. https:\/\/meet.google.com\/itw-fhhh-vkh EI\u00b75 &#8211; Dimecres 4 de novembre a les 18:00 h. https:\/\/meet.google.com\/mia-anbs-ozs 1r i 2n &#8211; Dijous 5 de novembre [&hellip;]<\/p>\n","protected":false},"author":3,"featured_media":0,"comment_status":"open","ping_status":"closed","sticky":false,"template":"","format":"standard","meta":{"_bbp_topic_count":0,"_bbp_reply_count":0,"_bbp_total_topic_count":0,"_bbp_total_reply_count":0,"_bbp_voice_count":0,"_bbp_anonymous_reply_count":0,"_bbp_topic_count_hidden":0,"_bbp_reply_count_hidden":0,"_bbp_forum_subforum_count":0,"site-sidebar-layout":"default","site-content-layout":"","ast-site-content-layout":"","site-content-style":"default","site-sidebar-style":"default","ast-global-header-display":"","ast-banner-title-visibility":"","ast-main-header-display":"","ast-hfb-above-header-display":"","ast-hfb-below-header-display":"","ast-hfb-mobile-header-display":"","site-post-title":"","ast-breadcrumbs-content":"","ast-featured-img":"","footer-sml-layout":"","theme-transparent-header-meta":"","adv-header-id-meta":"","stick-header-meta":"","header-above-stick-meta":"","header-main-stick-meta":"","header-below-stick-meta":"","astra-migrate-meta-layouts":"default","ast-page-background-enabled":"default","ast-page-background-meta":{"desktop":{"background-color":"var(--ast-global-color-4)","background-image":"","background-repeat":"repeat","background-position":"center center","background-size":"auto","background-attachment":"scroll","background-type":"","background-media":"","overlay-type":"","overlay-color":"","overlay-opacity":"","overlay-gradient":""},"tablet":{"background-color":"","background-image":"","background-repeat":"repeat","background-position":"center center","background-size":"auto","background-attachment":"scroll","background-type":"","background-media":"","overlay-type":"","overlay-color":"","overlay-opacity":"","overlay-gradient":""},"mobile":{"background-color":"","background-image":"","background-repeat":"repeat","background-position":"center center","background-size":"auto","background-attachment":"scroll","background-type":"","background-media":"","overlay-type":"","overlay-color":"","overlay-opacity":"","overlay-gradient":""}},"ast-content-background-meta":{"desktop":{"background-color":"var(--ast-global-color-5)","background-image":"","background-repeat":"repeat","background-position":"center center","background-size":"auto","background-attachment":"scroll","background-type":"","background-media":"","overlay-type":"","overlay-color":"","overlay-opacity":"","overlay-gradient":""},"tablet":{"background-color":"var(--ast-global-color-5)","background-image":"","background-repeat":"repeat","background-position":"center center","background-size":"auto","background-attachment":"scroll","background-type":"","background-media":"","overlay-type":"","overlay-color":"","overlay-opacity":"","overlay-gradient":""},"mobile":{"background-color":"var(--ast-global-color-5)","background-image":"","background-repeat":"repeat","background-position":"center center","background-size":"auto","background-attachment":"scroll","background-type":"","background-media":"","overlay-type":"","overlay-color":"","overlay-opacity":"","overlay-gradient":""}},"footnotes":""},"categories":[2,4,5],"tags":[],"class_list":["post-3836","post","type-post","status-publish","format-standard","hentry","category-infantil","category-portada","category-primaria"],"post_mailing_queue_ids":[],"_links":{"self":[{"href":"https:\/\/agora.xtec.cat\/ceip-galceran-de-pinos\/wp-json\/wp\/v2\/posts\/3836","targetHints":{"allow":["GET"]}}],"collection":[{"href":"https:\/\/agora.xtec.cat\/ceip-galceran-de-pinos\/wp-json\/wp\/v2\/posts"}],"about":[{"href":"https:\/\/agora.xtec.cat\/ceip-galceran-de-pinos\/wp-json\/wp\/v2\/types\/post"}],"author":[{"embeddable":true,"href":"https:\/\/agora.xtec.cat\/ceip-galceran-de-pinos\/wp-json\/wp\/v2\/users\/3"}],"replies":[{"embeddable":true,"href":"https:\/\/agora.xtec.cat\/ceip-galceran-de-pinos\/wp-json\/wp\/v2\/comments?post=3836"}],"version-history":[{"count":3,"href":"https:\/\/agora.xtec.cat\/ceip-galceran-de-pinos\/wp-json\/wp\/v2\/posts\/3836\/revisions"}],"predecessor-version":[{"id":3859,"href":"https:\/\/agora.xtec.cat\/ceip-galceran-de-pinos\/wp-json\/wp\/v2\/posts\/3836\/revisions\/3859"}],"wp:attachment":[{"href":"https:\/\/agora.xtec.cat\/ceip-galceran-de-pinos\/wp-json\/wp\/v2\/media?parent=3836"}],"wp:term":[{"taxonomy":"category","embeddable":true,"href":"https:\/\/agora.xtec.cat\/ceip-galceran-de-pinos\/wp-json\/wp\/v2\/categories?post=3836"},{"taxonomy":"post_tag","embeddable":true,"href":"https:\/\/agora.xtec.cat\/ceip-galceran-de-pinos\/wp-json\/wp\/v2\/tags?post=3836"}],"curies":[{"name":"wp","href":"https:\/\/api.w.org\/{rel}","templated":true}]}}