{"id":3374,"date":"2020-01-30T09:15:00","date_gmt":"2020-01-30T08:15:00","guid":{"rendered":"http:\/\/agora.xtec.cat\/ceip-galceran-de-pinos\/?p=3374"},"modified":"2020-01-30T09:15:32","modified_gmt":"2020-01-30T08:15:32","slug":"torneig-de-tennis-taula","status":"publish","type":"post","link":"https:\/\/agora.xtec.cat\/ceip-galceran-de-pinos\/primaria\/torneig-de-tennis-taula\/","title":{"rendered":"Torneig de Tennis taula"},"content":{"rendered":"<p>Bon dia,<\/p>\n<p>Des del Consell Esportiu us volem convidar a participar en el Primer Torneig de Tennis taula de la temporada.<\/p>\n<p><strong><u>INSCRIPCIONS\u00a0PER LA COMARCAL DE TENIS-TAULA<\/u><\/strong><strong>:<\/strong><\/p>\n<p>&nbsp;<\/p>\n<p><a href=\"https:\/\/docs.google.com\/forms\/d\/1gZ9jfXH0oTqQBV1tyZGWIUMQVzcDyVGkbtqDxL4I7QY\/edit\" data-saferedirecturl=\"https:\/\/www.google.com\/url?q=https:\/\/docs.google.com\/forms\/d\/1gZ9jfXH0oTqQBV1tyZGWIUMQVzcDyVGkbtqDxL4I7QY\/edit&amp;source=gmail&amp;ust=1580457836376000&amp;usg=AFQjCNHFNh76axU9geJWoYCPzfay-LLN7Q\">https:\/\/docs.google.com\/forms\/d\/1gZ9jfXH0oTqQBV1tyZGWIUMQVzcDyVGkbtqDxL4I7QY\/edit<\/a><\/p>\n<p>&nbsp;<\/p>\n<p>El divendres 07 de Febrer al local del Club Tenis taula Bag\u00e0 tindr\u00e0 lloc la I Trobada\/Torneig Comarcal competitiva de Tennis-taula (categories convocades: secund\u00e0ria i prim\u00e0ria).<\/p>\n<p>L&#8217;inici de la competici\u00f3 ser\u00e0 a les 16:00\u202fh secund\u00e0ria i a les 17.30 Prim\u00e0ria<\/p>\n<p>Aquest curs els nens i nenes es podran classificar per anar a la Territorial i Final nacional.<br \/>\nPer poder participar en totes les activitats \u00e9s indispensable tenir la llic\u00e8ncia de temporada del Consell Esportiu, la qual nom\u00e9s es pagar\u00e0 una \u00fanica vegada per temporada. Si no disposeu de la llic\u00e8ncia cal portar la targeta sanit\u00e0ria i us la tramitarem al mateix moment (6\u202f\u20ac anuals).<\/p>\n<p>Moltes gr\u00e0cies.<\/p>\n<p>Cristina Sol\u00e0<\/p>\n<p>Secretaria t\u00e8cnica<\/p>\n<p>Consell Esportiu del Bergued\u00e0<\/p>\n<p><a href=\"http:\/\/www.cebergueda@ucec.cat\/\" data-saferedirecturl=\"https:\/\/www.google.com\/url?q=http:\/\/www.cebergueda@ucec.cat\/&amp;source=gmail&amp;ust=1580457836376000&amp;usg=AFQjCNFXQt2YjX28FwCd6Wa9GXrhLz6gHA\">www.cebergueda@ucec.cat<\/a><\/p>\n<p><a href=\"mailto:cebergueda@ucec.cat\">cebergueda@ucec.cat<\/a><\/p>\n<p>&nbsp;<\/p>\n<p>&nbsp;<\/p>\n","protected":false},"excerpt":{"rendered":"<p>Bon dia, Des del Consell Esportiu us volem convidar a participar en el Primer Torneig de Tennis taula de la temporada. INSCRIPCIONS\u00a0PER LA COMARCAL DE TENIS-TAULA: &nbsp; https:\/\/docs.google.com\/forms\/d\/1gZ9jfXH0oTqQBV1tyZGWIUMQVzcDyVGkbtqDxL4I7QY\/edit &nbsp; El divendres 07 de Febrer al local del Club Tenis taula Bag\u00e0 tindr\u00e0 lloc la I Trobada\/Torneig Comarcal competitiva de Tennis-taula (categories convocades: secund\u00e0ria i prim\u00e0ria). [&hellip;]<\/p>\n","protected":false},"author":6,"featured_media":0,"comment_status":"open","ping_status":"closed","sticky":false,"template":"","format":"standard","meta":{"_bbp_topic_count":0,"_bbp_reply_count":0,"_bbp_total_topic_count":0,"_bbp_total_reply_count":0,"_bbp_voice_count":0,"_bbp_anonymous_reply_count":0,"_bbp_topic_count_hidden":0,"_bbp_reply_count_hidden":0,"_bbp_forum_subforum_count":0,"site-sidebar-layout":"default","site-content-layout":"","ast-site-content-layout":"","site-content-style":"default","site-sidebar-style":"default","ast-global-header-display":"","ast-banner-title-visibility":"","ast-main-header-display":"","ast-hfb-above-header-display":"","ast-hfb-below-header-display":"","ast-hfb-mobile-header-display":"","site-post-title":"","ast-breadcrumbs-content":"","ast-featured-img":"","footer-sml-layout":"","theme-transparent-header-meta":"","adv-header-id-meta":"","stick-header-meta":"","header-above-stick-meta":"","header-main-stick-meta":"","header-below-stick-meta":"","astra-migrate-meta-layouts":"default","ast-page-background-enabled":"default","ast-page-background-meta":{"desktop":{"background-color":"var(--ast-global-color-4)","background-image":"","background-repeat":"repeat","background-position":"center center","background-size":"auto","background-attachment":"scroll","background-type":"","background-media":"","overlay-type":"","overlay-color":"","overlay-opacity":"","overlay-gradient":""},"tablet":{"background-color":"","background-image":"","background-repeat":"repeat","background-position":"center center","background-size":"auto","background-attachment":"scroll","background-type":"","background-media":"","overlay-type":"","overlay-color":"","overlay-opacity":"","overlay-gradient":""},"mobile":{"background-color":"","background-image":"","background-repeat":"repeat","background-position":"center center","background-size":"auto","background-attachment":"scroll","background-type":"","background-media":"","overlay-type":"","overlay-color":"","overlay-opacity":"","overlay-gradient":""}},"ast-content-background-meta":{"desktop":{"background-color":"var(--ast-global-color-5)","background-image":"","background-repeat":"repeat","background-position":"center center","background-size":"auto","background-attachment":"scroll","background-type":"","background-media":"","overlay-type":"","overlay-color":"","overlay-opacity":"","overlay-gradient":""},"tablet":{"background-color":"var(--ast-global-color-5)","background-image":"","background-repeat":"repeat","background-position":"center center","background-size":"auto","background-attachment":"scroll","background-type":"","background-media":"","overlay-type":"","overlay-color":"","overlay-opacity":"","overlay-gradient":""},"mobile":{"background-color":"var(--ast-global-color-5)","background-image":"","background-repeat":"repeat","background-position":"center center","background-size":"auto","background-attachment":"scroll","background-type":"","background-media":"","overlay-type":"","overlay-color":"","overlay-opacity":"","overlay-gradient":""}},"footnotes":""},"categories":[61,5],"tags":[],"class_list":["post-3374","post","type-post","status-publish","format-standard","hentry","category-ed-fisica","category-primaria"],"post_mailing_queue_ids":[],"_links":{"self":[{"href":"https:\/\/agora.xtec.cat\/ceip-galceran-de-pinos\/wp-json\/wp\/v2\/posts\/3374","targetHints":{"allow":["GET"]}}],"collection":[{"href":"https:\/\/agora.xtec.cat\/ceip-galceran-de-pinos\/wp-json\/wp\/v2\/posts"}],"about":[{"href":"https:\/\/agora.xtec.cat\/ceip-galceran-de-pinos\/wp-json\/wp\/v2\/types\/post"}],"author":[{"embeddable":true,"href":"https:\/\/agora.xtec.cat\/ceip-galceran-de-pinos\/wp-json\/wp\/v2\/users\/6"}],"replies":[{"embeddable":true,"href":"https:\/\/agora.xtec.cat\/ceip-galceran-de-pinos\/wp-json\/wp\/v2\/comments?post=3374"}],"version-history":[{"count":1,"href":"https:\/\/agora.xtec.cat\/ceip-galceran-de-pinos\/wp-json\/wp\/v2\/posts\/3374\/revisions"}],"predecessor-version":[{"id":3375,"href":"https:\/\/agora.xtec.cat\/ceip-galceran-de-pinos\/wp-json\/wp\/v2\/posts\/3374\/revisions\/3375"}],"wp:attachment":[{"href":"https:\/\/agora.xtec.cat\/ceip-galceran-de-pinos\/wp-json\/wp\/v2\/media?parent=3374"}],"wp:term":[{"taxonomy":"category","embeddable":true,"href":"https:\/\/agora.xtec.cat\/ceip-galceran-de-pinos\/wp-json\/wp\/v2\/categories?post=3374"},{"taxonomy":"post_tag","embeddable":true,"href":"https:\/\/agora.xtec.cat\/ceip-galceran-de-pinos\/wp-json\/wp\/v2\/tags?post=3374"}],"curies":[{"name":"wp","href":"https:\/\/api.w.org\/{rel}","templated":true}]}}