{"id":3314,"date":"2020-01-09T09:35:23","date_gmt":"2020-01-09T08:35:23","guid":{"rendered":"http:\/\/agora.xtec.cat\/ceip-galceran-de-pinos\/?p=3314"},"modified":"2020-01-10T09:15:21","modified_gmt":"2020-01-10T08:15:21","slug":"ii-campionat-bergueda-de-cros","status":"publish","type":"post","link":"https:\/\/agora.xtec.cat\/ceip-galceran-de-pinos\/primaria\/ii-campionat-bergueda-de-cros\/","title":{"rendered":"II Campionat Bergued\u00e0 de cros"},"content":{"rendered":"<p>&nbsp;<\/p>\n<p style=\"font-weight: 400;\"><em>Bon dia,<\/em><\/p>\n<p style=\"font-weight: 400;\"><em>Us convidem a participar al II Campionat Bergued\u00e0 de Cros, el dia 12 de gener al llac petit de\u00a0 Graug\u00e9s (Avi\u00e0), acte que clour\u00e0 la temporada de crossos escolars de la temporada.<\/em><\/p>\n<p style=\"font-weight: 400;\"><em>Un cros obert a totes les categories: Escolar, Absolut, Open i Veter\u00e0, prova pr\u00e8via a la Final Nacional del dia 8 de mar\u00e7 a la comarca de l\u2019Alt Pened\u00e8s.<\/em><\/p>\n<p style=\"font-weight: 400;\"><em>\u00a0<\/em><\/p>\n<p style=\"font-weight: 400;\"><strong><em>Horari: Entrega de dorsals a les 9:30 i a les 10:30 inici de curses.<\/em><\/strong><\/p>\n<p style=\"font-weight: 400;\"><em>Tots els participants, rebran una aigua i una medalla.<\/em><\/p>\n<p style=\"font-weight: 400;\"><em>En aquest cros us tramitarem el mateix dia la llic\u00e8ncia (cal portar la tarja sanit\u00e0ria i\u00a0<strong>7\u20ac).<\/strong>\u00a0Per poder participar en totes les activitats \u00e9s indispensable tenir la llic\u00e8ncia de temporada del consell esportiu, la qual nom\u00e9s es pagar\u00e0 una \u00fanica vegada per temporada.<\/em><\/p>\n<p style=\"font-weight: 400;\"><em>Al marge d\u2019aix\u00f2, es cobrar\u00e0\u00a0<strong>1\u20ac<\/strong>\u00a0per el dorsal.<\/em><\/p>\n<p style=\"font-weight: 400;\">INSCRIPCIONS ESCOLARS:<\/p>\n<p style=\"font-weight: 400;\"><a href=\"https:\/\/docs.google.com\/forms\/d\/e\/1FAIpQLSd4frA25oekP3drtKi3EY1kUAED2-E6_HlXBSHhG0cvZwXuXg\/viewform?vc=0&amp;c=0&amp;w=1\" data-saferedirecturl=\"https:\/\/www.google.com\/url?q=https:\/\/docs.google.com\/forms\/d\/e\/1FAIpQLSd4frA25oekP3drtKi3EY1kUAED2-E6_HlXBSHhG0cvZwXuXg\/viewform?vc%3D0%26c%3D0%26w%3D1&amp;source=gmail&amp;ust=1578644833082000&amp;usg=AFQjCNHgvlvDIeBk3c6IN3eZuiD8c2DsMg\">https:\/\/docs.google.com\/forms\/d\/e\/1FAIpQLSd4frA25oekP3drtKi3EY1kUAED2-E6_HlXBSHhG0cvZwXuXg\/viewform?vc=0&amp;c=0&amp;w=1<\/a><\/p>\n<p style=\"font-weight: 400;\">INSCRIPCIONS ADULTS:<\/p>\n<p style=\"font-weight: 400;\"><a href=\"https:\/\/www.jaberga.com\/crosbergueda\" data-saferedirecturl=\"https:\/\/www.google.com\/url?q=https:\/\/www.jaberga.com\/crosbergueda&amp;source=gmail&amp;ust=1578644833083000&amp;usg=AFQjCNE7MfYlxO-hu2hkVYSg7woorxSS5Q\">https:\/\/www.jaberga.com\/crosbergueda<\/a><\/p>\n<p style=\"font-weight: 400;\"><em>Les properes activitats esportives que realitzarem i en les quals els participants poden gaudir d\u2019aquesta quota son:<\/em><\/p>\n<p style=\"font-weight: 400;\"><em>\u00a0<\/em><\/p>\n<ul>\n<li style=\"font-weight: 400;\"><em>Lligues de F7<\/em><\/li>\n<li style=\"font-weight: 400;\"><em>Pedalades<\/em><em>:<\/em><em>\u00a0caldr\u00e0 abonar uns 3\u20ac en col\u00b7laboraci\u00f3 amb les AMPA\u00b4s<\/em><\/li>\n<li style=\"font-weight: 400;\"><em>Curses d\u2019orientaci\u00f3<\/em><\/li>\n<li style=\"font-weight: 400;\"><em>Tennis taula<\/em><\/li>\n<li style=\"font-weight: 400;\"><em>Trobades d\u2019Escacs<\/em><\/li>\n<li style=\"font-weight: 400;\"><em>Trobades de Volei<\/em><\/li>\n<li style=\"font-weight: 400;\"><em>Cursa de Sant Silvestre<\/em><\/li>\n<li style=\"font-weight: 400;\"><em>Urban Kids de Berga<\/em><\/li>\n<li style=\"font-weight: 400;\"><em>Esport Blanc escolar (alumnes de 3er i 4rt de prim\u00e0ria)<\/em><\/li>\n<li style=\"font-weight: 400;\"><em>Etc,<\/em><\/li>\n<\/ul>\n<p style=\"font-weight: 400;\"><em>Salutacions,<\/em><\/p>\n<p style=\"font-weight: 400;\"><em>CONSELL ESPORTIU DEL BERGUED\u00c0<\/em><\/p>\n<p style=\"font-weight: 400;\"><a href=\"http:\/\/www.cebergueda.cat\/\" data-saferedirecturl=\"https:\/\/www.google.com\/url?q=http:\/\/www.cebergueda.cat\/&amp;source=gmail&amp;ust=1578644833083000&amp;usg=AFQjCNGE-ptJfzs5VYEVaERCgR-cBqvukQ\">http:\/\/www.cebergueda.cat\/<\/a><\/p>\n<p style=\"font-weight: 400;\"><a href=\"mailto:cebergueda@ucec.cat\">cebergueda@ucec.cat<\/a><\/p>\n<p style=\"font-weight: 400;\">93.822.21.27\/\/ 609959008<\/p>\n<p>&nbsp;<\/p>\n<p>&nbsp;<\/p>\n","protected":false},"excerpt":{"rendered":"<p>&nbsp; Bon dia, Us convidem a participar al II Campionat Bergued\u00e0 de Cros, el dia 12 de gener al llac petit de\u00a0 Graug\u00e9s (Avi\u00e0), acte que clour\u00e0 la temporada de crossos escolars de la temporada. Un cros obert a totes les categories: Escolar, Absolut, Open i Veter\u00e0, prova pr\u00e8via a la Final Nacional del dia [&hellip;]<\/p>\n","protected":false},"author":6,"featured_media":0,"comment_status":"open","ping_status":"closed","sticky":false,"template":"","format":"standard","meta":{"_bbp_topic_count":0,"_bbp_reply_count":0,"_bbp_total_topic_count":0,"_bbp_total_reply_count":0,"_bbp_voice_count":0,"_bbp_anonymous_reply_count":0,"_bbp_topic_count_hidden":0,"_bbp_reply_count_hidden":0,"_bbp_forum_subforum_count":0,"site-sidebar-layout":"default","site-content-layout":"","ast-site-content-layout":"","site-content-style":"default","site-sidebar-style":"default","ast-global-header-display":"","ast-banner-title-visibility":"","ast-main-header-display":"","ast-hfb-above-header-display":"","ast-hfb-below-header-display":"","ast-hfb-mobile-header-display":"","site-post-title":"","ast-breadcrumbs-content":"","ast-featured-img":"","footer-sml-layout":"","theme-transparent-header-meta":"","adv-header-id-meta":"","stick-header-meta":"","header-above-stick-meta":"","header-main-stick-meta":"","header-below-stick-meta":"","astra-migrate-meta-layouts":"default","ast-page-background-enabled":"default","ast-page-background-meta":{"desktop":{"background-color":"var(--ast-global-color-4)","background-image":"","background-repeat":"repeat","background-position":"center center","background-size":"auto","background-attachment":"scroll","background-type":"","background-media":"","overlay-type":"","overlay-color":"","overlay-opacity":"","overlay-gradient":""},"tablet":{"background-color":"","background-image":"","background-repeat":"repeat","background-position":"center center","background-size":"auto","background-attachment":"scroll","background-type":"","background-media":"","overlay-type":"","overlay-color":"","overlay-opacity":"","overlay-gradient":""},"mobile":{"background-color":"","background-image":"","background-repeat":"repeat","background-position":"center center","background-size":"auto","background-attachment":"scroll","background-type":"","background-media":"","overlay-type":"","overlay-color":"","overlay-opacity":"","overlay-gradient":""}},"ast-content-background-meta":{"desktop":{"background-color":"var(--ast-global-color-5)","background-image":"","background-repeat":"repeat","background-position":"center center","background-size":"auto","background-attachment":"scroll","background-type":"","background-media":"","overlay-type":"","overlay-color":"","overlay-opacity":"","overlay-gradient":""},"tablet":{"background-color":"var(--ast-global-color-5)","background-image":"","background-repeat":"repeat","background-position":"center center","background-size":"auto","background-attachment":"scroll","background-type":"","background-media":"","overlay-type":"","overlay-color":"","overlay-opacity":"","overlay-gradient":""},"mobile":{"background-color":"var(--ast-global-color-5)","background-image":"","background-repeat":"repeat","background-position":"center center","background-size":"auto","background-attachment":"scroll","background-type":"","background-media":"","overlay-type":"","overlay-color":"","overlay-opacity":"","overlay-gradient":""}},"footnotes":""},"categories":[61,5],"tags":[],"class_list":["post-3314","post","type-post","status-publish","format-standard","hentry","category-ed-fisica","category-primaria"],"post_mailing_queue_ids":[],"_links":{"self":[{"href":"https:\/\/agora.xtec.cat\/ceip-galceran-de-pinos\/wp-json\/wp\/v2\/posts\/3314","targetHints":{"allow":["GET"]}}],"collection":[{"href":"https:\/\/agora.xtec.cat\/ceip-galceran-de-pinos\/wp-json\/wp\/v2\/posts"}],"about":[{"href":"https:\/\/agora.xtec.cat\/ceip-galceran-de-pinos\/wp-json\/wp\/v2\/types\/post"}],"author":[{"embeddable":true,"href":"https:\/\/agora.xtec.cat\/ceip-galceran-de-pinos\/wp-json\/wp\/v2\/users\/6"}],"replies":[{"embeddable":true,"href":"https:\/\/agora.xtec.cat\/ceip-galceran-de-pinos\/wp-json\/wp\/v2\/comments?post=3314"}],"version-history":[{"count":1,"href":"https:\/\/agora.xtec.cat\/ceip-galceran-de-pinos\/wp-json\/wp\/v2\/posts\/3314\/revisions"}],"predecessor-version":[{"id":3315,"href":"https:\/\/agora.xtec.cat\/ceip-galceran-de-pinos\/wp-json\/wp\/v2\/posts\/3314\/revisions\/3315"}],"wp:attachment":[{"href":"https:\/\/agora.xtec.cat\/ceip-galceran-de-pinos\/wp-json\/wp\/v2\/media?parent=3314"}],"wp:term":[{"taxonomy":"category","embeddable":true,"href":"https:\/\/agora.xtec.cat\/ceip-galceran-de-pinos\/wp-json\/wp\/v2\/categories?post=3314"},{"taxonomy":"post_tag","embeddable":true,"href":"https:\/\/agora.xtec.cat\/ceip-galceran-de-pinos\/wp-json\/wp\/v2\/tags?post=3314"}],"curies":[{"name":"wp","href":"https:\/\/api.w.org\/{rel}","templated":true}]}}